{"id":19253830,"date":"2017-03-28T02:24:43","date_gmt":"2017-03-28T02:24:43","guid":{"rendered":"https:\/\/www.upo.es\/diario\/?p=19253830"},"modified":"2017-03-29T13:16:06","modified_gmt":"2017-03-29T13:16:06","slug":"manana-comienzan-las-vi-jornadas-culturales-mujeres-y-desarrollo-local-del-aula-abierta-de-mayores-de-la-upo","status":"publish","type":"post","link":"https:\/\/www.upo.es\/diario\/institucional\/2017\/03\/manana-comienzan-las-vi-jornadas-culturales-mujeres-y-desarrollo-local-del-aula-abierta-de-mayores-de-la-upo\/","title":{"rendered":"Comienzan las VI Jornadas Culturales \u2018Mujeres y Desarrollo Local\u2019, del Aula Abierta de Mayores de la UPO"},"content":{"rendered":"<figure id=\"attachment_19302177\" aria-describedby=\"caption-attachment-19302177\" style=\"width: 600px\" class=\"wp-caption aligncenter\"><a href=\"https:\/\/www.upo.es\/diario\/wp-content\/uploads\/2017\/03\/Jorn-Mujeres-Des-Local-AAM_2017_03_29.jpg\"><img loading=\"lazy\" decoding=\"async\" class=\"size-large wp-image-19302177\" alt=\"Jornadas 'Mujeres y Desarrollo Local' en el Paraninfo\" src=\"https:\/\/www.upo.es\/diario\/wp-content\/uploads\/2017\/03\/Jorn-Mujeres-Des-Local-AAM_2017_03_29-600x400.jpg\" width=\"600\" height=\"400\" srcset=\"https:\/\/www.upo.es\/diario\/wp-content\/uploads\/2017\/03\/Jorn-Mujeres-Des-Local-AAM_2017_03_29-600x400.jpg 600w, https:\/\/www.upo.es\/diario\/wp-content\/uploads\/2017\/03\/Jorn-Mujeres-Des-Local-AAM_2017_03_29-320x213.jpg 320w\" sizes=\"auto, (max-width: 600px) 100vw, 600px\" \/><\/a><figcaption id=\"caption-attachment-19302177\" class=\"wp-caption-text\">Jornadas &#8216;Mujeres y Desarrollo Local&#8217; en el Paraninfo<\/figcaption><\/figure>\n<p>Hoy han dado comienzo,<strong>\u00a0en el Paraninfo de la Universidad Pablo de Olavide<\/strong>, \u00a0las <b>VI Jornadas Culturales \u201cMujeres y Desarrollo Local\u201d<\/b>, un encuentro que reunir\u00e1 a lo largo de tres d\u00edas a los 790 estudiantes de las 17 sedes del Aula Abierta de Mayores de esta universidad.<\/p>\n<p>Las jornadas,<strong> enmarcadas dentro del \u201cPrograma de Envejecimiento Activo y Solidaridad Intergeneracional\u201d, han sido inauguradas por Roc\u00edo C\u00e1rdenas Rodr\u00edguez<\/strong>, directora general de Programaci\u00f3n Cultural y Social de esta universidad.<\/p>\n<p><a href=\"https:\/\/www.upo.es\/diario\/wp-content\/uploads\/2017\/03\/Jorn-Mujeres-Des-Local.jpg\"><img loading=\"lazy\" decoding=\"async\" class=\"alignright size-medium wp-image-19277977\" alt=\"Jorn-Mujeres-Des-Local\" src=\"https:\/\/www.upo.es\/diario\/wp-content\/uploads\/2017\/03\/Jorn-Mujeres-Des-Local-190x320.jpg\" width=\"190\" height=\"320\" srcset=\"https:\/\/www.upo.es\/diario\/wp-content\/uploads\/2017\/03\/Jorn-Mujeres-Des-Local-190x320.jpg 190w, https:\/\/www.upo.es\/diario\/wp-content\/uploads\/2017\/03\/Jorn-Mujeres-Des-Local-357x600.jpg 357w, https:\/\/www.upo.es\/diario\/wp-content\/uploads\/2017\/03\/Jorn-Mujeres-Des-Local.jpg 383w\" sizes=\"auto, (max-width: 190px) 100vw, 190px\" \/><\/a>Se trata de unas jornadas con una metodolog\u00eda activa y participativa que se estructura en dos partes: en horario de ma\u00f1ana se trabaja la transferencia e intercambio de experiencias por parte del alumnado, donde cada sede del programa dispone de un espacio para la presentaci\u00f3n de exposiciones en torno a la tem\u00e1tica de las jornadas, y en horario de tarde, se desarrollan acciones de tipo cultural y de convivencia. As\u00ed, esta actividad, que se desarrolla los d\u00edas 28, 29 y 30 de marzo, contar\u00e1 con la participaci\u00f3n de las personas mayores de Alcal\u00e1 de Guadaira, Aznalc\u00f3llar, Bormujos, Castilleja de la Cuesta, Gerena, Gilena, Gines, Herrera, La Puebla de Cazalla, La Puebla del R\u00edo, Lebrija, Mairena del Alcor, Pilas, Pedrera, Salteras, Santiponce y Tomares.<\/p>\n<p>El martes por la ma\u00f1ana intervendr\u00e1 el alumnado de Bormujos, Gilena, Gines, Mairena del Alcor y Pedrera, mientras que por la tarde, a las 16:30 horas, la Orquesta Barroca \u201cCrist\u00f3bal de Morales\u201d ofrecer\u00e1 el concierto \u00abLe Bourgeois Gentilhomme, 1670\u00bb.<\/p>\n<p>El mi\u00e9rcoles por la ma\u00f1ana intervendr\u00e1n el alumnado de Alcal\u00e1 de Guada\u00edra, La Puebla de Cazalla, Herrera, La Puebla del R\u00edo, Gerena y Aznalc\u00f3llar, mientras que el jueves ser\u00e1 el turno del alumnado de Castilleja de la Cuesta, Tomares, Santiponce, Lebrija, Salteras y Pilas. Respecto a las actividades que se desarrollar\u00e1n por la tarde, la Pe\u00f1a Sentir Flamenco de la UPO ofrecer\u00e1 el mi\u00e9rcoles a las 16:30 horas el espect\u00e1culo \u201cEl flamenco, patrimonio cultural de Andaluc\u00eda: Elogio de la impureza\u201d, que contar\u00e1 con la participaci\u00f3n de Laura Marchal al cante, Kaveh Nassehi al toque, Torombo y su escuela al baile, y Fernando C. Ruiz Morales como orador. Por otro lado, la compa\u00f1\u00eda de teatro \u201cLas Ib\u00e9ricas C\u00eda\u201d ofrecer\u00e1 el jueves a las 16:30 horas la representaci\u00f3n \u201cProducto Ib\u00e9rico Bruto. Tu pograma de televisi\u00f3n\u201d.<\/p>\n<p>El Aula Abierta de Mayores de la <a href=\"http:\/\/www.upo.es\/portal\/impe\/web\/portada\">Universidad Pablo de Olavide<\/a> es un programa de intervenci\u00f3n socioeducativa para fomentar el acceso a la formaci\u00f3n permanente de las personas mayores de 50 a\u00f1os, para el que no se necesita titulaci\u00f3n previa. Las instituciones que colaboran, adem\u00e1s de la propia <a href=\"http:\/\/www.upo.es\/portal\/impe\/web\/portada\">Universidad Pablo de Olavide<\/a> y son la <a href=\"http:\/\/www.juntadeandalucia.es\/organismos\/igualdadsaludypoliticassociales.html\">Consejer\u00eda de Igualdad y Pol\u00edticas Sociales de la Junta de Andaluc\u00eda<\/a>, la <a href=\"http:\/\/www.dipusevilla.es\/\">Diputaci\u00f3n de Sevilla<\/a>, <a href=\"https:\/\/obrasociallacaixa.org\/es\/\">Obra Social \u201cLa Caixa\u201d<\/a>, y los distintos ayuntamientos donde tiene lugar dicho programa.<\/p>\n<p><b>&gt;\u00a0<a href=\"https:\/\/www.upo.es\/aula-mayores\/export\/sites\/aula_abierta_mayores\/documentos\/2016-17\/2017_aam_jornadas_triptico.pdf\">Programa de las VI Jornadas Culturales \u201cMujeres y Desarrollo Local\u201d<\/a><\/b><\/p>\n","protected":false},"excerpt":{"rendered":"<p>Se trata de unas jornadas con una metodolog\u00eda activa y participativa que se estructura en dos partes: en horario de ma\u00f1ana se trabaja la transferencia e intercambio de experiencias por parte del alumnado, donde cada sede del programa dispone de un espacio para la presentaci\u00f3n de exposiciones en torno a la tem\u00e1tica de las jornadas, y en horario de tarde, se desarrollan acciones de tipo cultural y de convivencia. <\/p>\n","protected":false},"author":6,"featured_media":0,"comment_status":"closed","ping_status":"open","sticky":false,"template":"","format":"standard","meta":{"_monsterinsights_skip_tracking":false,"_monsterinsights_sitenote_active":false,"_monsterinsights_sitenote_note":"","_monsterinsights_sitenote_category":0,"footnotes":""},"categories":[6],"tags":[52,2859,84,53,2052,2667],"class_list":["post-19253830","post","type-post","status-publish","format-standard","hentry","category-institucional","tag-aula-abierta-de-mayores","tag-envejecimiento-activo","tag-jornadas","tag-mayores","tag-municipios","tag-vicerrectorado-de-cultura-y-compromiso-social"],"_links":{"self":[{"href":"https:\/\/www.upo.es\/diario\/wp-json\/wp\/v2\/posts\/19253830","targetHints":{"allow":["GET"]}}],"collection":[{"href":"https:\/\/www.upo.es\/diario\/wp-json\/wp\/v2\/posts"}],"about":[{"href":"https:\/\/www.upo.es\/diario\/wp-json\/wp\/v2\/types\/post"}],"author":[{"embeddable":true,"href":"https:\/\/www.upo.es\/diario\/wp-json\/wp\/v2\/users\/6"}],"replies":[{"embeddable":true,"href":"https:\/\/www.upo.es\/diario\/wp-json\/wp\/v2\/comments?post=19253830"}],"version-history":[{"count":5,"href":"https:\/\/www.upo.es\/diario\/wp-json\/wp\/v2\/posts\/19253830\/revisions"}],"predecessor-version":[{"id":19271176,"href":"https:\/\/www.upo.es\/diario\/wp-json\/wp\/v2\/posts\/19253830\/revisions\/19271176"}],"wp:attachment":[{"href":"https:\/\/www.upo.es\/diario\/wp-json\/wp\/v2\/media?parent=19253830"}],"wp:term":[{"taxonomy":"category","embeddable":true,"href":"https:\/\/www.upo.es\/diario\/wp-json\/wp\/v2\/categories?post=19253830"},{"taxonomy":"post_tag","embeddable":true,"href":"https:\/\/www.upo.es\/diario\/wp-json\/wp\/v2\/tags?post=19253830"}],"curies":[{"name":"wp","href":"https:\/\/api.w.org\/{rel}","templated":true}]}}