{"id":19462341,"date":"2017-04-06T00:56:02","date_gmt":"2017-04-06T00:56:02","guid":{"rendered":"https:\/\/www.upo.es\/diario\/?p=19462341"},"modified":"2017-04-07T06:07:19","modified_gmt":"2017-04-07T06:07:19","slug":"manana-conferencia-sobre-la-representacion-de-simon-bolivar-en-colombia-durante-el-siglo-xix","status":"publish","type":"post","link":"https:\/\/www.upo.es\/diario\/cultura\/2017\/04\/manana-conferencia-sobre-la-representacion-de-simon-bolivar-en-colombia-durante-el-siglo-xix\/","title":{"rendered":"La UPO acoge una conferencia sobre la representaci\u00f3n de Sim\u00f3n Bol\u00edvar en Colombia durante el siglo XIX"},"content":{"rendered":"<p><span style=\"text-decoration: underline;\"><a href=\"https:\/\/www.upo.es\/diario\/wp-content\/uploads\/2017\/04\/portada_centroamerica.jpg\"><img loading=\"lazy\" decoding=\"async\" class=\"alignright size-medium wp-image-19462342\" alt=\"portada_centroamerica\" src=\"https:\/\/www.upo.es\/diario\/wp-content\/uploads\/2017\/04\/portada_centroamerica-226x320.jpg\" width=\"226\" height=\"320\" srcset=\"https:\/\/www.upo.es\/diario\/wp-content\/uploads\/2017\/04\/portada_centroamerica-226x320.jpg 226w, https:\/\/www.upo.es\/diario\/wp-content\/uploads\/2017\/04\/portada_centroamerica-424x600.jpg 424w, https:\/\/www.upo.es\/diario\/wp-content\/uploads\/2017\/04\/portada_centroamerica-600x847.jpg 600w, https:\/\/www.upo.es\/diario\/wp-content\/uploads\/2017\/04\/portada_centroamerica.jpg 725w\" sizes=\"auto, (max-width: 226px) 100vw, 226px\" \/><\/a>El jueves 6 de abril, a las 18:00 horas en la sala de juntas del edificio 10 de la Universidad Pablo de Olavide<\/span>, \u00a0el profesor de la Universidad Aut\u00f3noma de Barranquilla Jairo A. Berm\u00fadez Castillo, impartir\u00e1 la conferencia <strong>\u201cLa representaci\u00f3n del padre de la naci\u00f3n en Colombia durante el siglo XIX\u201d<\/strong>, en la que abordar\u00e1 el binomio pol\u00edtica y patrimonio cultural tomando como referencia la figura de Sim\u00f3n Bol\u00edvar. Juan Marchena Fern\u00e1ndez, catedr\u00e1tico de Historia de Am\u00e9rica \u00a0de la UPO, presentar\u00e1 al conferenciante.<\/p>\n<p>Dicha actividad forma parte de los encuentros organizados por \u201cAcervos. Patrimonio Cultural Iberoamericano\u201d, del \u00c1rea de Historia del Arte de la UPO, para debatir sobre materias diversas que se relacionan tanto con el arte como con el patrimonio cultural en Espa\u00f1a y Am\u00e9rica. Esta actividad cuenta con la colaboraci\u00f3n del Doctorado en Historia y Estudios Human\u00edsticos. Europa, Am\u00e9rica, Arte y Lenguas de esta universidad.<\/p>\n<p>Tras la conferencia, se presentar\u00e1 el \u00faltimo libro de la colecci\u00f3n Acervos, que lleva por t\u00edtulo <strong>\u201cCentroam\u00e9rica, Identidad y Patrimonio Cultural\u201d<\/strong>. Editado por el investigador de la Universidad Pablo de Olavide Juan Ram\u00f3n Rodr\u00edguez Mateo, este libro recoge las actas del I Simposio Internacional \u201cCentroam\u00e9rica Patrimonio Vivo\u201d, celebrado en Sevilla en noviembre del a\u00f1o 2015.<\/p>\n<p>Este es el tercer libro de esta colecci\u00f3n digital, que ya ha publicado \u201cAbya Yala Wawgeykuna. Artes Saberes y vivencias de ind\u00edgenas iberoamericanos\u201d, editado por Beatriz Carrera Maldonado, investigadora del Instituto Zacatecano de Cultura \u201cRam\u00f3n L\u00f3pez Velarde\u201d, y Zara Ruiz Romero, profesora de la UPO. El segundo libro se titula \u201cCentroam\u00e9rica, patrimonio vivo\u201d, una publicaci\u00f3n editada por el profesor de Historia del Arte de la UPO Fernando Quiles y por la arquitecta hondure\u00f1a Karina Mej\u00eda que re\u00fane un conjunto de estudios realizados sobre los siete pa\u00edses centroamericanos que atesoran en su conjunto unos bienes art\u00edsticos y culturales de incalculable valor.<\/p>\n","protected":false},"excerpt":{"rendered":"<p>El jueves 6 de abril, a las 18:00 horas en la sala de juntas del edificio 10 de la Universidad Pablo de Olavide,  el profesor de la Universidad Aut\u00f3noma de Barranquilla Jairo A. Berm\u00fadez Castillo, impartir\u00e1 la conferencia \u201cLa representaci\u00f3n del padre de la naci\u00f3n en Colombia durante el siglo XIX\u201d, en la que abordar\u00e1 el binomio pol\u00edtica y patrimonio cultural tomando como referencia la figura de Sim\u00f3n Bol\u00edvar. <\/p>\n","protected":false},"author":2,"featured_media":0,"comment_status":"closed","ping_status":"open","sticky":false,"template":"","format":"standard","meta":{"_monsterinsights_skip_tracking":false,"_monsterinsights_sitenote_active":false,"_monsterinsights_sitenote_note":"","_monsterinsights_sitenote_category":0,"footnotes":""},"categories":[7],"tags":[3992,269,2338,5834,259,129,76],"class_list":["post-19462341","post","type-post","status-publish","format-standard","hentry","category-cultura","tag-acervos","tag-america","tag-centroamerica","tag-cultura","tag-area-de-historia-del-arte","tag-patrimonio","tag-politica"],"_links":{"self":[{"href":"https:\/\/www.upo.es\/diario\/wp-json\/wp\/v2\/posts\/19462341","targetHints":{"allow":["GET"]}}],"collection":[{"href":"https:\/\/www.upo.es\/diario\/wp-json\/wp\/v2\/posts"}],"about":[{"href":"https:\/\/www.upo.es\/diario\/wp-json\/wp\/v2\/types\/post"}],"author":[{"embeddable":true,"href":"https:\/\/www.upo.es\/diario\/wp-json\/wp\/v2\/users\/2"}],"replies":[{"embeddable":true,"href":"https:\/\/www.upo.es\/diario\/wp-json\/wp\/v2\/comments?post=19462341"}],"version-history":[{"count":3,"href":"https:\/\/www.upo.es\/diario\/wp-json\/wp\/v2\/posts\/19462341\/revisions"}],"predecessor-version":[{"id":19465302,"href":"https:\/\/www.upo.es\/diario\/wp-json\/wp\/v2\/posts\/19462341\/revisions\/19465302"}],"wp:attachment":[{"href":"https:\/\/www.upo.es\/diario\/wp-json\/wp\/v2\/media?parent=19462341"}],"wp:term":[{"taxonomy":"category","embeddable":true,"href":"https:\/\/www.upo.es\/diario\/wp-json\/wp\/v2\/categories?post=19462341"},{"taxonomy":"post_tag","embeddable":true,"href":"https:\/\/www.upo.es\/diario\/wp-json\/wp\/v2\/tags?post=19462341"}],"curies":[{"name":"wp","href":"https:\/\/api.w.org\/{rel}","templated":true}]}}