{"id":1952947,"date":"2013-11-05T06:00:35","date_gmt":"2013-11-05T06:00:35","guid":{"rendered":"https:\/\/www.upo.es\/diario\/?p=1952947"},"modified":"2013-11-06T07:18:22","modified_gmt":"2013-11-06T07:18:22","slug":"el-70-de-los-estudiantes-erasmus-de-la-upo-afectados-por-la-nueva-orden-del-ministerio-de-educacion","status":"publish","type":"post","link":"https:\/\/www.upo.es\/diario\/institucional\/2013\/11\/el-70-de-los-estudiantes-erasmus-de-la-upo-afectados-por-la-nueva-orden-del-ministerio-de-educacion\/","title":{"rendered":"El 70% de los estudiantes Erasmus de la UPO, afectados por la nueva orden del Ministerio de Educaci\u00f3n"},"content":{"rendered":"<figure id=\"attachment_1952948\" aria-describedby=\"caption-attachment-1952948\" style=\"width: 243px\" class=\"wp-caption alignright\"><a href=\"https:\/\/www.upo.es\/diario\/wp-content\/uploads\/2013\/11\/5100462046_31b1d9d7dc_b.jpg\"><img loading=\"lazy\" decoding=\"async\" class=\"size-medium wp-image-1952948\" alt=\"pintada en Santiago de Compostela: Erasmus go home\" src=\"https:\/\/www.upo.es\/diario\/wp-content\/uploads\/2013\/11\/5100462046_31b1d9d7dc_b-243x320.jpg\" width=\"243\" height=\"320\" srcset=\"https:\/\/www.upo.es\/diario\/wp-content\/uploads\/2013\/11\/5100462046_31b1d9d7dc_b-243x320.jpg 243w, https:\/\/www.upo.es\/diario\/wp-content\/uploads\/2013\/11\/5100462046_31b1d9d7dc_b-600x787.jpg 600w, https:\/\/www.upo.es\/diario\/wp-content\/uploads\/2013\/11\/5100462046_31b1d9d7dc_b.jpg 780w\" sizes=\"auto, (max-width: 243px) 100vw, 243px\" \/><\/a><figcaption id=\"caption-attachment-1952948\" class=\"wp-caption-text\">Un total de 321 estudiantes erasmus de la Universidad Pablo de Olavide no recibir\u00e1n aportaci\u00f3n econ\u00f3mica del Ministerio Foto: Amio Cajander<\/figcaption><\/figure>\n<p>Un total de 321 estudiantes de la Universidad Pablo de Olavide de los 458 becarios del programa Erasmus del actual curso 2013-2014, se han visto afectados por la nueva orden del Ministerio de Educaci\u00f3n, Cultura y Deporte, que suprime la ayuda econ\u00f3mica a los estudiantes que no hayan sido beneficiarios de una beca denominada de car\u00e1cter general concedida por dicho Ministerio durante el curso pasado.<\/p>\n<p>As\u00ed, el Ministerio de Educaci\u00f3n, Cultura y Deporte, dirigido por Jos\u00e9 Ignacio Wert, ha establecido, a trav\u00e9s de una orden publicada el pasado 29 de octubre en el Bolet\u00edn Oficial del Estado (BOE), que los seleccionados este curso 2013-2014 para la aportaci\u00f3n complementaria del Estado para la beca Erasmus tienen que haber sido a su vez adjudicatarios de una beca general el curso pasado. Es decir, esta nueva orden deroga la ayuda correspondiente a la beca Erasmus para estudiantes universitarios que no hubieran sido becarios MECD en el curso 2012-2013.<\/p>\n<p>Seg\u00fan Pilar Rodr\u00edguez Reina, vicerrectora de Internacionalizaci\u00f3n y Comunicaci\u00f3n de la Universidad Pablo de Olavide, esta decisi\u00f3n ministerial supone un nuevo y duro recorte tras la desaparici\u00f3n de las becas S\u00e9neca el pasado curso. Hay que recordar, adem\u00e1s, que el Ministerio ha reducido la financiaci\u00f3n Erasmus en un 71% en los \u00faltimos a\u00f1os, hecho este que, unido a las dificultades para conseguir una beca y al nuevo recorte impuesto a los no becarios, deja un estrecho margen de maniobra para la formaci\u00f3n en el extranjero de la mayor\u00eda de nuestros alumnos.<\/p>\n<p>El programa Erasmus es un programa europeo de movilidad entre universidades cuya dotaci\u00f3n econ\u00f3mica procede de tres administraciones distintas. Una primera parte es com\u00fan a todo el continente y proviene de los fondos de la Comisi\u00f3n Europea destinados al proyecto. La segunda parte es variable, ya que depende de las diversas comunidades aut\u00f3nomas. Y la tercera fuente de financiaci\u00f3n es concede el Gobierno central.<\/p>\n","protected":false},"excerpt":{"rendered":"<p>Un total de 321 estudiantes de la Universidad Pablo de Olavide de los 458 becarios del programa Erasmus del actual curso 2013-2014, se han visto afectados por la nueva orden del Ministerio de Educaci\u00f3n, Cultura y Deporte, que suprime la ayuda econ\u00f3mica a los estudiantes que no hayan sido beneficiarios de una beca denominada de car\u00e1cter general concedida por dicho Ministerio durante el curso pasado. <\/p>\n","protected":false},"author":6,"featured_media":0,"comment_status":"closed","ping_status":"open","sticky":false,"template":"","format":"standard","meta":{"_monsterinsights_skip_tracking":false,"_monsterinsights_sitenote_active":false,"_monsterinsights_sitenote_note":"","_monsterinsights_sitenote_category":0,"footnotes":""},"categories":[6],"tags":[64,144,846,21,244,68],"class_list":["post-1952947","post","type-post","status-publish","format-standard","hentry","category-institucional","tag-becas","tag-crisis","tag-erasmus","tag-estudiantes","tag-ministerio-de-educacion","tag-union-europea"],"_links":{"self":[{"href":"https:\/\/www.upo.es\/diario\/wp-json\/wp\/v2\/posts\/1952947","targetHints":{"allow":["GET"]}}],"collection":[{"href":"https:\/\/www.upo.es\/diario\/wp-json\/wp\/v2\/posts"}],"about":[{"href":"https:\/\/www.upo.es\/diario\/wp-json\/wp\/v2\/types\/post"}],"author":[{"embeddable":true,"href":"https:\/\/www.upo.es\/diario\/wp-json\/wp\/v2\/users\/6"}],"replies":[{"embeddable":true,"href":"https:\/\/www.upo.es\/diario\/wp-json\/wp\/v2\/comments?post=1952947"}],"version-history":[{"count":5,"href":"https:\/\/www.upo.es\/diario\/wp-json\/wp\/v2\/posts\/1952947\/revisions"}],"predecessor-version":[{"id":1958447,"href":"https:\/\/www.upo.es\/diario\/wp-json\/wp\/v2\/posts\/1952947\/revisions\/1958447"}],"wp:attachment":[{"href":"https:\/\/www.upo.es\/diario\/wp-json\/wp\/v2\/media?parent=1952947"}],"wp:term":[{"taxonomy":"category","embeddable":true,"href":"https:\/\/www.upo.es\/diario\/wp-json\/wp\/v2\/categories?post=1952947"},{"taxonomy":"post_tag","embeddable":true,"href":"https:\/\/www.upo.es\/diario\/wp-json\/wp\/v2\/tags?post=1952947"}],"curies":[{"name":"wp","href":"https:\/\/api.w.org\/{rel}","templated":true}]}}