{"id":1953279,"date":"2013-11-06T06:00:09","date_gmt":"2013-11-06T06:00:09","guid":{"rendered":"https:\/\/www.upo.es\/diario\/?p=1953279"},"modified":"2013-11-06T07:20:09","modified_gmt":"2013-11-06T07:20:09","slug":"manana-se-celebra-la-quinta-sesion-del-claustro-de-la-upo-con-la-eleccion-del-defensor-universitario","status":"publish","type":"post","link":"https:\/\/www.upo.es\/diario\/institucional\/2013\/11\/manana-se-celebra-la-quinta-sesion-del-claustro-de-la-upo-con-la-eleccion-del-defensor-universitario\/","title":{"rendered":"Hoy se celebra la quinta sesi\u00f3n del Claustro de la UPO, con la elecci\u00f3n del Defensor Universitario"},"content":{"rendered":"<figure id=\"attachment_1890490\" aria-describedby=\"caption-attachment-1890490\" style=\"width: 320px\" class=\"wp-caption alignright\"><a href=\"https:\/\/www.upo.es\/diario\/wp-content\/uploads\/2013\/10\/jdramirez.jpg\"><img loading=\"lazy\" decoding=\"async\" class=\"size-medium wp-image-1890490\" alt=\"Juan Daniel Ram\u00edrez Garrido es catedr\u00e1tico de Psicolog\u00eda de la Comunicaci\u00f3n del Departamento de Antropolog\u00eda Social, Psicolog\u00eda B\u00e1sica y Salud P\u00fablica\" src=\"https:\/\/www.upo.es\/diario\/wp-content\/uploads\/2013\/10\/jdramirez-320x234.jpg\" width=\"320\" height=\"234\" srcset=\"https:\/\/www.upo.es\/diario\/wp-content\/uploads\/2013\/10\/jdramirez-320x234.jpg 320w, https:\/\/www.upo.es\/diario\/wp-content\/uploads\/2013\/10\/jdramirez-1024x751.jpg 1024w, https:\/\/www.upo.es\/diario\/wp-content\/uploads\/2013\/10\/jdramirez-600x440.jpg 600w, https:\/\/www.upo.es\/diario\/wp-content\/uploads\/2013\/10\/jdramirez.jpg 1750w\" sizes=\"auto, (max-width: 320px) 100vw, 320px\" \/><\/a><figcaption id=\"caption-attachment-1890490\" class=\"wp-caption-text\">Juan Daniel Ram\u00edrez Garrido es catedr\u00e1tico de Psicolog\u00eda de la Comunicaci\u00f3n del Departamento de Antropolog\u00eda Social, Psicolog\u00eda B\u00e1sica y Salud P\u00fablica<\/figcaption><\/figure>\n<p>Hoy mi\u00e9rcoles, a las 9.30 horas en primera convocatoria y a las 10 horas en segunda convocatoria, en el Paraninfo de la Universidad Pablo de Olavide, se celebrar\u00e1 la quinta sesi\u00f3n del Claustro, en el que se proceder\u00e1 a la elecci\u00f3n del Defensor Universitario y al debate y aprobaci\u00f3n, si procede, del nuevo Plan Estrat\u00e9gico de la UPO para 2014-2016.<\/p>\n<p>El catedr\u00e1tico de Psicolog\u00eda de la Universidad Pablo de Olavide Juan Daniel Ram\u00edrez Garrido es el \u00fanico candidato que se ha presentado para el cargo de Defensor Universitario de esta universidad.<\/p>\n","protected":false},"excerpt":{"rendered":"<p>Hoy mi\u00e9rcoles, a las 9.30 horas en primera convocatoria y a las 10 horas en segunda convocatoria, en el Paraninfo de la Universidad Pablo de Olavide, se celebrar\u00e1 la quinta sesi\u00f3n del Claustro, en el que se proceder\u00e1 a la elecci\u00f3n del Defensor Universitario y al debate y aprobaci\u00f3n, si procede, del nuevo Plan Estrat\u00e9gico de la UPO para 2014-2016.<\/p>\n","protected":false},"author":6,"featured_media":0,"comment_status":"closed","ping_status":"open","sticky":false,"template":"","format":"standard","meta":{"_monsterinsights_skip_tracking":false,"_monsterinsights_sitenote_active":false,"_monsterinsights_sitenote_note":"","_monsterinsights_sitenote_category":0,"footnotes":""},"categories":[6],"tags":[70,518,69,550],"class_list":["post-1953279","post","type-post","status-publish","format-standard","hentry","category-institucional","tag-claustro","tag-defensor-universitario","tag-elecciones","tag-plan-estrategico"],"_links":{"self":[{"href":"https:\/\/www.upo.es\/diario\/wp-json\/wp\/v2\/posts\/1953279","targetHints":{"allow":["GET"]}}],"collection":[{"href":"https:\/\/www.upo.es\/diario\/wp-json\/wp\/v2\/posts"}],"about":[{"href":"https:\/\/www.upo.es\/diario\/wp-json\/wp\/v2\/types\/post"}],"author":[{"embeddable":true,"href":"https:\/\/www.upo.es\/diario\/wp-json\/wp\/v2\/users\/6"}],"replies":[{"embeddable":true,"href":"https:\/\/www.upo.es\/diario\/wp-json\/wp\/v2\/comments?post=1953279"}],"version-history":[{"count":3,"href":"https:\/\/www.upo.es\/diario\/wp-json\/wp\/v2\/posts\/1953279\/revisions"}],"predecessor-version":[{"id":1953281,"href":"https:\/\/www.upo.es\/diario\/wp-json\/wp\/v2\/posts\/1953279\/revisions\/1953281"}],"wp:attachment":[{"href":"https:\/\/www.upo.es\/diario\/wp-json\/wp\/v2\/media?parent=1953279"}],"wp:term":[{"taxonomy":"category","embeddable":true,"href":"https:\/\/www.upo.es\/diario\/wp-json\/wp\/v2\/categories?post=1953279"},{"taxonomy":"post_tag","embeddable":true,"href":"https:\/\/www.upo.es\/diario\/wp-json\/wp\/v2\/tags?post=1953279"}],"curies":[{"name":"wp","href":"https:\/\/api.w.org\/{rel}","templated":true}]}}