{"id":1960414,"date":"2013-11-07T15:30:39","date_gmt":"2013-11-07T15:30:39","guid":{"rendered":"https:\/\/www.upo.es\/diario\/?p=1960414"},"modified":"2013-11-07T15:42:03","modified_gmt":"2013-11-07T15:42:03","slug":"manana-comienza-en-la-upo-el-i-congreso-sobre-proteccion-de-datos-intimidad-y-nuevas-tecnologias","status":"publish","type":"post","link":"https:\/\/www.upo.es\/diario\/institucional\/2013\/11\/manana-comienza-en-la-upo-el-i-congreso-sobre-proteccion-de-datos-intimidad-y-nuevas-tecnologias\/","title":{"rendered":"Comienza en la UPO el I Congreso sobre Protecci\u00f3n de Datos, Intimidad y Nuevas Tecnolog\u00edas"},"content":{"rendered":"<figure id=\"attachment_1968982\" aria-describedby=\"caption-attachment-1968982\" style=\"width: 320px\" class=\"wp-caption alignright\"><a href=\"https:\/\/www.upo.es\/diario\/wp-content\/uploads\/2013\/11\/ProteccionDatosNNTT_11.jpg\"><img loading=\"lazy\" decoding=\"async\" class=\"size-medium wp-image-1968982\" alt=\"Jos\u00e9 Antonio Colmenero Guerra (izquierda) y Alfonso Gal\u00e1n durante la inauguraci\u00f3n del Congreso\" src=\"https:\/\/www.upo.es\/diario\/wp-content\/uploads\/2013\/11\/ProteccionDatosNNTT_11-320x213.jpg\" width=\"320\" height=\"213\" srcset=\"https:\/\/www.upo.es\/diario\/wp-content\/uploads\/2013\/11\/ProteccionDatosNNTT_11-320x213.jpg 320w, https:\/\/www.upo.es\/diario\/wp-content\/uploads\/2013\/11\/ProteccionDatosNNTT_11-1024x682.jpg 1024w, https:\/\/www.upo.es\/diario\/wp-content\/uploads\/2013\/11\/ProteccionDatosNNTT_11-600x400.jpg 600w\" sizes=\"auto, (max-width: 320px) 100vw, 320px\" \/><\/a><figcaption id=\"caption-attachment-1968982\" class=\"wp-caption-text\">Jos\u00e9 Antonio Colmenero Guerra (izquierda) y Alfonso Gal\u00e1n durante la inauguraci\u00f3n del Congreso<\/figcaption><\/figure>\n<p>Jos\u00e9 Antonio Colmenero Guerra,\u00a0secretario general de la UPO y profesor de Derecho Procesal, ha inaugurado hoy el <b>\u201c<a href=\"http:\/\/www.upo.es\/congresos\/intimidadynuevastecnologias\">I Congreso sobre Protecci\u00f3n de Datos, Intimidad y Nuevas Tecnolog\u00edas<\/a>\u201d, <\/b>junto con el profesor de Derecho Penal y organizador del encuentro, Alfonso Gal\u00e1n Mu\u00f1oz.<\/p>\n<p>El congreso tiene como objetivo plantear y debatir los principales problemas que el uso generalizado de las nuevas tecnolog\u00edas de la informaci\u00f3n y la comunicaci\u00f3n ha planteado a la protecci\u00f3n de la privacidad tales como navegar por Internet, utilizar una red social, estar en un espacio dotado de videovigilancia o llamar desde un tel\u00e9fono m\u00f3vil.<\/p>\n<figure id=\"attachment_1960416\" aria-describedby=\"caption-attachment-1960416\" style=\"width: 191px\" class=\"wp-caption alignright\"><a href=\"https:\/\/www.upo.es\/diario\/wp-content\/uploads\/2013\/11\/portada-congreso-proteccion-de-datos-1.jpg\"><img loading=\"lazy\" decoding=\"async\" class=\"size-medium wp-image-1960416 \" alt=\"Se celebrar\u00e1 los d\u00edas 7 y 8 de noviembre en el sal\u00f3n de grados del edificio 7\" src=\"https:\/\/www.upo.es\/diario\/wp-content\/uploads\/2013\/11\/portada-congreso-proteccion-de-datos-1-191x320.jpg\" width=\"191\" height=\"320\" srcset=\"https:\/\/www.upo.es\/diario\/wp-content\/uploads\/2013\/11\/portada-congreso-proteccion-de-datos-1-191x320.jpg 191w, https:\/\/www.upo.es\/diario\/wp-content\/uploads\/2013\/11\/portada-congreso-proteccion-de-datos-1-611x1024.jpg 611w, https:\/\/www.upo.es\/diario\/wp-content\/uploads\/2013\/11\/portada-congreso-proteccion-de-datos-1-600x1004.jpg 600w, https:\/\/www.upo.es\/diario\/wp-content\/uploads\/2013\/11\/portada-congreso-proteccion-de-datos-1.jpg 1200w\" sizes=\"auto, (max-width: 191px) 100vw, 191px\" \/><\/a><figcaption id=\"caption-attachment-1960416\" class=\"wp-caption-text\">El congreso se celebra en el sal\u00f3n de grados del edificio 7<\/figcaption><\/figure>\n<p>El encuentro, que contin\u00faa ma\u00f1ana viernes 8 de noviembre, contar\u00e1 con la participaci\u00f3n de expertos en diversas ramas del Derecho como el profesor de Derecho Civil de la UPO, Francisco Infante, que abordar\u00e1 la privacidad electr\u00f3nica y las redes sociales; el catedr\u00e1tico de Derecho Penal de la Universidad de Valladolid, Ricardo Mata y Mart\u00edn, que hablar\u00e1 sobre las nuevas tecnolog\u00edas e intimidad en el \u00e1mbito penitenciario; la profesora de Derecho Constitucional de la UPO, Mar\u00eda Holgado, que impartir\u00e1 una conferencia sobre la protecci\u00f3n constitucional de la intimidad frente a las nuevas tecnolog\u00edas; el profesor de Derecho Administrativo de la UPO, Francisco Toscano, que tratar\u00e1 el tema de las publicaciones administrativas y la protecci\u00f3n de datos; o el profesor de Derecho Penal de la UPO, Alfonso Gal\u00e1n, que abordar\u00e1 la protecci\u00f3n penal de la intimidad en Internet.<\/p>\n<p>El congreso est\u00e1 organizado por los miembros del <strong>proyecto de excelencia de la Junta de Andaluc\u00eda sobre \u201cLa protecci\u00f3n jur\u00eddica de la intimidad frente a las nuevas tecnolog\u00edas de la informaci\u00f3n y la comunicaci\u00f3n. Un an\u00e1lisis multidisciplinar\u201d<\/strong> SEJ-6735, adscrito \u00edntegramente a la Universidad Pablo de Olavide, y financiado por la Consejer\u00eda de Econom\u00eda, Innovaci\u00f3n, Ciencia y Empleo y la Facultad de Derecho de la UPO.<\/p>\n<p style=\"text-align: justify;\"><a href=\"http:\/\/www.upo.es\/congresos\/export\/sites\/congresos\/intimidadynuevastecnologias\/documentos\/folleto-congreso-proteccion-de-datos.pdf\">Programa: I Congreso sobre Protecci\u00f3n de datos, intimidad y nuevas tecnolog\u00edas<\/a><\/p>\n","protected":false},"excerpt":{"rendered":"<p>El congreso tiene como objetivo plantear y debatir los principales problemas que el uso generalizado de las nuevas tecnolog\u00edas de la informaci\u00f3n y la comunicaci\u00f3n ha planteado a la protecci\u00f3n de la privacidad tales como navegar por Internet, utilizar una red social, estar en un espacio dotado de videovigilancia o llamar desde un tel\u00e9fono m\u00f3vil.<\/p>\n","protected":false},"author":4,"featured_media":0,"comment_status":"closed","ping_status":"open","sticky":false,"template":"","format":"standard","meta":{"_monsterinsights_skip_tracking":false,"_monsterinsights_sitenote_active":false,"_monsterinsights_sitenote_note":"","_monsterinsights_sitenote_category":0,"footnotes":""},"categories":[6],"tags":[354,480,974,217,198,20],"class_list":["post-1960414","post","type-post","status-publish","format-standard","hentry","category-institucional","tag-congreso","tag-internet","tag-intimidad","tag-nuevas-tecnologias","tag-proteccion-de-datos","tag-redes-sociales"],"_links":{"self":[{"href":"https:\/\/www.upo.es\/diario\/wp-json\/wp\/v2\/posts\/1960414","targetHints":{"allow":["GET"]}}],"collection":[{"href":"https:\/\/www.upo.es\/diario\/wp-json\/wp\/v2\/posts"}],"about":[{"href":"https:\/\/www.upo.es\/diario\/wp-json\/wp\/v2\/types\/post"}],"author":[{"embeddable":true,"href":"https:\/\/www.upo.es\/diario\/wp-json\/wp\/v2\/users\/4"}],"replies":[{"embeddable":true,"href":"https:\/\/www.upo.es\/diario\/wp-json\/wp\/v2\/comments?post=1960414"}],"version-history":[{"count":6,"href":"https:\/\/www.upo.es\/diario\/wp-json\/wp\/v2\/posts\/1960414\/revisions"}],"predecessor-version":[{"id":1968981,"href":"https:\/\/www.upo.es\/diario\/wp-json\/wp\/v2\/posts\/1960414\/revisions\/1968981"}],"wp:attachment":[{"href":"https:\/\/www.upo.es\/diario\/wp-json\/wp\/v2\/media?parent=1960414"}],"wp:term":[{"taxonomy":"category","embeddable":true,"href":"https:\/\/www.upo.es\/diario\/wp-json\/wp\/v2\/categories?post=1960414"},{"taxonomy":"post_tag","embeddable":true,"href":"https:\/\/www.upo.es\/diario\/wp-json\/wp\/v2\/tags?post=1960414"}],"curies":[{"name":"wp","href":"https:\/\/api.w.org\/{rel}","templated":true}]}}