{"id":1976265,"date":"2013-11-08T13:45:10","date_gmt":"2013-11-08T12:45:10","guid":{"rendered":"https:\/\/www.upo.es\/diario\/?p=1976265"},"modified":"2020-10-27T16:57:37","modified_gmt":"2020-10-27T15:57:37","slug":"la-upo-galardonada-por-su-dedicacion-y-compromiso-educativo-formativo-y-de-investigacion","status":"publish","type":"post","link":"https:\/\/www.upo.es\/diario\/institucional\/2013\/11\/la-upo-galardonada-por-su-dedicacion-y-compromiso-educativo-formativo-y-de-investigacion\/","title":{"rendered":"La UPO, galardonada por su dedicaci\u00f3n y compromiso educativo, formativo y de investigaci\u00f3n"},"content":{"rendered":"<figure id=\"attachment_1976599\" aria-describedby=\"caption-attachment-1976599\" style=\"width: 320px\" class=\"wp-caption alignright\"><a href=\"https:\/\/www.upo.es\/diario\/wp-content\/uploads\/2013\/11\/Galardonados.jpg\"><img loading=\"lazy\" decoding=\"async\" class=\"size-medium wp-image-1976599\" alt=\"Imagen de los galardonados por la Fundaci\u00f3n Diagrama.\" src=\"https:\/\/www.upo.es\/diario\/wp-content\/uploads\/2013\/11\/Galardonados-320x189.jpg\" width=\"320\" height=\"189\" srcset=\"https:\/\/www.upo.es\/diario\/wp-content\/uploads\/2013\/11\/Galardonados-320x189.jpg 320w, https:\/\/www.upo.es\/diario\/wp-content\/uploads\/2013\/11\/Galardonados-1024x605.jpg 1024w, https:\/\/www.upo.es\/diario\/wp-content\/uploads\/2013\/11\/Galardonados-600x354.jpg 600w, https:\/\/www.upo.es\/diario\/wp-content\/uploads\/2013\/11\/Galardonados.jpg 1417w\" sizes=\"auto, (max-width: 320px) 100vw, 320px\" \/><\/a><figcaption id=\"caption-attachment-1976599\" class=\"wp-caption-text\">Imagen de los galardonados por la Fundaci\u00f3n Diagrama.<\/figcaption><\/figure>\n<p>La Universidad Pablo de Olavide ha sido premiada por la <a href=\"https:\/\/www.fundaciondiagrama.es\/es\">Fundaci\u00f3n Diagrama<\/a> en el marco de los Galardones \u201cProfesionalidad y Compromiso\u201d, con los que dicha fundaci\u00f3n reconoce \u201cla dedicaci\u00f3n y el compromiso educativo, formativo y de investigaci\u00f3n de esta Universidad con la sociedad andaluza, trabajando para aportar los conocimientos, capacidades y habilidades necesarios para que sus alumnos contribuyan al desarrollo, el progreso y la innovaci\u00f3n\u201d.<\/p>\n<p>Coincidiendo con el XX Aniversario en Andaluc\u00eda de la Fundaci\u00f3n Diagrama, la ceremonia de entrega de estos galardones tuvo lugar el jueves 7 de noviembre en el Hotel Alfonso XIII de Sevilla, en un acto que estuvo presidido por el rector de la Universidad Pablo de Olavide, Vicente Guzm\u00e1n Fluja; el presidente de Fundaci\u00f3n Diagrama, Francisco Legaz Cervantes; el delegado del Gobierno de la Junta de Andaluc\u00eda en Sevilla, Francisco Javier Fern\u00e1ndez Hern\u00e1ndez; y la vicerrectora de Servicios Sociales y Comunitarios de la Universidad de Sevilla, Ana Mar\u00eda L\u00f3pez Jim\u00e9nez. El premio de la Universidad Pablo de Olavide fue recogido por la vicerrectora de Cultura, Participaci\u00f3n y Compromiso Social, Elodia Hern\u00e1ndez Le\u00f3n.<\/p>\n<figure id=\"attachment_1976600\" aria-describedby=\"caption-attachment-1976600\" style=\"width: 320px\" class=\"wp-caption alignleft\"><a href=\"https:\/\/www.upo.es\/diario\/wp-content\/uploads\/2013\/11\/UPO1.jpg\"><img loading=\"lazy\" decoding=\"async\" class=\"size-medium wp-image-1976600\" alt=\"La vicerrectora Elodia Hern\u00e1ndez recogi\u00f3 el galard\u00f3n otorgado a la UPO. \" src=\"https:\/\/www.upo.es\/diario\/wp-content\/uploads\/2013\/11\/UPO1-320x213.jpg\" width=\"320\" height=\"213\" srcset=\"https:\/\/www.upo.es\/diario\/wp-content\/uploads\/2013\/11\/UPO1-320x213.jpg 320w, https:\/\/www.upo.es\/diario\/wp-content\/uploads\/2013\/11\/UPO1-1024x682.jpg 1024w, https:\/\/www.upo.es\/diario\/wp-content\/uploads\/2013\/11\/UPO1-600x400.jpg 600w, https:\/\/www.upo.es\/diario\/wp-content\/uploads\/2013\/11\/UPO1.jpg 1800w\" sizes=\"auto, (max-width: 320px) 100vw, 320px\" \/><\/a><figcaption id=\"caption-attachment-1976600\" class=\"wp-caption-text\">La vicerrectora Elodia Hern\u00e1ndez recogi\u00f3 el galard\u00f3n otorgado a la UPO.<\/figcaption><\/figure>\n<p>Los Galardones \u201cProfesionalidad y Compromiso\u201d nacieron en 2011 con el objetivo de reconocer y agradecer la profesionalidad, dedicaci\u00f3n, esfuerzo y responsabilidad social, humana y solidaria de aquellas personas o entidades que, con su ejemplar labor y trayectoria personal y profesional, contribuyen a construir una sociedad m\u00e1s justa y solidaria. La presente edici\u00f3n ha premiado a 21 personas y entidades.<\/p>\n<p>En el momento de la recogida del galard\u00f3n, Elodia Hern\u00e1ndez Le\u00f3n, vicerrectora de Cultura, Participaci\u00f3n y Compromiso Social de la Universidad Pablo de Olavide, agradeci\u00f3 la concesi\u00f3n de este premio y afirm\u00f3 que \u201cla Universidad Pablo de Olavide, la instituci\u00f3n y a la postre las personas que la forman, definen el compromiso social como un rasgo de su propia identidad como ha quedado reflejado en el primero de los valores que dan cuerpo a nuestro Plan Estrat\u00e9gico\u201d y a\u00f1adi\u00f3 que \u201cno es s\u00f3lo un deseo, se manifiesta en lo realizado desde la constituci\u00f3n de esta universidad a pesar de su corta historia. Creemos que as\u00ed se puede ver en la importancia que alcanzan las cuestiones de aplicaci\u00f3n social en los t\u00edtulos oficiales y propios de nuestra universidad, en el dise\u00f1o de pr\u00e1cticas externas, en los diferentes proyectos y grupos de investigaci\u00f3n y\u00a0 en la promoci\u00f3n de iniciativas de participaci\u00f3n y compromiso social que cuentan con la implicaci\u00f3n de la comunidad universitaria\u201d.<\/p>\n<figure id=\"attachment_1976601\" aria-describedby=\"caption-attachment-1976601\" style=\"width: 320px\" class=\"wp-caption alignright\"><a href=\"https:\/\/www.upo.es\/diario\/wp-content\/uploads\/2013\/11\/MESA1.jpg\"><img loading=\"lazy\" decoding=\"async\" class=\"size-medium wp-image-1976601\" alt=\"El rector de la UPO, Vicente Guzm\u00e1n, presidi\u00f3 el acto. \" src=\"https:\/\/www.upo.es\/diario\/wp-content\/uploads\/2013\/11\/MESA1-320x213.jpg\" width=\"320\" height=\"213\" srcset=\"https:\/\/www.upo.es\/diario\/wp-content\/uploads\/2013\/11\/MESA1-320x213.jpg 320w, https:\/\/www.upo.es\/diario\/wp-content\/uploads\/2013\/11\/MESA1-1024x682.jpg 1024w, https:\/\/www.upo.es\/diario\/wp-content\/uploads\/2013\/11\/MESA1-600x400.jpg 600w, https:\/\/www.upo.es\/diario\/wp-content\/uploads\/2013\/11\/MESA1.jpg 1500w\" sizes=\"auto, (max-width: 320px) 100vw, 320px\" \/><\/a><figcaption id=\"caption-attachment-1976601\" class=\"wp-caption-text\">El rector de la UPO, Vicente Guzm\u00e1n, presidi\u00f3 el acto.<\/figcaption><\/figure>\n<p>La vicerrectora ejemplific\u00f3 estas palabras refiri\u00e9ndose a dos iniciativas que abanderan el compromiso con el entorno social de la UPO: la Residencia Universitaria Flora Trist\u00e1n, iniciativa pionera en Andaluc\u00eda que pretende proporcionar a los estudiantes universitarios una formaci\u00f3n humana integral m\u00e1s all\u00e1 de la formaci\u00f3n acad\u00e9mica, adem\u00e1s de contribuir a la revitalizaci\u00f3n del Pol\u00edgono Sur a trav\u00e9s de la presencia cotidiana de los j\u00f3venes universitarios, y la Iniciativa Bit\u00e1cula, proyecto de innovaci\u00f3n social construido desde la colaboraci\u00f3n entre la UPO y las Mesa del Tercer Sector de Andaluc\u00eda que pretende fomentar la colaboraci\u00f3n de la Universidad en los procesos formativos de las entidades social, en el apoyo t\u00e9cnico y organizativo y en el impulso de proyectos de investigaci\u00f3n social.<\/p>\n<p><b>Fundaci\u00f3n Diagrama<\/b><\/p>\n<p>Diagrama Intervenci\u00f3n Psicosocial es una fundaci\u00f3n que trabaja desde 1991 en la atenci\u00f3n de las necesidades de personas vulnerables o en dificultad social, siempre desde la defensa y promoci\u00f3n de los Derechos Humanos.<\/p>\n<p>Su principal finalidad es promover el desarrollo de centros, programas e investigaciones destinados a la prevenci\u00f3n, tratamiento e integraci\u00f3n de todos aquellos colectivos que se encuentren en dificultad o riesgo social, con especial incidencia en la infancia, familia, juventud y mujer, as\u00ed como a aquellas personas en situaci\u00f3n de dependencia.<\/p>\n<p>En 1993, Fundaci\u00f3n Diagrama comienza a trabajar con j\u00f3venes de Andaluc\u00eda en conflicto con la ley, pasando posteriormente a gestionar diferentes centros y programas socioeducativos, de inserci\u00f3n laboral y de atenci\u00f3n a mayores en esta comunidad, desde los que han atendido en estos 20 a\u00f1os las necesidades de m\u00e1s de 30.000 personas, siempre en colaboraci\u00f3n con la Junta de Andaluc\u00eda.<\/p>\n","protected":false},"excerpt":{"rendered":"<p>La Universidad Pablo de Olavide ha sido premiada por la Fundaci\u00f3n Diagrama en el marco de los Galardones \u201cProfesionalidad y Compromiso\u201d, con los que dicha fundaci\u00f3n reconoce \u201cla dedicaci\u00f3n y el compromiso educativo, formativo y de investigaci\u00f3n de esta Universidad con la sociedad andaluza, trabajando para aportar los conocimientos, capacidades y habilidades necesarios para que sus alumnos contribuyan al desarrollo, el progreso y la innovaci\u00f3n\u201d. <\/p>\n","protected":false},"author":2,"featured_media":0,"comment_status":"closed","ping_status":"open","sticky":false,"template":"","format":"standard","meta":{"_monsterinsights_skip_tracking":false,"_monsterinsights_sitenote_active":false,"_monsterinsights_sitenote_note":"","_monsterinsights_sitenote_category":0,"footnotes":""},"categories":[6],"tags":[978,58,491,442],"class_list":["post-1976265","post","type-post","status-publish","format-standard","hentry","category-institucional","tag-galardon","tag-premio","tag-upo","tag-vicerrectorado"],"_links":{"self":[{"href":"https:\/\/www.upo.es\/diario\/wp-json\/wp\/v2\/posts\/1976265","targetHints":{"allow":["GET"]}}],"collection":[{"href":"https:\/\/www.upo.es\/diario\/wp-json\/wp\/v2\/posts"}],"about":[{"href":"https:\/\/www.upo.es\/diario\/wp-json\/wp\/v2\/types\/post"}],"author":[{"embeddable":true,"href":"https:\/\/www.upo.es\/diario\/wp-json\/wp\/v2\/users\/2"}],"replies":[{"embeddable":true,"href":"https:\/\/www.upo.es\/diario\/wp-json\/wp\/v2\/comments?post=1976265"}],"version-history":[{"count":4,"href":"https:\/\/www.upo.es\/diario\/wp-json\/wp\/v2\/posts\/1976265\/revisions"}],"predecessor-version":[{"id":2000758,"href":"https:\/\/www.upo.es\/diario\/wp-json\/wp\/v2\/posts\/1976265\/revisions\/2000758"}],"wp:attachment":[{"href":"https:\/\/www.upo.es\/diario\/wp-json\/wp\/v2\/media?parent=1976265"}],"wp:term":[{"taxonomy":"category","embeddable":true,"href":"https:\/\/www.upo.es\/diario\/wp-json\/wp\/v2\/categories?post=1976265"},{"taxonomy":"post_tag","embeddable":true,"href":"https:\/\/www.upo.es\/diario\/wp-json\/wp\/v2\/tags?post=1976265"}],"curies":[{"name":"wp","href":"https:\/\/api.w.org\/{rel}","templated":true}]}}