{"id":19846683,"date":"2017-04-24T03:49:46","date_gmt":"2017-04-24T01:49:46","guid":{"rendered":"https:\/\/www.upo.es\/diario\/?p=19846683"},"modified":"2020-10-27T16:45:29","modified_gmt":"2020-10-27T15:45:29","slug":"el-acto-central-de-la-semana-de-accion-mundial-por-la-educacion-tendra-lugar-el-lunes-en-la-upo","status":"publish","type":"post","link":"https:\/\/www.upo.es\/diario\/institucional\/2017\/04\/el-acto-central-de-la-semana-de-accion-mundial-por-la-educacion-tendra-lugar-el-lunes-en-la-upo\/","title":{"rendered":"Las actividades de la Semana de Acci\u00f3n Mundial por la Educaci\u00f3n comienzan con un acto reivindicativo en la UPO"},"content":{"rendered":"<figure id=\"attachment_19917163\" aria-describedby=\"caption-attachment-19917163\" style=\"width: 600px\" class=\"wp-caption aligncenter\"><a href=\"https:\/\/www.upo.es\/diario\/wp-content\/uploads\/2017\/04\/Acto-Central-SAME.jpg\"><img loading=\"lazy\" decoding=\"async\" class=\"size-large wp-image-19917163\" alt=\"Escolares presentan sus reivindicaciones en la SAME\" src=\"https:\/\/www.upo.es\/diario\/wp-content\/uploads\/2017\/04\/Acto-Central-SAME-600x337.jpg\" width=\"600\" height=\"337\" \/><\/a><figcaption id=\"caption-attachment-19917163\" class=\"wp-caption-text\">Escolares presentan sus reivindicaciones en la SAME<\/figcaption><\/figure>\n<p>Esta ma\u00f1ana ha tenido lugar en el Paraninfo de la Universidad Pablo de Olavide el acto central de la Semana de Acci\u00f3n Mundial por la Educaci\u00f3n en Andaluc\u00eda con la participaci\u00f3n de m\u00e1s de 300 escolares de 12 centros educativos de la provincia.<\/p>\n<p>Los alumnos y alumnas de las escuelas e institutos invitados han presentado sus reivindicaciones respecto al sistema educativo en un acto en el que <b>Elodia Hern\u00e1ndez Le\u00f3n<\/b>, vicerrectora de Cultura y Compromiso de Social de la UPO, ha querido dejar constancia del trabajo que se desarrolla en la universidad para que todo el alumnado pueda estudiar en igualdad de condiciones y ha transmitido a los asistentes su deseo de verlos en la UPO llegado el momento. Por su parte, <b>Manuel Alcaide Calder\u00f3n<\/b>, secretario general de Educaci\u00f3n y Formaci\u00f3n Profesional de la Junta de Andaluc\u00eda, ha se\u00f1alado c\u00f3mo \u201cla educaci\u00f3n en Andaluc\u00eda es un derecho, no un privilegio. Por ello, estamos trabajando para alcanzar en los pr\u00f3ximos d\u00edas un acuerdo para mejorar los indicadores de nuestra comunidad. Tendremos que llevar a cabo un esfuerzo para que nadie se quede atr\u00e1s\u201d.<\/p>\n<p>La Semana de Acci\u00f3n Mundial por la Educaci\u00f3n (SAME) se celebra este 2017 del 24 al 29 de abril en 124 pa\u00edses, a trav\u00e9s de diferentes actividades de calle orientadas a crear conciencia sobre la importancia del derecho a la educaci\u00f3n. En esta ocasi\u00f3n, la Campa\u00f1a Mundial por la Educaci\u00f3n (CME), promotora de la Semana, ha elegido el lema \u201cPido la palabra por la educaci\u00f3n\u201d con el objetivo de llamar la atenci\u00f3n sobre la importancia de la participaci\u00f3n activa de la ciudadan\u00eda, en especial de las comunidades educativas, ni\u00f1os y ni\u00f1as, a la hora de garantizar el cumplimiento del derecho a una educaci\u00f3n de calidad.<\/p>\n<div>\n<p>En la actualidad, sigue habiendo 263 millones de ni\u00f1os y ni\u00f1as, j\u00f3venes y adolescentes sin acceso a la educaci\u00f3n debido a distintas causas como vivir en contextos de crisis o en zonas rurales remotas; la falta de recursos, infraestructuras adecuadas o de personal docente cualificado; o la discriminaci\u00f3n por motivos de raza, g\u00e9nero o discapacidad. A esta cifra hay que a\u00f1adir los 758 millones de personas adultas analfabetas, dos tercios de ellas mujeres. La Campa\u00f1a Mundial por la Educaci\u00f3n lleva desde el a\u00f1o 2000 \u20132003 en Espa\u00f1a\u2013 sirviendo de altavoz a sus demandas y necesidades.<\/p>\n<\/div>\n<p>M\u00e1s informaci\u00f3n sobre la SAME en <a href=\"http:\/\/www.cme-espana.org\/\">www.cme-espana.org<\/a><\/p>\n","protected":false},"excerpt":{"rendered":"<p>La Semana de Acci\u00f3n Mundial por la Educaci\u00f3n (SAME) se celebra este 2017 del 24 al 29 de abril en 124 pa\u00edses, a trav\u00e9s de diferentes actividades de calle orientadas a crear conciencia sobre la importancia del derecho a la educaci\u00f3n. En esta ocasi\u00f3n, la Campa\u00f1a Mundial por la Educaci\u00f3n (CME), promotora de la Semana, ha elegido el lema \u201cPido la palabra por la educaci\u00f3n\u201d con el objetivo de llamar la atenci\u00f3n sobre la importancia de la participaci\u00f3n activa de la ciudadan\u00eda, en especial de las comunidades educativas, ni\u00f1os y ni\u00f1as, a la hora de garantizar el cumplimiento del derecho a una educaci\u00f3n de calidad.<\/p>\n","protected":false},"author":14,"featured_media":0,"comment_status":"closed","ping_status":"open","sticky":false,"template":"","format":"standard","meta":{"_monsterinsights_skip_tracking":false,"_monsterinsights_sitenote_active":false,"_monsterinsights_sitenote_note":"","_monsterinsights_sitenote_category":0,"footnotes":""},"categories":[6],"tags":[4010,785,465,4011,2667],"class_list":["post-19846683","post","type-post","status-publish","format-standard","hentry","category-institucional","tag-campana-mundial-por-la-educacion","tag-consejeria-educacion","tag-educacion","tag-semana-de-accion-mundial-por-la-educacion","tag-vicerrectorado-de-cultura-y-compromiso-social"],"_links":{"self":[{"href":"https:\/\/www.upo.es\/diario\/wp-json\/wp\/v2\/posts\/19846683","targetHints":{"allow":["GET"]}}],"collection":[{"href":"https:\/\/www.upo.es\/diario\/wp-json\/wp\/v2\/posts"}],"about":[{"href":"https:\/\/www.upo.es\/diario\/wp-json\/wp\/v2\/types\/post"}],"author":[{"embeddable":true,"href":"https:\/\/www.upo.es\/diario\/wp-json\/wp\/v2\/users\/14"}],"replies":[{"embeddable":true,"href":"https:\/\/www.upo.es\/diario\/wp-json\/wp\/v2\/comments?post=19846683"}],"version-history":[{"count":8,"href":"https:\/\/www.upo.es\/diario\/wp-json\/wp\/v2\/posts\/19846683\/revisions"}],"predecessor-version":[{"id":19960922,"href":"https:\/\/www.upo.es\/diario\/wp-json\/wp\/v2\/posts\/19846683\/revisions\/19960922"}],"wp:attachment":[{"href":"https:\/\/www.upo.es\/diario\/wp-json\/wp\/v2\/media?parent=19846683"}],"wp:term":[{"taxonomy":"category","embeddable":true,"href":"https:\/\/www.upo.es\/diario\/wp-json\/wp\/v2\/categories?post=19846683"},{"taxonomy":"post_tag","embeddable":true,"href":"https:\/\/www.upo.es\/diario\/wp-json\/wp\/v2\/tags?post=19846683"}],"curies":[{"name":"wp","href":"https:\/\/api.w.org\/{rel}","templated":true}]}}