{"id":19847676,"date":"2017-04-21T05:04:18","date_gmt":"2017-04-21T03:04:18","guid":{"rendered":"https:\/\/www.upo.es\/diario\/?p=19847676"},"modified":"2020-10-27T16:45:20","modified_gmt":"2020-10-27T15:45:20","slug":"inauguradas-en-la-upo-las-x-jornadas-internacionales-de-psicologia-del-deporte","status":"publish","type":"post","link":"https:\/\/www.upo.es\/diario\/institucional\/2017\/04\/inauguradas-en-la-upo-las-x-jornadas-internacionales-de-psicologia-del-deporte\/","title":{"rendered":"Inauguradas en la UPO las X jornadas internacionales de Psicolog\u00eda del Deporte"},"content":{"rendered":"<figure id=\"attachment_19847677\" aria-describedby=\"caption-attachment-19847677\" style=\"width: 320px\" class=\"wp-caption alignright\"><a href=\"https:\/\/www.upo.es\/diario\/wp-content\/uploads\/2017\/04\/X-Psciologia-Deporte-17.jpg\"><img loading=\"lazy\" decoding=\"async\" class=\"size-medium wp-image-19847677\" alt=\"Leocricia Jim\u00e9nez, Isabel Victoria Lucena, \u00c1frica Calvo y Jos\u00e9 Carlos Jaenes\" src=\"https:\/\/www.upo.es\/diario\/wp-content\/uploads\/2017\/04\/X-Psciologia-Deporte-17-320x213.jpg\" width=\"320\" height=\"213\" \/><\/a><figcaption id=\"caption-attachment-19847677\" class=\"wp-caption-text\">Leocricia Jim\u00e9nez, Isabel Victoria Lucena, \u00c1frica Calvo y Jos\u00e9 Carlos Jaenes<\/figcaption><\/figure>\n<p>Las X Jornadas Internacionales de Psicolog\u00eda del Deporte han sido inauguradas en la Universidad Pablo de Olavide en un acto presidido por la vicerrectora de Internacionalizaci\u00f3n de la UPO, <strong>Isabel Victoria Lucena Cid<\/strong>; la directora general del Centro Andaluz de Medicina del Deporte, <strong>Leocricia Jim\u00e9nez L\u00f3pez<\/strong>; la decana de la Facultad del Deporte, <strong>\u00c1frica Calvo Lluch<\/strong> y el director del seminario, <strong>Jos\u00e9 Carlos Jaenes S\u00e1nchez<\/strong>.<\/p>\n<p>Estas jornadas, a las que asisten m\u00e1s de 50 personas, tienen como objetivo principal compartir conocimientos y experiencias y analizar nuevas tendencias entre expertos y estudiantes del sector de la Psicolog\u00eda del Deporte y son gestionadas por la <strong>Fundaci\u00f3n Universidad Pablo de Olavide<\/strong>. Adem\u00e1s, esta d\u00e9cima edici\u00f3n bajo el t\u00edtulo \u201cEducaci\u00f3n en valores, integridad, igualdad y juego limpio\u201d rinde homenaje a <strong>Jos\u00e9 Mar\u00e1 Cagigal<\/strong>, fil\u00f3sofo espa\u00f1ol del deporte y pionero en la nueva orientaci\u00f3n del deporte y la educaci\u00f3n f\u00edsica en Espa\u00f1a, se enmarca en el <strong>Proyecto Europeo para la Promoci\u00f3n de Valores en el Deporte (PSYTOOL)<\/strong>.<\/p>\n<p>La jornada se ha iniciado a las 09,30 horas con una conferencia titulada \u201c\u00bfC\u00f3mo a\u00f1adir el componente psicol\u00f3gico al entrenamiento deportivo para hacerlo m\u00e1s eficaz?\u201d impartida por <strong>Alex Garc\u00eda M\u00e1s<\/strong>, secretario general de la International Society of Sport Psychology (ISSP).<\/p>\n<p>Posteriormente se han celebrado dos talleres pr\u00e1cticos entre los que los asistentes han elegido uno de ellos. El primero sobre \u201cC\u00f3mo trabajar en valores a trav\u00e9s del rugby\u201d, impartido por<strong> Guillermo L\u00f3pez Mu\u00f1iz<\/strong>, t\u00e9cnico del Servicio de Deportes de la Fundaci\u00f3n Universidad Pablo de Olavide y el segundo titulado \u201cBases te\u00f3ricas y pr\u00e1cticas para fomentar el desarrollo personal en ni\u00f1os y adolescentes a trav\u00e9s del Deporte\u201d a cargo de <strong>Sergio Lara-Bercial<\/strong>, de Leeds Beckett University &amp; International Council for Coaching Excellence.<\/p>\n<p>La sesi\u00f3n de tarde se iniciar\u00e1 a partir de las 16,00 horas con la charla coloquio \u201cHablando de deporte y psicolog\u00eda: \u00bfC\u00f3mo nos entendemos?\u201d en la que participar\u00e1n <strong>Jaume Cruz<\/strong>, catedr\u00e1tico de la Universidad Aut\u00f3noma de Barcelona y <strong>Pepe D\u00edaz<\/strong>, seleccionador nacional de volleyball y entrenador ol\u00edmpico. Una hora m\u00e1s tarde, a las 17,00 horas, <strong>Sof\u00eda Cagigal<\/strong> hablar\u00e1 sobre la figura de su padre en una ponencia titulada \u201cInnovaci\u00f3n y vigencia del pensamiento de Jos\u00e9 Mar\u00eda Cagigal. La vida normal de un hombre extraordinario\u201d.<\/p>\n<p>Finalmente, a las 18,00 horas, antes de la clausura de las jornadas, tendr\u00e1 lugar la conferencia \u201cValores, humanismo e intervenci\u00f3n del psic\u00f3logo del deporte\u201d que ser\u00e1 impartida por <strong>Sidonio Serpa<\/strong>, catedr\u00e1tico de Psicolog\u00eda de la Universidad de Lisboa.<\/p>\n","protected":false},"excerpt":{"rendered":"<p>Las X Jornadas Internacionales de Psicolog\u00eda del Deporte han sido inauguradas en la Universidad Pablo de Olavide en un acto presidido por la vicerrectora de Internacionalizaci\u00f3n de la UPO, Isabel Victoria Lucena Cid; la directora general del Centro Andaluz de Medicina del Deporte, Leocricia Jim\u00e9nez L\u00f3pez; la decana de la Facultad del Deporte, \u00c1frica Calvo Lluch y el director del seminario, Jos\u00e9 Carlos Jaenes S\u00e1nchez. <\/p>\n","protected":false},"author":14,"featured_media":0,"comment_status":"closed","ping_status":"open","sticky":false,"template":"","format":"standard","meta":{"_monsterinsights_skip_tracking":false,"_monsterinsights_sitenote_active":false,"_monsterinsights_sitenote_note":"","_monsterinsights_sitenote_category":0,"footnotes":""},"categories":[6],"tags":[2845,379,3912,884,3922],"class_list":["post-19847676","post","type-post","status-publish","format-standard","hentry","category-institucional","tag-centro-andaluz-de-medicina-del-deporte","tag-facultad-del-deporte","tag-fundacion-upo","tag-psicologia-del-deporte","tag-psytool"],"_links":{"self":[{"href":"https:\/\/www.upo.es\/diario\/wp-json\/wp\/v2\/posts\/19847676","targetHints":{"allow":["GET"]}}],"collection":[{"href":"https:\/\/www.upo.es\/diario\/wp-json\/wp\/v2\/posts"}],"about":[{"href":"https:\/\/www.upo.es\/diario\/wp-json\/wp\/v2\/types\/post"}],"author":[{"embeddable":true,"href":"https:\/\/www.upo.es\/diario\/wp-json\/wp\/v2\/users\/14"}],"replies":[{"embeddable":true,"href":"https:\/\/www.upo.es\/diario\/wp-json\/wp\/v2\/comments?post=19847676"}],"version-history":[{"count":3,"href":"https:\/\/www.upo.es\/diario\/wp-json\/wp\/v2\/posts\/19847676\/revisions"}],"predecessor-version":[{"id":30862090,"href":"https:\/\/www.upo.es\/diario\/wp-json\/wp\/v2\/posts\/19847676\/revisions\/30862090"}],"wp:attachment":[{"href":"https:\/\/www.upo.es\/diario\/wp-json\/wp\/v2\/media?parent=19847676"}],"wp:term":[{"taxonomy":"category","embeddable":true,"href":"https:\/\/www.upo.es\/diario\/wp-json\/wp\/v2\/categories?post=19847676"},{"taxonomy":"post_tag","embeddable":true,"href":"https:\/\/www.upo.es\/diario\/wp-json\/wp\/v2\/tags?post=19847676"}],"curies":[{"name":"wp","href":"https:\/\/api.w.org\/{rel}","templated":true}]}}