{"id":19943028,"date":"2017-04-25T12:55:01","date_gmt":"2017-04-25T12:55:01","guid":{"rendered":"https:\/\/www.upo.es\/diario\/?p=19943028"},"modified":"2017-05-09T10:49:29","modified_gmt":"2017-05-09T10:49:29","slug":"presentada-la-xv-edicion-de-los-cursos-de-verano-de-la-universidad-pablo-de-olavide-en-su-sede-de-carmona","status":"publish","type":"post","link":"https:\/\/www.upo.es\/diario\/institucional\/2017\/04\/presentada-la-xv-edicion-de-los-cursos-de-verano-de-la-universidad-pablo-de-olavide-en-su-sede-de-carmona\/","title":{"rendered":"Presentada la XV edici\u00f3n de los Cursos de Verano de la Universidad Pablo de Olavide en su sede de Carmona"},"content":{"rendered":"<figure id=\"attachment_19943030\" aria-describedby=\"caption-attachment-19943030\" style=\"width: 600px\" class=\"wp-caption aligncenter\"><a href=\"https:\/\/www.upo.es\/diario\/wp-content\/uploads\/2017\/04\/present-CuVe-UPO-2017.jpg\"><img loading=\"lazy\" decoding=\"async\" class=\"size-large wp-image-19943030\" alt=\"La XV edici\u00f3n de los Cursos de Verano ha sido presentada en el Real Alc\u00e1zar de Sevilla\" src=\"https:\/\/www.upo.es\/diario\/wp-content\/uploads\/2017\/04\/present-CuVe-UPO-2017-600x327.jpg\" width=\"600\" height=\"327\" srcset=\"https:\/\/www.upo.es\/diario\/wp-content\/uploads\/2017\/04\/present-CuVe-UPO-2017-600x327.jpg 600w, https:\/\/www.upo.es\/diario\/wp-content\/uploads\/2017\/04\/present-CuVe-UPO-2017-320x174.jpg 320w\" sizes=\"auto, (max-width: 600px) 100vw, 600px\" \/><\/a><figcaption id=\"caption-attachment-19943030\" class=\"wp-caption-text\">La XV edici\u00f3n de los Cursos de Verano ha sido presentada en el Real Alc\u00e1zar de Sevilla<\/figcaption><\/figure>\n<p>Los Cursos de Verano de la Universidad Pablo de Olavide<strong> se celebrar\u00e1n nuevamente en su XV edici\u00f3n en la sede de Carmona, del 3 de julio al 25 de agosto<\/strong>, organizados por la UPO en colaboraci\u00f3n con el Ayuntamiento de esta ciudad. La Casa Palacio de Los Briones, sede permanente de la Universidad Pablo de Olavide en Carmona, acoger\u00e1 por decimoquinto a\u00f1o consecutivo un total de 41 Cursos de Verano.<\/p>\n<p>En los Cursos de Verano se abordar\u00e1n, entre otros, temas diversos, como el terrorismo yihadista, los desaf\u00edos del Estado de Derecho, el periodismo y las redes sociales, la traducci\u00f3n en el cine, el coaching, la comunicaci\u00f3n y el liderazgo, la alimentaci\u00f3n vegetariana, los vinos de Andaluc\u00eda, el uso civil de drones en Espa\u00f1a, el cambio clim\u00e1tico y la seguridad alimentaria, la gestaci\u00f3n por sustituci\u00f3n, el legado de la cocina andalus\u00ed, los secretos del cante flamenco, la Ley de Igualdad o la historia y cultura de los jud\u00edos de Sefarad, en los que participar\u00e1n diferentes especialistas nacionales e internacionales.<\/p>\n<p>El rector de la Universidad Pablo de Olavide, Vicente Guzm\u00e1n Fluja ha presidido esta ma\u00f1ana en el Real Alc\u00e1zar de Sevilla el acto de presentaci\u00f3n de estos seminarios, acompa\u00f1ado por la directora del Real Alc\u00e1zar de Sevilla, Isabel Rodr\u00edguez Rodr\u00edguez; el alcalde de Carmona, Juan \u00c1vila Guti\u00e9rrez; la presidenta del Consejo Social de la UPO, Amparo Rubiales Torrej\u00f3n; la diputada del \u00c1rea de Cultura y Ciudadan\u00eda de la Diputaci\u00f3n de Sevilla, Roc\u00edo Sutil Dom\u00ednguez y el director de Acci\u00f3n Social y Emprendedores de la Fundaci\u00f3n Cajasol, Luis Miguel Pons Moriche, quienes han coincidido en destacar la actualidad de los temas objeto de los cursos de este pr\u00f3ximo verano y la relevancia de los ponentes que intervendr\u00e1n en los mismos.<\/p>\n<p>El rector Vicente Guzm\u00e1n ha comenzado el acto afirmando que es un placer tener a disposici\u00f3n el marco del Real Alc\u00e1zar para presentar la XV edici\u00f3n de los Cursos de Verano. Adem\u00e1s, ha agradecido el apoyo de instituciones como la Diputaci\u00f3n de Sevilla, la Fundaci\u00f3n Cajasol y el Ayuntamiento de Carmona que \u201chan hecho posible el sue\u00f1o de la primera rectora de la UPO, Rosario Valpuesta, de llevar la formaci\u00f3n a la provincia y fomentar el conocimiento abierto a la sociedad\u201d.<\/p>\n<p><a href=\"https:\/\/www.upo.es\/diario\/wp-content\/uploads\/2017\/04\/present-CuVe-UPO-2017_2.jpg\"><img loading=\"lazy\" decoding=\"async\" class=\"alignright size-medium wp-image-19943031\" alt=\"present-CuVe-UPO-2017_2\" src=\"https:\/\/www.upo.es\/diario\/wp-content\/uploads\/2017\/04\/present-CuVe-UPO-2017_2-320x213.jpg\" width=\"320\" height=\"213\" srcset=\"https:\/\/www.upo.es\/diario\/wp-content\/uploads\/2017\/04\/present-CuVe-UPO-2017_2-320x213.jpg 320w, https:\/\/www.upo.es\/diario\/wp-content\/uploads\/2017\/04\/present-CuVe-UPO-2017_2-600x400.jpg 600w\" sizes=\"auto, (max-width: 320px) 100vw, 320px\" \/><\/a>Por su parte, Isabel Rodr\u00edguez, directora del Real Alc\u00e1zar de Sevilla, ha dado la bienvenida a los asistentes y ha se\u00f1alado que \u201cpara nosotros es un honor poder acoger el acto de presentaci\u00f3n de los Cursos de Verano de la Universidad Pablo de Olavide por la vinculaci\u00f3n que tanto Antonio Mu\u00f1oz, delegado del \u00c1rea de H\u00e1bitat Urbano, Cultura y Turismo del Ayuntamiento de Sevilla como yo tenemos desde hace una d\u00e9cada\u201d.<\/p>\n<p>En esta nueva edici\u00f3n de los cursos, los seminarios se celebrar\u00e1n en el mes de julio, mientras que a lo largo del mes de agosto se llevar\u00e1 a cabo en Carmona un curso pr\u00e1ctico destinado a realizar pr\u00e1cticas arqueol\u00f3gicas de campo. Adem\u00e1s de los tradicionales cursos de cinco d\u00edas, en esta edici\u00f3n se ha vuelto a apostar por la inclusi\u00f3n en el programa estival de seminarios de tres y dos d\u00edas, dirigidos sobre todo al reciclaje de profesionales para que puedan compaginar la formaci\u00f3n con su actividad laboral.<\/p>\n<p>Adem\u00e1s, es destacable que por cuarto a\u00f1o consecutivo se ha vuelto a incluir en la programaci\u00f3n estival dos cursos de verano coordinados por el Centro Adscrito San Isidoro (CEADE) en virtud al convenio suscrito entre la Universidad Pablo de Olavide y esta instituci\u00f3n \u201cModa y comunicaci\u00f3n: las claves de su futuro\u201d y \u201cDe las webseries a las plataformas digitales, el futuro del audiovisual\u201d.<\/p>\n<p><strong>El plazo de matr\u00edcula para inscribirse en los Cursos de Verano 2017 de la Universidad Pablo de Olavide se abrir\u00e1 el 26 de abril<\/strong> y permanecer\u00e1 abierto mientras queden plazas disponibles. Los estudiantes que as\u00ed lo quieran podr\u00e1n realizar su matr\u00edcula a trav\u00e9s de Internet en la web <a href=\"file:\/\/\/G:\/AppData\/Local\/Temp\/www.upo.es\/olavideencarmona\">www.upo.es\/olavideencarmona<\/a>. En cada curso se reserva un 10 por ciento para estudiantes becados.<\/p>\n<p>Estos cursos obtendr\u00e1n el reconocimiento de cr\u00e9ditos para los estudiantes de todas las universidades p\u00fablicas andaluzas y centros concertados de la UNED que los soliciten. Asimismo, los Cursos de Verano de la UPO se desarrollan en colaboraci\u00f3n con la Consejer\u00eda de Educaci\u00f3n de la Junta de Andaluc\u00eda, que inscribir\u00e1 estas actividades en el Registro de Actividades de Formaci\u00f3n Permanente del Profesorado, con lo cual sirven de m\u00e9rito para los profesores que as\u00ed lo requieran.<\/p>\n<p><b>PONENTES<\/b><\/p>\n<p><a href=\"https:\/\/www.upo.es\/diario\/wp-content\/uploads\/2017\/04\/cartel_cursos_2017.jpg\"><img loading=\"lazy\" decoding=\"async\" class=\"alignright size-large wp-image-19943032\" alt=\"cartel_cursos_2017\" src=\"https:\/\/www.upo.es\/diario\/wp-content\/uploads\/2017\/04\/cartel_cursos_2017-333x600.jpg\" width=\"333\" height=\"600\" srcset=\"https:\/\/www.upo.es\/diario\/wp-content\/uploads\/2017\/04\/cartel_cursos_2017-333x600.jpg 333w, https:\/\/www.upo.es\/diario\/wp-content\/uploads\/2017\/04\/cartel_cursos_2017-177x320.jpg 177w, https:\/\/www.upo.es\/diario\/wp-content\/uploads\/2017\/04\/cartel_cursos_2017-600x1079.jpg 600w, https:\/\/www.upo.es\/diario\/wp-content\/uploads\/2017\/04\/cartel_cursos_2017.jpg 667w\" sizes=\"auto, (max-width: 333px) 100vw, 333px\" \/><\/a>Los cursos de verano de este a\u00f1o ofrecen un programa multidisciplinar en el que participar\u00e1n un total de 353 ponentes y conferenciantes. Adem\u00e1s, se espera la participaci\u00f3n de unos 800 estudiantes. Con respecto a los ponentes, hay que destacar la presencia en los Cursos de Verano del presidente de la Fundaci\u00f3n Cultura de Paz y ex director general de la UNESCO, Federico Mayor Zaragoza; del ex ministro de Educaci\u00f3n y presidente de la Conferencia de Rectores de Universidades Espa\u00f1olas, \u00c1ngel Gabilondo Pujol; de los escritores Luis Garc\u00eda Montero, Juan Jos\u00e9 T\u00e9llez y Laura Freixas; del torero Curro Romero, del cantaor Pansequito, as\u00ed como tambi\u00e9n de la periodista de la cadena SER Pepa Bueno.<\/p>\n<p>Tambi\u00e9n participar\u00e1n otros periodistas como Vicente Vall\u00e9s, presentador de informativos de Antena 3; Almudena Ariza, corresponsal de TVE en Estados Unidos; Montserrat Dom\u00ednguez, directora de El Huffington Post; Ignacio Ramonet, director en Par\u00eds de Le Monde Diplomatique; Ram\u00f3n Lobo, periodista en el diario.es; Luc\u00eda M\u00e9ndez, analista de Herrera en la Onda y La Br\u00fajula; Ignacio Escolar, director de eldiario.es; Jes\u00fas Mara\u00f1a, director de infoLibre; Isa\u00edas Lafuente, de la Cadena SER; Alejandro Vega, director de RTVE Digital; Carlos Fern\u00e1ndez, community manager de Iberdrola y ex community de la Polic\u00eda Nacional o el tuitero Gerardo Tec\u00e9.<\/p>\n<p>Joaquim Bosch, juez en Moncada (Valencia) y portavoz territorial de Jueces para la Democracia, tambi\u00e9n participar\u00e1 en los cursos de verano de \u2018Olavide en Carmona\u2019, as\u00ed como Francisco Serrano, abogado y ex titular del Juzgado de Primera Instancia 1\u00ba 7 de Sevilla; la abogada Ana Mar\u00eda Ruiz Tagle, ex diputada constituyente y presidenta de la Asociaci\u00f3n Rosario Valpuesta; Fernando Reinares, director del Programa sobre Terrorismo Global en el Real Instituto Elcano; Joaqu\u00edn Castell\u00f3n, director operativo del Departamento de Seguridad Nacional del Ministerio de la Presidencia; Ignacio Gabald\u00f3n, teniente coronel del Ej\u00e9rcito de Tierra y miembro de la IMSDivisi\u00f3n de Inteligencia en el Cuartel General de la OTAN (Bruselas) o Juanfer F. Calder\u00edn, director del Observatorio Internacional de Estudios sobre el Terrorismo.<\/p>\n<p>Asimismo, tambi\u00e9n se contar\u00e1 con la participaci\u00f3n de Guillermo Fern\u00e1ndez Vara, presidente de la Junta de Extremadura; Pablo Casado, vicesecretario general de Comunicaci\u00f3n del Partido Popular; Manuel Jim\u00e9nez Barrios, consejero de la Presidencia y Administraci\u00f3n Local de la Junta de Andaluc\u00eda; Jos\u00e9 Fiscal L\u00f3pez, consejero de Medio Ambiente y Ordenaci\u00f3n del Territorio; Miguel \u00c1ngel V\u00e1zquez, portavoz del Gobierno Andaluz; Teresa Rodr\u00edguez, coordinadora y portavoz de Podemos en Andaluc\u00eda; Antonio Ma\u00edllo, coordinador general de Izquierda Unida en Andaluc\u00eda; Fernando de P\u00e1ramo, secretario de Comunicaci\u00f3n de Ciudadanos; Carmen Alborch, ex ministra de Cultura y escritora o Francisco Carbonero, secretario general de CC.OO. de Andaluc\u00eda.<\/p>\n<p>Destaca adem\u00e1s la participaci\u00f3n de Cristina Heeren, creadora de la fundaci\u00f3n que lleva dicho nombre; del dise\u00f1ador de moda Juanjo Oliva; Alfonso S\u00e1nchez, director y actor de &#8216;El mundo es nuestro&#8217;; Gervasio Iglesias, productor de &#8216;El hombre de las mil caras&#8217;; Antonio P\u00e9rez, productor de &#8216;Solas&#8217;; David S\u00e1inz, creador y director de la webserie &#8216;Malviviendo&#8217; y Oliva Acosta, directora de cine y productora de Olivav\u00e1 producciones, entre otros.<\/p>\n<p>Esta nueva edici\u00f3n de los Cursos de Verano de la Universidad Pablo de Olavide cuenta con la colaboraci\u00f3n de 81 entidades p\u00fablicas y privadas.<\/p>\n<p>M\u00e1s informaci\u00f3n en <a href=\"http:\/\/www.upo.es\/olavideencarmona\/cursos_de_verano\/\">www.upo.es\/olavideencarmona\/cursos_de_verano\/<\/a><\/p>\n","protected":false},"excerpt":{"rendered":"<p>Los Cursos de Verano de la Universidad Pablo de Olavide se celebrar\u00e1n nuevamente en su XV edici\u00f3n en la sede de Carmona, del 3 de julio al 25 de agosto, organizados por la UPO en colaboraci\u00f3n con el Ayuntamiento de esta ciudad. La Casa Palacio de Los Briones, sede permanente de la Universidad Pablo de Olavide en Carmona, acoger\u00e1 por decimoquinto a\u00f1o consecutivo un total de 41 Cursos de Verano. <\/p>\n","protected":false},"author":6,"featured_media":0,"comment_status":"closed","ping_status":"open","sticky":false,"template":"","format":"standard","meta":{"_monsterinsights_skip_tracking":false,"_monsterinsights_sitenote_active":false,"_monsterinsights_sitenote_note":"","_monsterinsights_sitenote_category":0,"footnotes":""},"categories":[6],"tags":[1557,23,1608,1529,22,328,2474,519,38,106],"class_list":["post-19943028","post","type-post","status-publish","format-standard","hentry","category-institucional","tag-amparo-rubiales","tag-carmona","tag-casa-palacio-de-los-briones","tag-cursos","tag-cursos-de-verano","tag-formacion-permanente","tag-fundacion-universidad-pablo-de-olavide","tag-olavide-en-carmona","tag-rector","tag-vicente-c-guzman"],"_links":{"self":[{"href":"https:\/\/www.upo.es\/diario\/wp-json\/wp\/v2\/posts\/19943028","targetHints":{"allow":["GET"]}}],"collection":[{"href":"https:\/\/www.upo.es\/diario\/wp-json\/wp\/v2\/posts"}],"about":[{"href":"https:\/\/www.upo.es\/diario\/wp-json\/wp\/v2\/types\/post"}],"author":[{"embeddable":true,"href":"https:\/\/www.upo.es\/diario\/wp-json\/wp\/v2\/users\/6"}],"replies":[{"embeddable":true,"href":"https:\/\/www.upo.es\/diario\/wp-json\/wp\/v2\/comments?post=19943028"}],"version-history":[{"count":4,"href":"https:\/\/www.upo.es\/diario\/wp-json\/wp\/v2\/posts\/19943028\/revisions"}],"predecessor-version":[{"id":20276317,"href":"https:\/\/www.upo.es\/diario\/wp-json\/wp\/v2\/posts\/19943028\/revisions\/20276317"}],"wp:attachment":[{"href":"https:\/\/www.upo.es\/diario\/wp-json\/wp\/v2\/media?parent=19943028"}],"wp:term":[{"taxonomy":"category","embeddable":true,"href":"https:\/\/www.upo.es\/diario\/wp-json\/wp\/v2\/categories?post=19943028"},{"taxonomy":"post_tag","embeddable":true,"href":"https:\/\/www.upo.es\/diario\/wp-json\/wp\/v2\/tags?post=19943028"}],"curies":[{"name":"wp","href":"https:\/\/api.w.org\/{rel}","templated":true}]}}