{"id":19963938,"date":"2017-04-26T10:36:19","date_gmt":"2017-04-26T10:36:19","guid":{"rendered":"https:\/\/www.upo.es\/diario\/?p=19963938"},"modified":"2017-04-26T10:36:19","modified_gmt":"2017-04-26T10:36:19","slug":"sobresaliente-cum-laude-para-la-tesis-mejora-y-protocolizacion-en-el-proceso-diagnostico-tratamiento-y-evaluacion-de-resultados-en-el-sindrome-de-tunel-carpiano","status":"publish","type":"post","link":"https:\/\/www.upo.es\/diario\/tesis\/2017\/04\/sobresaliente-cum-laude-para-la-tesis-mejora-y-protocolizacion-en-el-proceso-diagnostico-tratamiento-y-evaluacion-de-resultados-en-el-sindrome-de-tunel-carpiano\/","title":{"rendered":"Sobresaliente Cum Laude para la tesis \u201cMejora y protocolizaci\u00f3n en el proceso diagn\u00f3stico, tratamiento y evaluaci\u00f3n de resultados en el s\u00edndrome de t\u00fanel carpiano\u201d"},"content":{"rendered":"<p><span style=\"color: #000000; font-family: Times New Roman;\">El pasado viernes tuvo lugar en la Sala de Grados del Edificio 6 la defensa p\u00fablica de la tesis doctoral titulada \u201cMejora y protocolizaci\u00f3n en el proceso diagn\u00f3stico, tratamiento y evaluaci\u00f3n de resultados en el s\u00edndrome de t\u00fanel carpiano\u201d, de la que es autor Joaqu\u00edn Vel\u00e1zquez Vel\u00e1zquez. Esta tesis doctoral, dirigida por los profesores Carmen Men\u00e9ndez de Le\u00f3n del Hospital Universiario Virgen Macarena, Jos\u00e9 Mart\u00ednez-Sahuquillo M\u00e1rquez de la Universidad de Sevilla y Donaldo Arteta Arteta de la Universidad Pablo de Olavide en el marco del programa de doctorado \u201cNeurociencias\u201d, ha obtenido la calificaci\u00f3n de Sobresaliente Cum Laude y la menci\u00f3n de Doctor Internacional. <\/span><\/p>\n","protected":false},"excerpt":{"rendered":"<p>El pasado viernes tuvo lugar en la Sala de Grados del Edificio 6 la defensa p\u00fablica de la tesis doctoral titulada \u201cMejora y protocolizaci\u00f3n en el proceso diagn\u00f3stico, tratamiento y evaluaci\u00f3n de resultados en el s\u00edndrome de t\u00fanel carpiano\u201d, de la que es autor Joaqu\u00edn Vel\u00e1zquez Vel\u00e1zquez. Esta tesis doctoral, dirigida por los profesores Carmen Men\u00e9ndez de Le\u00f3n del Hospital Universiario Virgen Macarena, Jos\u00e9 Mart\u00ednez-Sahuquillo M\u00e1rquez de la Universidad de Sevilla y Donaldo Arteta Arteta de la Universidad Pablo de Olavide en el marco del programa de doctorado \u201cNeurociencias\u201d, ha obtenido la calificaci\u00f3n de Sobresaliente Cum Laude y la menci\u00f3n de Doctor Internacional. <\/p>\n","protected":false},"author":5,"featured_media":0,"comment_status":"closed","ping_status":"open","sticky":false,"template":"","format":"standard","meta":{"_monsterinsights_skip_tracking":false,"_monsterinsights_sitenote_active":false,"_monsterinsights_sitenote_note":"","_monsterinsights_sitenote_category":0,"footnotes":""},"categories":[119],"tags":[4016,2412,4014,4015],"class_list":["post-19963938","post","type-post","status-publish","format-standard","hentry","category-tesis","tag-diagnostico","tag-neurociencias","tag-sindrome-de-tunel-carpiano","tag-tratamiento"],"_links":{"self":[{"href":"https:\/\/www.upo.es\/diario\/wp-json\/wp\/v2\/posts\/19963938","targetHints":{"allow":["GET"]}}],"collection":[{"href":"https:\/\/www.upo.es\/diario\/wp-json\/wp\/v2\/posts"}],"about":[{"href":"https:\/\/www.upo.es\/diario\/wp-json\/wp\/v2\/types\/post"}],"author":[{"embeddable":true,"href":"https:\/\/www.upo.es\/diario\/wp-json\/wp\/v2\/users\/5"}],"replies":[{"embeddable":true,"href":"https:\/\/www.upo.es\/diario\/wp-json\/wp\/v2\/comments?post=19963938"}],"version-history":[{"count":1,"href":"https:\/\/www.upo.es\/diario\/wp-json\/wp\/v2\/posts\/19963938\/revisions"}],"predecessor-version":[{"id":19963941,"href":"https:\/\/www.upo.es\/diario\/wp-json\/wp\/v2\/posts\/19963938\/revisions\/19963941"}],"wp:attachment":[{"href":"https:\/\/www.upo.es\/diario\/wp-json\/wp\/v2\/media?parent=19963938"}],"wp:term":[{"taxonomy":"category","embeddable":true,"href":"https:\/\/www.upo.es\/diario\/wp-json\/wp\/v2\/categories?post=19963938"},{"taxonomy":"post_tag","embeddable":true,"href":"https:\/\/www.upo.es\/diario\/wp-json\/wp\/v2\/tags?post=19963938"}],"curies":[{"name":"wp","href":"https:\/\/api.w.org\/{rel}","templated":true}]}}