{"id":2008073,"date":"2013-11-12T23:55:36","date_gmt":"2013-11-12T23:55:36","guid":{"rendered":"https:\/\/www.upo.es\/diario\/?p=2008073"},"modified":"2013-11-13T11:32:10","modified_gmt":"2013-11-13T11:32:10","slug":"manana-dia-de-la-lengua-italiana-en-el-festival-de-cine-europeo-de-sevilla-con-la-proyeccion-de-salvo","status":"publish","type":"post","link":"https:\/\/www.upo.es\/diario\/cultura\/2013\/11\/manana-dia-de-la-lengua-italiana-en-el-festival-de-cine-europeo-de-sevilla-con-la-proyeccion-de-salvo\/","title":{"rendered":"Ma\u00f1ana, D\u00eda de la Lengua Italiana en el Festival de Cine Europeo de Sevilla, con la proyecci\u00f3n de \u00abSalvo\u00bb"},"content":{"rendered":"<figure id=\"attachment_2008077\" aria-describedby=\"caption-attachment-2008077\" style=\"width: 240px\" class=\"wp-caption alignright\"><a href=\"https:\/\/www.upo.es\/diario\/wp-content\/uploads\/2013\/11\/salvo-cartel.jpg\"><img loading=\"lazy\" decoding=\"async\" class=\"size-medium wp-image-2008077\" alt=\" \u201cSalvo\u201d de Fabio Grassadonia y Antonio Piazza (cartel)\" src=\"https:\/\/www.upo.es\/diario\/wp-content\/uploads\/2013\/11\/salvo-cartel-240x320.jpg\" width=\"240\" height=\"320\" srcset=\"https:\/\/www.upo.es\/diario\/wp-content\/uploads\/2013\/11\/salvo-cartel-240x320.jpg 240w, https:\/\/www.upo.es\/diario\/wp-content\/uploads\/2013\/11\/salvo-cartel.jpg 300w\" sizes=\"auto, (max-width: 240px) 100vw, 240px\" \/><\/a><figcaption id=\"caption-attachment-2008077\" class=\"wp-caption-text\">\u201cSalvo\u201d de Fabio Grassadonia y Antonio Piazza<\/figcaption><\/figure>\n<p><span style=\"text-decoration: underline;\">Ma\u00f1ana mi\u00e9rcoles 13 de noviembre<\/span>, el \u00c1rea de Filolog\u00eda Italiana de la Facultad de Humanidades de la Universidad Pablo de Olavide y el Centro Cultural Italiano de Sevilla organizan la octava edici\u00f3n del <b>D\u00eda de la Lengua Italiana<\/b>, como actividad paralela del <a href=\"http:\/\/festivalcinesevilla.eu\/\">Sevilla Festival de Cine Europeo<\/a>, que este a\u00f1o celebra su d\u00e9cima edici\u00f3n y con el que la Universidad Pablo de Olavide tiene firmado, adem\u00e1s, un convenio de colaboraci\u00f3n por el que ocho estudiantes de la Facultad de Humanidades realizan labores de interpretaci\u00f3n durante el festival cinematogr\u00e1fico.<\/p>\n<p>Dicha actividad, destinada a todas aquellas personas de la provincia de Sevilla vinculadas al estudio de la lengua y la cultura italianas, consiste en la <span style=\"text-decoration: underline;\">proyecci\u00f3n a las 11.00 horas en el cine Alameda, de la pel\u00edcula <b>\u201cSalvo\u201d<\/b><\/span> de Fabio Grassadonia y Antonio Piazza, que obtuvo el Gran Premio de la Cr\u00edtica y el Premio Revelaci\u00f3n en el pasado Festival de Cannes, y que ser\u00e1 presentada por Grassadonia, Estefan\u00eda Flores Acu\u00f1a, responsable del \u00c1rea de Filolog\u00eda Italiana de la UPO, y Marina Sciarretta, directora del <a href=\"http:\/\/www.centroculturalitaliano.com\/\">Centro Cultural italiano de Sevilla<\/a>. <span style=\"text-decoration: underline;\">La asistencia es por invitaci\u00f3n.<\/span><\/p>\n<p>Por la tarde, Fabio Grassadonia ofrecer\u00e1, <span style=\"text-decoration: underline;\">a las 18.00 horas en la Sala de Prensa del Rectorado de la Universidad Pablo de Olavide, la conferencia \u201c\u00c8 Salvo il cinema italiano?\u201d. <\/span>El director italiano ser\u00e1 presentado por el rector de la UPO Vicente Guzm\u00e1n Fluja. Tras la conferencia se abrir\u00e1 un turno de preguntas. \u00a0La asistencia es libre hasta completar aforo.<\/p>\n","protected":false},"excerpt":{"rendered":"<p>Ma\u00f1ana mi\u00e9rcoles 13 de noviembre, el \u00c1rea de Filolog\u00eda Italiana de la Facultad de Humanidades de la Universidad Pablo de Olavide y el Centro Cultural Italiano de Sevilla organizan la octava edici\u00f3n del D\u00eda de la Lengua Italiana, como actividad paralela del Sevilla Festival de Cine Europeo, que este a\u00f1o celebra su d\u00e9cima edici\u00f3n y con el que la Universidad Pablo de Olavide tiene firmado, adem\u00e1s, un convenio de colaboraci\u00f3n por el que ocho estudiantes de la Facultad de Humanidades realizan labores de interpretaci\u00f3n durante el festival cinematogr\u00e1fico.<\/p>\n","protected":false},"author":2,"featured_media":0,"comment_status":"closed","ping_status":"open","sticky":false,"template":"","format":"standard","meta":{"_monsterinsights_skip_tracking":false,"_monsterinsights_sitenote_active":false,"_monsterinsights_sitenote_note":"","_monsterinsights_sitenote_category":0,"footnotes":""},"categories":[7],"tags":[937,227,982,983],"class_list":["post-2008073","post","type-post","status-publish","format-standard","hentry","category-cultura","tag-cine","tag-conferencia","tag-italia","tag-italiano"],"_links":{"self":[{"href":"https:\/\/www.upo.es\/diario\/wp-json\/wp\/v2\/posts\/2008073","targetHints":{"allow":["GET"]}}],"collection":[{"href":"https:\/\/www.upo.es\/diario\/wp-json\/wp\/v2\/posts"}],"about":[{"href":"https:\/\/www.upo.es\/diario\/wp-json\/wp\/v2\/types\/post"}],"author":[{"embeddable":true,"href":"https:\/\/www.upo.es\/diario\/wp-json\/wp\/v2\/users\/2"}],"replies":[{"embeddable":true,"href":"https:\/\/www.upo.es\/diario\/wp-json\/wp\/v2\/comments?post=2008073"}],"version-history":[{"count":9,"href":"https:\/\/www.upo.es\/diario\/wp-json\/wp\/v2\/posts\/2008073\/revisions"}],"predecessor-version":[{"id":2008078,"href":"https:\/\/www.upo.es\/diario\/wp-json\/wp\/v2\/posts\/2008073\/revisions\/2008078"}],"wp:attachment":[{"href":"https:\/\/www.upo.es\/diario\/wp-json\/wp\/v2\/media?parent=2008073"}],"wp:term":[{"taxonomy":"category","embeddable":true,"href":"https:\/\/www.upo.es\/diario\/wp-json\/wp\/v2\/categories?post=2008073"},{"taxonomy":"post_tag","embeddable":true,"href":"https:\/\/www.upo.es\/diario\/wp-json\/wp\/v2\/tags?post=2008073"}],"curies":[{"name":"wp","href":"https:\/\/api.w.org\/{rel}","templated":true}]}}