{"id":2008082,"date":"2013-11-13T05:55:42","date_gmt":"2013-11-13T05:55:42","guid":{"rendered":"https:\/\/www.upo.es\/diario\/?p=2008082"},"modified":"2013-11-13T07:30:27","modified_gmt":"2013-11-13T07:30:27","slug":"la-escalera-teatro-representa-manana-en-la-uja-el-espectaculo-sed-habitando-la-memoria","status":"publish","type":"post","link":"https:\/\/www.upo.es\/diario\/cultura\/2013\/11\/la-escalera-teatro-representa-manana-en-la-uja-el-espectaculo-sed-habitando-la-memoria\/","title":{"rendered":"La Escalera Teatro representa hoy en la UJA el espect\u00e1culo \u00abSed: Habitando la memoria\u00bb"},"content":{"rendered":"<p>&nbsp;<\/p>\n<figure id=\"attachment_2008419\" aria-describedby=\"caption-attachment-2008419\" style=\"width: 320px\" class=\"wp-caption alignright\"><a href=\"https:\/\/www.upo.es\/diario\/wp-content\/uploads\/2013\/11\/cartel_teatro.jpg\"><img loading=\"lazy\" decoding=\"async\" class=\"size-medium wp-image-2008419 \" alt=\"El VI Encuentro Andaluz de Aulas de Teatro Universitario se celebra en la Universidad de Ja\u00e9n hasta el 22 de noviembre.\" src=\"https:\/\/www.upo.es\/diario\/wp-content\/uploads\/2013\/11\/cartel_teatro-320x182.jpg\" width=\"320\" height=\"182\" srcset=\"https:\/\/www.upo.es\/diario\/wp-content\/uploads\/2013\/11\/cartel_teatro-320x182.jpg 320w, https:\/\/www.upo.es\/diario\/wp-content\/uploads\/2013\/11\/cartel_teatro.jpg 448w\" sizes=\"auto, (max-width: 320px) 100vw, 320px\" \/><\/a><figcaption id=\"caption-attachment-2008419\" class=\"wp-caption-text\">El VI Encuentro Andaluz de Aulas de Teatro Universitario se celebra en la Universidad de Ja\u00e9n hasta el 22 de noviembre.<\/figcaption><\/figure>\n<p><span style=\"text-decoration: underline;\">Hoy mi\u00e9rcoles 13 de noviembre, a las 20.30 horas en el Aula Magna de la Universidad de Ja\u00e9n,<\/span> La Escalera Teatro pondr\u00e1 en escena el espect\u00e1culo <b>\u201cSed: Habitando la Memoria\u201d<\/b>, bajo la direcci\u00f3n de Mariana Gonz\u00e1lez Roberts, profesora del Aula de Teatro de la Universidad Pablo de Olavide, y producida por el Vicerrectorado de Cultura, Participaci\u00f3n y Compromiso Social de la UPO y la asociaci\u00f3n cultural La Escalera Teatro. Este espect\u00e1culo se enmarca dentro del <b>VI Encuentro Andaluz de Aulas de Teatro Universitario<\/b> coordinado por la Universidad de Ja\u00e9n. <span style=\"text-decoration: underline;\">La entrada<\/span><span style=\"text-decoration: underline;\"> es libre hasta completar aforo.<\/span><\/p>\n<p>El espect\u00e1culo \u201cSed: Habitando la Memoria\u201d es un homenaje a las v\u00edctimas y represaliados pol\u00edticos durante la dictadura de Franco, contando sus vivencias a trav\u00e9s de un recorrido est\u00e9tico por los espacios, las im\u00e1genes, los objetos y, en general, por las superficies expresivas donde habita el cuerpo y su intencionalidad en intensidades.<\/p>\n<p>La obra est\u00e1 creada a partir de un proceso de investigaci\u00f3n sobre el Canal del Bajo Guadalquivir, una de las obras p\u00fablicas que mayor n\u00famero de presos absorbi\u00f3, conocida como el Canal de los Presos, que ha permitido a los actores y actrices enfrentarse al proceso creativo de este espect\u00e1culo. Para ello, han contado con la aportaci\u00f3n informativa del profesor de la UPO \u00c1ngel del R\u00edo S\u00e1nchez, los encuentros mantenidos con Cecilio Gordillo y Antonio Hidalgo, los protagonistas de la historia, y el visionado del documental \u201cLos presos del Silencio\u201d de Eduardo Montero y Mariano Agudo.<\/p>\n<p>La <a href=\"http:\/\/www10.ujaen.es\/conocenos\/organos-gobierno\/secacult\/artes_escenicas\/EAATU_2013\">Universidad de Ja\u00e9n<\/a> (UJA) acoge desde el 12 hasta el 22 de noviembre el <a href=\"http:\/\/www10.ujaen.es\/conocenos\/organos-gobierno\/secacult\/artes_escenicas\/EAATU_2013\">VI Encuentro Andaluz de Aulas de Teatro Universitario<\/a>, que coordina la instituci\u00f3n jiennense, en el marco del Proyecto Atalaya, y en el que participan siete compa\u00f1\u00edas, as\u00ed como la actriz Rosario Pardo, que ofrecer\u00e1 una conferencia.<\/p>\n","protected":false},"excerpt":{"rendered":"<p>Hoy mi\u00e9rcoles 13 de noviembre, a las 20.30 horas en el Aula Magna de la Universidad de Ja\u00e9n, La Escalera Teatro pondr\u00e1 en escena el espect\u00e1culo \u201cSed: Habitando la Memoria\u201d, bajo la direcci\u00f3n de Mariana Gonz\u00e1lez Roberts, profesora del Aula de Teatro de la Universidad Pablo de Olavide, y producida por el Vicerrectorado de Cultura, Participaci\u00f3n y Compromiso Social de la UPO y la asociaci\u00f3n cultural La Escalera Teatro. Este espect\u00e1culo se enmarca dentro del VI Encuentro Andaluz de Aulas de Teatro Universitario coordinado por la Universidad de Ja\u00e9n. La entrada es libre hasta completar aforo.<\/p>\n","protected":false},"author":2,"featured_media":0,"comment_status":"closed","ping_status":"open","sticky":false,"template":"","format":"standard","meta":{"_acf_changed":false,"_monsterinsights_skip_tracking":false,"footnotes":""},"categories":[7],"tags":[572,73,95,346],"class_list":["post-2008082","post","type-post","status-publish","format-standard","hentry","category-cultura","tag-espectaculo","tag-la-escalera-teatro","tag-teatro","tag-uja"],"acf":[],"_links":{"self":[{"href":"https:\/\/www.upo.es\/diario\/wp-json\/wp\/v2\/posts\/2008082","targetHints":{"allow":["GET"]}}],"collection":[{"href":"https:\/\/www.upo.es\/diario\/wp-json\/wp\/v2\/posts"}],"about":[{"href":"https:\/\/www.upo.es\/diario\/wp-json\/wp\/v2\/types\/post"}],"author":[{"embeddable":true,"href":"https:\/\/www.upo.es\/diario\/wp-json\/wp\/v2\/users\/2"}],"replies":[{"embeddable":true,"href":"https:\/\/www.upo.es\/diario\/wp-json\/wp\/v2\/comments?post=2008082"}],"version-history":[{"count":6,"href":"https:\/\/www.upo.es\/diario\/wp-json\/wp\/v2\/posts\/2008082\/revisions"}],"predecessor-version":[{"id":2014482,"href":"https:\/\/www.upo.es\/diario\/wp-json\/wp\/v2\/posts\/2008082\/revisions\/2014482"}],"wp:attachment":[{"href":"https:\/\/www.upo.es\/diario\/wp-json\/wp\/v2\/media?parent=2008082"}],"wp:term":[{"taxonomy":"category","embeddable":true,"href":"https:\/\/www.upo.es\/diario\/wp-json\/wp\/v2\/categories?post=2008082"},{"taxonomy":"post_tag","embeddable":true,"href":"https:\/\/www.upo.es\/diario\/wp-json\/wp\/v2\/tags?post=2008082"}],"curies":[{"name":"wp","href":"https:\/\/api.w.org\/{rel}","templated":true}]}}