{"id":2016520,"date":"2013-11-14T06:01:15","date_gmt":"2013-11-14T05:01:15","guid":{"rendered":"https:\/\/www.upo.es\/diario\/?p=2016520"},"modified":"2020-10-27T16:57:09","modified_gmt":"2020-10-27T15:57:09","slug":"manana-continua-en-la-upo-el-ciclo-cine-y-exclusion-social-con-la-pelicula-14-kilometros","status":"publish","type":"post","link":"https:\/\/www.upo.es\/diario\/cultura\/2013\/11\/manana-continua-en-la-upo-el-ciclo-cine-y-exclusion-social-con-la-pelicula-14-kilometros\/","title":{"rendered":"Contin\u00faa en la UPO el ciclo \u00abCine y Exclusi\u00f3n Social\u00bb con la pel\u00edcula \u00ab14 kil\u00f3metros\u00bb"},"content":{"rendered":"<figure id=\"attachment_2016521\" aria-describedby=\"caption-attachment-2016521\" style=\"width: 226px\" class=\"wp-caption alignright\"><a href=\"https:\/\/www.upo.es\/diario\/wp-content\/uploads\/2013\/11\/14kilometros_cartel.jpeg\"><img loading=\"lazy\" decoding=\"async\" class=\"size-medium wp-image-2016521\" alt=\"Ma\u00f1ana se proyectar\u00e1 la pel\u00edcula &quot;14 Kil\u00f3metros&quot;.\" src=\"https:\/\/www.upo.es\/diario\/wp-content\/uploads\/2013\/11\/14kilometros_cartel-226x320.jpeg\" width=\"226\" height=\"320\" srcset=\"https:\/\/www.upo.es\/diario\/wp-content\/uploads\/2013\/11\/14kilometros_cartel-226x320.jpeg 226w, https:\/\/www.upo.es\/diario\/wp-content\/uploads\/2013\/11\/14kilometros_cartel-724x1024.jpeg 724w, https:\/\/www.upo.es\/diario\/wp-content\/uploads\/2013\/11\/14kilometros_cartel-600x848.jpeg 600w, https:\/\/www.upo.es\/diario\/wp-content\/uploads\/2013\/11\/14kilometros_cartel.jpeg 930w\" sizes=\"auto, (max-width: 226px) 100vw, 226px\" \/><\/a><figcaption id=\"caption-attachment-2016521\" class=\"wp-caption-text\">Ma\u00f1ana se proyectar\u00e1 la pel\u00edcula \u00ab14 Kil\u00f3metros\u00bb.<\/figcaption><\/figure>\n<p>Hoy jueves 14 de noviembre, a las 17 horas, en la sala de grados del Centro Andaluz de Biolog\u00eda del Desarrollo (CABD), en la Universidad Pablo de Olavide, en el marco del <b>ciclo \u201cCine y exclusi\u00f3n social. Una mirada a lo invisible\u201d,<\/b> se proyectar\u00e1 el largometraje <b>\u201c14 Kil\u00f3metros\u201d<\/b> (2007), del director cordob\u00e9s Gerardo Olivares.<\/p>\n<p>Esta pel\u00edcula cuenta las historias de luces y sombras de \u00c1frica, un film homenaje a las miles de personas que se juegan la vida en busca de un futuro mejor y a las dif\u00edciles decisiones que deben afrontar en el camino. En el coloquio posterior a la proyecci\u00f3n participar\u00e1 Lezin Kimvouama, un licenciado en sociolog\u00eda congole\u00f1o que lleg\u00f3 a Sevilla en el a\u00f1o 2005 buscando la libertad. Desde entonces ha trabajado como mediador intercultural y ha participado en m\u00faltiples charlas, publicaciones, jornadas y actividades de sensibilizaci\u00f3n sobre \u00c1frica y la realidad migratoria de este continente. Moderar\u00e1 el coloquio Antonio I\u00e1\u00f1ez Dom\u00ednguez, profesor del Departamento de Trabajo Social y Servicios Sociales de la UPO.<\/p>\n<p>El ciclo, organizado por la ONG RAIS Fundaci\u00f3n, se celebra todos los jueves hasta el 28 de noviembre. La inscripci\u00f3n es gratuitay se puede hacer a trav\u00e9s de la web www.raisfundacion.org.<\/p>\n<p>\u201cCine y exclusi\u00f3n social. Una mirada a lo invisible\u201d es un ciclo donde se proyectan pel\u00edculas con la exclusi\u00f3n como eje central, en una iniciativa financiada por el Ayuntamiento de Sevilla en la que colabora la Universidad Pablo de Olavide. El ciclo est\u00e1 coordinado por personas en situaci\u00f3n de exclusi\u00f3n social, ya que est\u00e1 enmarcado en un proyecto de inserci\u00f3n sociolaboral para colectivos vulnerables del Ayuntamiento de Sevilla.<\/p>\n<p>Los largometrajes seleccionados describen situaciones y realidades llenas de humanidad que no esconden la dureza y el dolor pero que atisban una salida. En las pr\u00f3ximas sesiones se proyectar\u00e1n las pel\u00edculas <i>15 d\u00edas contigo<\/i> (2005) y <i>Cinco metros cuadrados<\/i> (2011).<\/p>\n<p>En esta ocasi\u00f3n, para hablar sobre la relaci\u00f3n entre el cine y la exclusi\u00f3n y sobre la actualidad de problem\u00e1ticas como la vivienda, las personas sin hogar, la soledad, la homosexualidad, etc., el ciclo cuenta con distintos invitados en todos los pases, propiciando un debate abierto y un espacio de reflexi\u00f3n plural con el p\u00fablico.<\/p>\n<p>Con esta primera edici\u00f3n de \u201cCine y exclusi\u00f3n social\u201d, RAIS Fundaci\u00f3n pretender crear en Andaluc\u00eda un espacio de encuentro en torno al cine para que los espectadores se aproximen, piensen y debatan acerca del fen\u00f3meno de la exclusi\u00f3n social a trav\u00e9s de las vivencias de sus protagonistas.<\/p>\n<p>RAIS Fundaci\u00f3n es una entidad de iniciativa social, no lucrativa, independiente y plural, de \u00e1mbito estatal y creada en 1998. Su principal objetivo es <b>luchar contra la exclusi\u00f3n social <\/b>y dar respuesta a las necesidades de las personas m\u00e1s desfavorecidas, especialmente de las personas sin hogar.<\/p>\n","protected":false},"excerpt":{"rendered":"<p>Hoy jueves 14 de noviembre, a las 17 horas, en la sala de grados del Centro Andaluz de Biolog\u00eda del Desarrollo (CABD), en la Universidad Pablo de Olavide, en el marco del ciclo \u201cCine y exclusi\u00f3n social. Una mirada a lo invisible\u201d, se proyectar\u00e1 el largometraje \u201c14 Kil\u00f3metros\u201d (2007), del director cordob\u00e9s Gerardo Olivares.<\/p>\n","protected":false},"author":2,"featured_media":0,"comment_status":"closed","ping_status":"open","sticky":false,"template":"","format":"standard","meta":{"_monsterinsights_skip_tracking":false,"_monsterinsights_sitenote_active":false,"_monsterinsights_sitenote_note":"","_monsterinsights_sitenote_category":0,"footnotes":""},"categories":[7],"tags":[936,937,455,938],"class_list":["post-2016520","post","type-post","status-publish","format-standard","hentry","category-cultura","tag-ciclo","tag-cine","tag-exclusion-social","tag-ong-rais-fundacion"],"_links":{"self":[{"href":"https:\/\/www.upo.es\/diario\/wp-json\/wp\/v2\/posts\/2016520","targetHints":{"allow":["GET"]}}],"collection":[{"href":"https:\/\/www.upo.es\/diario\/wp-json\/wp\/v2\/posts"}],"about":[{"href":"https:\/\/www.upo.es\/diario\/wp-json\/wp\/v2\/types\/post"}],"author":[{"embeddable":true,"href":"https:\/\/www.upo.es\/diario\/wp-json\/wp\/v2\/users\/2"}],"replies":[{"embeddable":true,"href":"https:\/\/www.upo.es\/diario\/wp-json\/wp\/v2\/comments?post=2016520"}],"version-history":[{"count":5,"href":"https:\/\/www.upo.es\/diario\/wp-json\/wp\/v2\/posts\/2016520\/revisions"}],"predecessor-version":[{"id":2024955,"href":"https:\/\/www.upo.es\/diario\/wp-json\/wp\/v2\/posts\/2016520\/revisions\/2024955"}],"wp:attachment":[{"href":"https:\/\/www.upo.es\/diario\/wp-json\/wp\/v2\/media?parent=2016520"}],"wp:term":[{"taxonomy":"category","embeddable":true,"href":"https:\/\/www.upo.es\/diario\/wp-json\/wp\/v2\/categories?post=2016520"},{"taxonomy":"post_tag","embeddable":true,"href":"https:\/\/www.upo.es\/diario\/wp-json\/wp\/v2\/tags?post=2016520"}],"curies":[{"name":"wp","href":"https:\/\/api.w.org\/{rel}","templated":true}]}}