{"id":2016523,"date":"2013-11-14T05:55:20","date_gmt":"2013-11-14T05:55:20","guid":{"rendered":"https:\/\/www.upo.es\/diario\/?p=2016523"},"modified":"2013-11-15T14:38:26","modified_gmt":"2013-11-15T14:38:26","slug":"al-sur-del-teatro-encuentro-de-artes-escenicas-y-accion-social-se-celebra-desde-manana-en-la-upo","status":"publish","type":"post","link":"https:\/\/www.upo.es\/diario\/cultura\/2013\/11\/al-sur-del-teatro-encuentro-de-artes-escenicas-y-accion-social-se-celebra-desde-manana-en-la-upo\/","title":{"rendered":"\u201cAl sur del teatro. Encuentro de Artes Esc\u00e9nicas y Acci\u00f3n Social\u201d se celebra desde hoy en la UPO"},"content":{"rendered":"<figure id=\"attachment_2023925\" aria-describedby=\"caption-attachment-2023925\" style=\"width: 320px\" class=\"wp-caption alignright\"><a href=\"https:\/\/www.upo.es\/diario\/wp-content\/uploads\/2013\/11\/encuentroteatro2.jpg\"><img loading=\"lazy\" decoding=\"async\" class=\"size-medium wp-image-2023925\" alt=\"En la mesa, de izquierda a derecha, Juan Ruesga, Juan Daniel Ram\u00edrez Garrido, Elodia Hern\u00e1ndez Le\u00f3n, Pepa Gamboa y Juan Antonio Roche C\u00e1rcel.\" src=\"https:\/\/www.upo.es\/diario\/wp-content\/uploads\/2013\/11\/encuentroteatro2-320x213.jpg\" width=\"320\" height=\"213\" srcset=\"https:\/\/www.upo.es\/diario\/wp-content\/uploads\/2013\/11\/encuentroteatro2-320x213.jpg 320w, https:\/\/www.upo.es\/diario\/wp-content\/uploads\/2013\/11\/encuentroteatro2-1024x682.jpg 1024w, https:\/\/www.upo.es\/diario\/wp-content\/uploads\/2013\/11\/encuentroteatro2-600x400.jpg 600w\" sizes=\"auto, (max-width: 320px) 100vw, 320px\" \/><\/a><figcaption id=\"caption-attachment-2023925\" class=\"wp-caption-text\">En la mesa, de izquierda a derecha, Juan Ruesga Navarro, Juan Daniel Ram\u00edrez Garrido, Elodia Hern\u00e1ndez Le\u00f3n, Pepa Gamboa y Juan Antonio Roche C\u00e1rcel.<\/figcaption><\/figure>\n<p>El Vicerrectorado de Cultura, Participaci\u00f3n y Compromiso Social, a trav\u00e9s del Servicio de Extensi\u00f3n Cultural, organiza el proyecto \u201cAl sur del teatro. Encuentro de Artes Esc\u00e9nicas y Acci\u00f3n Social\u201d, el cual se articula como un mini festival de artes esc\u00e9nicas. Se desarrollar\u00e1 desde hoy jueves hasta el s\u00e1bado 16 de noviembre en la Universidad Pablo de Olavide y en el Pol\u00edgono Sur, en la residencia universitaria Flora Trist\u00e1n.<\/p>\n<p>Ser\u00e1n tres d\u00edas de \u00abfestival teatrero\u00bb, dirigido especialmente a los integrantes de las Aulas de Teatro Universitario de las Universidades Andaluzas, que se establecer\u00e1n en la Flora Trist\u00e1n durante esos d\u00edas.<\/p>\n<p>El encuentro ha sido inaugurado hoy jueves \u00a0en el Paraninfo en un acto presidido por Elodia Hern\u00e1ndez Le\u00f3n, vicerrectora de Cultura, Participaci\u00f3n y Compromiso Social de la Universidad Pablo de Olavide. Tras el acto de inauguraci\u00f3n se ha celebrado una mesa una mesa de expertos que, bajo el t\u00edtulo Teatro y Acci\u00f3n Social, articula la colaboraci\u00f3n con el Seminario Imaginaci\u00f3n Social y Artes Esc\u00e9nicas, \u00a0iniciativa en colaboraci\u00f3n con el Ruesga Theater Lab. En esta mesa han participado Juan Ruesga Navarro, arquitecto y escen\u00f3grafo, director del Ruesga Theater Lab; Juan Daniel Ram\u00edrez Garrido, catedr\u00e1tico de Sociolog\u00eda de la Comunicaci\u00f3n de la UPO; Pepa Gamboa, directora de teatro, y Juan Antonio Roche C\u00e1rcel, profesor de Sociolog\u00eda de la Cultura y de las Artes de la Universidad de Alicante.<\/p>\n<p>Por la tarde, a las 21 horas, junto a la residencia Flora Trist\u00e1n (calle Madre Teresa de Calcuta s\/n), habr\u00e1 dos espect\u00e1culos de danza, \u201cLa Mujer Habitada\u201d y \u201cPor Casualidad\u201d, a cargo, respectivamente, de Leonor Leal y de Marco &amp; Chlo\u00e9.<\/p>\n<figure id=\"attachment_2016871\" aria-describedby=\"caption-attachment-2016871\" style=\"width: 320px\" class=\"wp-caption alignleft\"><a href=\"https:\/\/www.upo.es\/diario\/wp-content\/uploads\/2013\/11\/al-sur-del-teatro_programa.jpg\"><img loading=\"lazy\" decoding=\"async\" class=\"size-medium wp-image-2016871\" alt=\"AL SUR DEL TEATRO (cartel)\" src=\"https:\/\/www.upo.es\/diario\/wp-content\/uploads\/2013\/11\/al-sur-del-teatro_programa-320x222.jpg\" width=\"320\" height=\"222\" srcset=\"https:\/\/www.upo.es\/diario\/wp-content\/uploads\/2013\/11\/al-sur-del-teatro_programa-320x222.jpg 320w, https:\/\/www.upo.es\/diario\/wp-content\/uploads\/2013\/11\/al-sur-del-teatro_programa-600x416.jpg 600w, https:\/\/www.upo.es\/diario\/wp-content\/uploads\/2013\/11\/al-sur-del-teatro_programa.jpg 773w\" sizes=\"auto, (max-width: 320px) 100vw, 320px\" \/><\/a><figcaption id=\"caption-attachment-2016871\" class=\"wp-caption-text\">Mini festival de artes esc\u00e9nicas que se celebra en la UPO y en el Pol\u00edgono Sur<\/figcaption><\/figure>\n<p>El viernes 15 de noviembre se ha programado un espect\u00e1culo de teatro a las 21 horas, en el Centro de Servicios Sociales del Pol\u00edgono Sur, a cargo de Dos Lunas Teatro, que pondr\u00e1 en escena la obra \u201cAr Lan A Mor\u201d.<\/p>\n<p>A lo largo de los tres d\u00edas de este Encuentro de Artes Esc\u00e9nicas y Acci\u00f3n Social se celebrar\u00e1 tambi\u00e9n un taller de teatro de ocho horas de duraci\u00f3n y la muestra del mismo, que tendr\u00e1 lugar el s\u00e1bado 16 de noviembre a las 17 horas junto a la residencia Flora Trist\u00e1n, con el nombre \u201cTodos esperamos a Godot\u201d, bajo la direcci\u00f3n de Pepa Gamboa.<\/p>\n<p>Durante estos tres d\u00edas asistir\u00e1n al encuentro pensadores y artistas que disertar\u00e1n sobre las relaciones entre las artes esc\u00e9nicas y la sociedad,\u00a0 tales como Juan Daniel Ram\u00edrez, catedr\u00e1tico de Psicolog\u00eda de la Universidad Pablo de Olavide; Juan Antonio Roche C\u00e1rcel, profesor de Sociolog\u00eda de la Cultura y de las Artes de la Universidad de Alicante; Juan Ruesga Navarro. Arquitecto, escen\u00f3grafo y director del Ruesga Theater Lab; Pepa Gamboa, directora de teatro; Pepe Babl\u00e9, director del Festival Internacional de Teatro de C\u00e1diz; Mar\u00eda Gonz\u00e1lez, directora del Mes de Danza de Sevilla; Mariana Gonz\u00e1lez Roberts, actriz y directora art\u00edstica del Aula de Teatro de la Universidad Pablo de Olavide, o Leonor Leal, bailaora y core\u00f3grafa.<\/p>\n<p>Toda la informaci\u00f3n en:<br \/>\n<a href=\"http:\/\/issuu.com\/alsurdelteatro\/docs\/programa-alsurdelteatro\">http:\/\/issuu.com\/alsurdelteatro\/docs\/programa-alsurdelteatro<\/a><\/p>\n","protected":false},"excerpt":{"rendered":"<p>El Vicerrectorado de Cultura, Participaci\u00f3n y Compromiso Social, a trav\u00e9s del Servicio de Extensi\u00f3n Cultural, organiza el proyecto \u201cAl sur del teatro. Encuentro de Artes Esc\u00e9nicas y Acci\u00f3n Social\u201d, el cual se articula como un mini festival de artes esc\u00e9nicas. Se desarrollar\u00e1 desde hoy jueves hasta el s\u00e1bado 16 de noviembre en la Universidad Pablo de Olavide y en el Pol\u00edgono Sur, en la residencia universitaria Flora Trist\u00e1n.<\/p>\n","protected":false},"author":6,"featured_media":0,"comment_status":"closed","ping_status":"open","sticky":false,"template":"","format":"standard","meta":{"_monsterinsights_skip_tracking":false,"_monsterinsights_sitenote_active":false,"_monsterinsights_sitenote_note":"","_monsterinsights_sitenote_category":0,"footnotes":""},"categories":[7],"tags":[190,821,357,55,95,39],"class_list":["post-2016523","post","type-post","status-publish","format-standard","hentry","category-cultura","tag-andalucia","tag-encuentro","tag-poligono-sur","tag-ru-flora-tristan","tag-teatro","tag-universidades"],"_links":{"self":[{"href":"https:\/\/www.upo.es\/diario\/wp-json\/wp\/v2\/posts\/2016523","targetHints":{"allow":["GET"]}}],"collection":[{"href":"https:\/\/www.upo.es\/diario\/wp-json\/wp\/v2\/posts"}],"about":[{"href":"https:\/\/www.upo.es\/diario\/wp-json\/wp\/v2\/types\/post"}],"author":[{"embeddable":true,"href":"https:\/\/www.upo.es\/diario\/wp-json\/wp\/v2\/users\/6"}],"replies":[{"embeddable":true,"href":"https:\/\/www.upo.es\/diario\/wp-json\/wp\/v2\/comments?post=2016523"}],"version-history":[{"count":9,"href":"https:\/\/www.upo.es\/diario\/wp-json\/wp\/v2\/posts\/2016523\/revisions"}],"predecessor-version":[{"id":2016872,"href":"https:\/\/www.upo.es\/diario\/wp-json\/wp\/v2\/posts\/2016523\/revisions\/2016872"}],"wp:attachment":[{"href":"https:\/\/www.upo.es\/diario\/wp-json\/wp\/v2\/media?parent=2016523"}],"wp:term":[{"taxonomy":"category","embeddable":true,"href":"https:\/\/www.upo.es\/diario\/wp-json\/wp\/v2\/categories?post=2016523"},{"taxonomy":"post_tag","embeddable":true,"href":"https:\/\/www.upo.es\/diario\/wp-json\/wp\/v2\/tags?post=2016523"}],"curies":[{"name":"wp","href":"https:\/\/api.w.org\/{rel}","templated":true}]}}