{"id":2022945,"date":"2013-11-14T00:27:34","date_gmt":"2013-11-14T00:27:34","guid":{"rendered":"https:\/\/www.upo.es\/diario\/?p=2022945"},"modified":"2013-11-14T08:33:11","modified_gmt":"2013-11-14T08:33:11","slug":"hoy-se-inaugura-en-la-upo-la-quinta-edicion-del-master-en-sistemas-integrados-de-gestion-calidad-y-medio-ambiente","status":"publish","type":"post","link":"https:\/\/www.upo.es\/diario\/institucional\/2013\/11\/hoy-se-inaugura-en-la-upo-la-quinta-edicion-del-master-en-sistemas-integrados-de-gestion-calidad-y-medio-ambiente\/","title":{"rendered":"Hoy se inaugura en la UPO la quinta edici\u00f3n del M\u00e1ster en Sistemas Integrados de Gesti\u00f3n: Calidad y Medio Ambiente"},"content":{"rendered":"<figure id=\"attachment_2022946\" aria-describedby=\"caption-attachment-2022946\" style=\"width: 320px\" class=\"wp-caption alignright\"><a href=\"https:\/\/www.upo.es\/diario\/wp-content\/uploads\/2013\/11\/msig_2013_14.jpg\"><img loading=\"lazy\" decoding=\"async\" class=\"size-medium wp-image-2022946\" alt=\"M\u00e1ster en Sistemas Integrados de Gesti\u00f3n: Calidad y Medio Ambiente (MSIG)\" src=\"https:\/\/www.upo.es\/diario\/wp-content\/uploads\/2013\/11\/msig_2013_14-320x178.jpg\" width=\"320\" height=\"178\" srcset=\"https:\/\/www.upo.es\/diario\/wp-content\/uploads\/2013\/11\/msig_2013_14-320x178.jpg 320w, https:\/\/www.upo.es\/diario\/wp-content\/uploads\/2013\/11\/msig_2013_14-600x335.jpg 600w, https:\/\/www.upo.es\/diario\/wp-content\/uploads\/2013\/11\/msig_2013_14.jpg 800w\" sizes=\"auto, (max-width: 320px) 100vw, 320px\" \/><\/a><figcaption id=\"caption-attachment-2022946\" class=\"wp-caption-text\">El m\u00e1ster es una de las referencias formativas a nivel andaluz en el \u00e1mbito de la gesti\u00f3n de la Calidad, el Medio Ambiente y la Prevenci\u00f3n de Riesgos<\/figcaption><\/figure>\n<p>Hoy a las <b>16 horas, en la sala de prensa del Rectorado de la Universidad Pablo de Olavide<\/b>, se inaugura la quinta edici\u00f3n del M\u00e1ster en Sistemas Integrados de Gesti\u00f3n: Calidad y Medio Ambiente (MSIG). A dicho acto asistir\u00e1n los profesores de la Universidad Pablo de Olavide V\u00edctor Ba\u00f1uls (director acad\u00e9mico) y Salvador Bueno (responsable de calidad), junto a los directores cient\u00edficos del m\u00e1ster: Jaime del Palacio, de Synergy y Laura Verdejo, de ECA Grupo Bureau Veritas.<\/p>\n<p>Tras el acto de inauguraci\u00f3n, <b>Jaime del Palacio<\/b> impartir\u00e1 la conferencia inaugural, denominada <b>\u201cIntroducci\u00f3n a los sistemas integrados de gesti\u00f3n\u201d<\/b>, que tendr\u00e1 lugar en el aula 106 del edificio 25. Este m\u00e1ster cuenta con la colaboraci\u00f3n de Bureau Veritas Espa\u00f1a, Grupo Bureau Veritas, Ayesa, Heineken Espa\u00f1a, ABB, CLC y Onutech Soluciones Inform\u00e1ticas.<\/p>\n<p>El M\u00e1ster en Sistemas Integrados de Gesti\u00f3n de la Universidad Pablo de Olavide es una de las referencias formativas a nivel andaluz en el \u00e1mbito de la gesti\u00f3n de la Calidad, el Medio Ambiente y la Prevenci\u00f3n de Riesgos. Este programa formativo cuenta con una carga equilibrada de contenidos te\u00f3ricos y pr\u00e1cticos en los que se abordan los contenidos fundamentales para formar de modo adecuado a profesionales en el \u00e1mbito de los Sistemas Integrados de Gesti\u00f3n. El MSIG es de modalidad semipresencial, con dos sesiones presenciales por semana, y cuenta con las \u00faltimas tecnolog\u00edas de teleformaci\u00f3n para complementar dichas sesiones.<\/p>\n<p>Para fomentar la conexi\u00f3n empresarial, tiene convenios espec\u00edficos con m\u00e1s de una treintena de empresas l\u00edderes andaluzas en el \u00e1mbito de la los sistemas integrados de gesti\u00f3n, en las cuales los alumnos del MSIG tienen la posibilidad de hacer pr\u00e1cticas, visitas y sesiones espec\u00edficas formativas. A lo largo de las diferentes ediciones del m\u00e1ster, se han gestionado m\u00e1s de 50 pr\u00e1cticas.<\/p>\n<p>M\u00e1s informaci\u00f3n: \u00a0<a href=\"http:\/\/www.upo.es\/msig\">www.upo.es\/msig<\/a><\/p>\n","protected":false},"excerpt":{"rendered":"<p>Hoy a las 16 horas, en la sala de prensa del Rectorado de la Universidad Pablo de Olavide, se inaugura la quinta edici\u00f3n del M\u00e1ster en Sistemas Integrados de Gesti\u00f3n: Calidad y Medio Ambiente (MSIG). A dicho acto asistir\u00e1n los profesores de la Universidad Pablo de Olavide V\u00edctor Ba\u00f1uls (director acad\u00e9mico) y Salvador Bueno (responsable de calidad), junto a los directores cient\u00edficos del m\u00e1ster: Jaime del Palacio, de Synergy y Laura Verdejo, de ECA Grupo Bureau Veritas.<\/p>\n","protected":false},"author":6,"featured_media":0,"comment_status":"closed","ping_status":"open","sticky":false,"template":"","format":"standard","meta":{"_monsterinsights_skip_tracking":false,"_monsterinsights_sitenote_active":false,"_monsterinsights_sitenote_note":"","_monsterinsights_sitenote_category":0,"footnotes":""},"categories":[6],"tags":[655,349,118,429,82],"class_list":["post-2022945","post","type-post","status-publish","format-standard","hentry","category-institucional","tag-gestion-de-la-calidad-y-el-medio-ambiente","tag-inauguracion","tag-master","tag-medio-ambiente","tag-postgrado"],"_links":{"self":[{"href":"https:\/\/www.upo.es\/diario\/wp-json\/wp\/v2\/posts\/2022945","targetHints":{"allow":["GET"]}}],"collection":[{"href":"https:\/\/www.upo.es\/diario\/wp-json\/wp\/v2\/posts"}],"about":[{"href":"https:\/\/www.upo.es\/diario\/wp-json\/wp\/v2\/types\/post"}],"author":[{"embeddable":true,"href":"https:\/\/www.upo.es\/diario\/wp-json\/wp\/v2\/users\/6"}],"replies":[{"embeddable":true,"href":"https:\/\/www.upo.es\/diario\/wp-json\/wp\/v2\/comments?post=2022945"}],"version-history":[{"count":1,"href":"https:\/\/www.upo.es\/diario\/wp-json\/wp\/v2\/posts\/2022945\/revisions"}],"predecessor-version":[{"id":2022947,"href":"https:\/\/www.upo.es\/diario\/wp-json\/wp\/v2\/posts\/2022945\/revisions\/2022947"}],"wp:attachment":[{"href":"https:\/\/www.upo.es\/diario\/wp-json\/wp\/v2\/media?parent=2022945"}],"wp:term":[{"taxonomy":"category","embeddable":true,"href":"https:\/\/www.upo.es\/diario\/wp-json\/wp\/v2\/categories?post=2022945"},{"taxonomy":"post_tag","embeddable":true,"href":"https:\/\/www.upo.es\/diario\/wp-json\/wp\/v2\/tags?post=2022945"}],"curies":[{"name":"wp","href":"https:\/\/api.w.org\/{rel}","templated":true}]}}