{"id":2024608,"date":"2013-11-14T12:27:54","date_gmt":"2013-11-14T12:27:54","guid":{"rendered":"https:\/\/www.upo.es\/diario\/?p=2024608"},"modified":"2013-11-15T07:45:43","modified_gmt":"2013-11-15T07:45:43","slug":"alumnos-del-centro-nuestra-senora-de-los-reyes-safa-visitan-el-centro-de-proceso-de-datos-de-la-upo","status":"publish","type":"post","link":"https:\/\/www.upo.es\/diario\/institucional\/2013\/11\/alumnos-del-centro-nuestra-senora-de-los-reyes-safa-visitan-el-centro-de-proceso-de-datos-de-la-upo\/","title":{"rendered":"Alumnos del Centro Nuestra Se\u00f1ora de los Reyes-Safa visitan el Centro de Proceso de Datos de la UPO"},"content":{"rendered":"<p>Un grupo de estudiantes del ciclo formativo de grado medio en Sistemas Microinform\u00e1ticos y Redes del Centro Nuestra Se\u00f1ora de los Reyes-Safa, junto a sus profesores, han visitado hoy jueves el Centro de Proceso de Datos (Datacenter) de la Universidad Pablo de Olavide. La actividad, que ha sido organizada por la Direcci\u00f3n general de Acceso, Difusi\u00f3n y Captaci\u00f3n a trav\u00e9s del Centro de Inform\u00e1tica y Comunicaciones de la UPO, tiene como objetivo informar y orientar a los estudiantes sobre el grado en Ingenier\u00eda Inform\u00e1tica en Sistemas de Informaci\u00f3n, as\u00ed como la difusi\u00f3n del conocimiento de las Tecnolog\u00edas de la Informaci\u00f3n y su aplicaci\u00f3n pr\u00e1ctica.<\/p>\n<figure id=\"attachment_2024609\" aria-describedby=\"caption-attachment-2024609\" style=\"width: 320px\" class=\"wp-caption alignright\"><a href=\"https:\/\/www.upo.es\/diario\/wp-content\/uploads\/2013\/11\/visita-UPO-CPD-reyes-safa.jpg\"><img loading=\"lazy\" decoding=\"async\" class=\"size-medium wp-image-2024609\" alt=\"Estudiantes del ciclo formativo de grado medio en Sistemas Microinform\u00e1ticos y Redes han asistido a esta visita\" src=\"https:\/\/www.upo.es\/diario\/wp-content\/uploads\/2013\/11\/visita-UPO-CPD-reyes-safa-320x213.jpg\" width=\"320\" height=\"213\" srcset=\"https:\/\/www.upo.es\/diario\/wp-content\/uploads\/2013\/11\/visita-UPO-CPD-reyes-safa-320x213.jpg 320w, https:\/\/www.upo.es\/diario\/wp-content\/uploads\/2013\/11\/visita-UPO-CPD-reyes-safa-1024x682.jpg 1024w, https:\/\/www.upo.es\/diario\/wp-content\/uploads\/2013\/11\/visita-UPO-CPD-reyes-safa-600x400.jpg 600w\" sizes=\"auto, (max-width: 320px) 100vw, 320px\" \/><\/a><figcaption id=\"caption-attachment-2024609\" class=\"wp-caption-text\">Estudiantes del ciclo formativo de grado medio en Sistemas Microinform\u00e1ticos y Redes han asistido a esta visita<\/figcaption><\/figure>\n<p style=\"text-align: justify;\">Previamente a la visita, el subdirector de la Escuela Polit\u00e9cnica Superior de la UPO, Luis Merino, la directora general de Acceso, Difusi\u00f3n y Captaci\u00f3n, Mercedes de la Torre, y el director del Centro de Inform\u00e1tica y Comunicaciones, Jos\u00e9 Luis Pav\u00f3n, han recibido a los estudiantes del ciclo formativo de grado medio en Sistemas Microinform\u00e1ticos y Redes. Esta primera parte de la actividad se ha articulado en dos sesiones: una informativa de presentaci\u00f3n del grado en Ingenier\u00eda Inform\u00e1tica en Sistemas de Informaci\u00f3n a cargo del subdirector de la Escuela Polit\u00e9cnica Superior de la UPO, Luis Merino; y en la segunda sesi\u00f3n, el director del Centro de Inform\u00e1tica y Comunicaci\u00f3n, Jos\u00e9 Luis Pav\u00f3n, ha presentado las Tecnolog\u00edas de la Informaci\u00f3n desplegadas en la Universidad Pablo de Olavide.<\/p>\n<p style=\"text-align: justify;\">Para finalizar la actividad, los estudiantes han realizado una visita guiada y explicativa al Centro de Proceso de Datos de la UPO (Datacenter) situado en el edificio del Rectorado. El coordinador de Redes, Infraestructuras y Servicios del CIC, Jacobo Hodar, les ha presentado las infraestructuras TIC desplegadas en el campus y en el Centro de Proceso de Datos, as\u00ed como sus funciones.<\/p>\n<p style=\"text-align: justify;\">El Datacenter de la Universidad Pablo de Olavide re\u00fane todas las partes de gesti\u00f3n de los servicios de tecnolog\u00edas de la informaci\u00f3n. Los servicios que fundamentalmente se alojan son los sistemas de comunicaci\u00f3n, cortafuegos, balanceadores, almacenamiento de datos y, a su vez, es el punto central de uni\u00f3n de los edificios del campus con la electr\u00f3nica de las tecnolog\u00edas de la informaci\u00f3n.<\/p>\n","protected":false},"excerpt":{"rendered":"<p>Un grupo de estudiantes del ciclo formativo de grado medio en Sistemas Microinform\u00e1ticos y Redes del Centro Nuestra Se\u00f1ora de los Reyes-Safa, junto a sus profesores, han visitado  el Centro de Proceso de Datos (Datacenter) de la Universidad Pablo de Olavide.<\/p>\n","protected":false},"author":4,"featured_media":0,"comment_status":"closed","ping_status":"open","sticky":false,"template":"","format":"standard","meta":{"_monsterinsights_skip_tracking":false,"_monsterinsights_sitenote_active":false,"_monsterinsights_sitenote_note":"","_monsterinsights_sitenote_category":0,"footnotes":""},"categories":[6],"tags":[424,985,986,297],"class_list":["post-2024608","post","type-post","status-publish","format-standard","hentry","category-institucional","tag-cic","tag-datacenter","tag-ingenieria-informatica","tag-visita"],"_links":{"self":[{"href":"https:\/\/www.upo.es\/diario\/wp-json\/wp\/v2\/posts\/2024608","targetHints":{"allow":["GET"]}}],"collection":[{"href":"https:\/\/www.upo.es\/diario\/wp-json\/wp\/v2\/posts"}],"about":[{"href":"https:\/\/www.upo.es\/diario\/wp-json\/wp\/v2\/types\/post"}],"author":[{"embeddable":true,"href":"https:\/\/www.upo.es\/diario\/wp-json\/wp\/v2\/users\/4"}],"replies":[{"embeddable":true,"href":"https:\/\/www.upo.es\/diario\/wp-json\/wp\/v2\/comments?post=2024608"}],"version-history":[{"count":5,"href":"https:\/\/www.upo.es\/diario\/wp-json\/wp\/v2\/posts\/2024608\/revisions"}],"predecessor-version":[{"id":2025303,"href":"https:\/\/www.upo.es\/diario\/wp-json\/wp\/v2\/posts\/2024608\/revisions\/2025303"}],"wp:attachment":[{"href":"https:\/\/www.upo.es\/diario\/wp-json\/wp\/v2\/media?parent=2024608"}],"wp:term":[{"taxonomy":"category","embeddable":true,"href":"https:\/\/www.upo.es\/diario\/wp-json\/wp\/v2\/categories?post=2024608"},{"taxonomy":"post_tag","embeddable":true,"href":"https:\/\/www.upo.es\/diario\/wp-json\/wp\/v2\/tags?post=2024608"}],"curies":[{"name":"wp","href":"https:\/\/api.w.org\/{rel}","templated":true}]}}