{"id":2024951,"date":"2013-11-14T12:53:49","date_gmt":"2013-11-14T12:53:49","guid":{"rendered":"https:\/\/www.upo.es\/diario\/?p=2024951"},"modified":"2013-11-15T14:19:45","modified_gmt":"2013-11-15T14:19:45","slug":"manana-se-celebra-el-dia-del-cloud-para-fomentar-la-cultura-emprendedora-entre-los-jovenes-universitarios","status":"publish","type":"post","link":"https:\/\/www.upo.es\/diario\/institucional\/2013\/11\/manana-se-celebra-el-dia-del-cloud-para-fomentar-la-cultura-emprendedora-entre-los-jovenes-universitarios\/","title":{"rendered":"Hoy se celebra el D\u00eda del Cloud para fomentar la cultura emprendedora entre los j\u00f3venes universitarios"},"content":{"rendered":"<figure id=\"attachment_2024952\" aria-describedby=\"caption-attachment-2024952\" style=\"width: 320px\" class=\"wp-caption alignright\"><a href=\"https:\/\/www.upo.es\/diario\/wp-content\/uploads\/2013\/11\/taller-jugando-matematicas.jpg\"><img loading=\"lazy\" decoding=\"async\" class=\"size-medium wp-image-2024952\" alt=\"Los estudiandes en el taller pr\u00e1ctico sobre \u201cMateriales manipulativos: jugando con las matem\u00e1ticas\u201d\" src=\"https:\/\/www.upo.es\/diario\/wp-content\/uploads\/2013\/11\/taller-jugando-matematicas-320x213.jpg\" width=\"320\" height=\"213\" srcset=\"https:\/\/www.upo.es\/diario\/wp-content\/uploads\/2013\/11\/taller-jugando-matematicas-320x213.jpg 320w, https:\/\/www.upo.es\/diario\/wp-content\/uploads\/2013\/11\/taller-jugando-matematicas-1024x682.jpg 1024w, https:\/\/www.upo.es\/diario\/wp-content\/uploads\/2013\/11\/taller-jugando-matematicas-600x400.jpg 600w\" sizes=\"auto, (max-width: 320px) 100vw, 320px\" \/><\/a><figcaption id=\"caption-attachment-2024952\" class=\"wp-caption-text\">Los estudiandes en el taller pr\u00e1ctico sobre \u201cMateriales manipulativos: jugando con las matem\u00e1ticas\u201d<\/figcaption><\/figure>\n<p>La XIII Semana de la Ciencia de la Universidad Pablo de Olavide acoge hoy viernes, 15 de noviembre a las 10:30 horas en el aula B11 del edificio 45 de la UPO, el <a href=\"http:\/\/www.upo.es\/semanadelaciencia\/El_Dia_del_Cloud\/index.jsp\">D\u00eda del Cloud<\/a>, dirigido a emprendedores y empresas, cuyo objetivo es sensibilizar y fomentar la cultura emprendedora entre los j\u00f3venes emprendedores universitarios. Para ello, se celebrar\u00e1n dos eventos: la jornada \u201cCloud Business\u201d\u00a0 y el taller \u201cAndaluc\u00eda Emprende en la nube\u201d.<\/p>\n<p style=\"text-align: justify;\">La jornada \u201cCloud Business\u201d, que comenzar\u00e1 a las 10:30 horas, ser\u00e1 impartida por Nicol\u00e1s Bertet, director cient\u00edfico del <a href=\"http:\/\/www.mastercloudbusiness.es\/Pages\/default.aspx\">M\u00e1ster Cloud Business de la UPO<\/a>, y los investigadores Salvador Bueno y V\u00edctor Ba\u00f1uls del Departamento de Organizaci\u00f3n de Empresas y Marketing de la UPO. Esta actividad pretende dar una visi\u00f3n general sobre el cloud business abordando temas como las perspectivas de negocio para los pr\u00f3ximos a\u00f1os y tendencias, las ventajas para las empresas, el estado actual del mercado y la participaci\u00f3n de Starups de cloud computing. Para ello, contar\u00e1 con la presencia de las empresas de cloud business BN-cloud, Bitnami y Eattopia y la colaboraci\u00f3n de Vodafone.<\/p>\n<p style=\"text-align: justify;\">La segunda actividad dentro del D\u00eda del Cloud, que comenzar\u00e1 a las 12.15 horas, es el taller \u201cAndaluc\u00eda Emprende en la nube\u201d a cargo de <a href=\"http:\/\/www.andaluciaemprende.es\/\">Andaluc\u00eda Emprende, Fundaci\u00f3n P\u00fablica Andaluza<\/a>. Los participantes conocer\u00e1n las herramientas de apoyo a emprendedores universitarios tales como <a href=\"https:\/\/www.dreamspark.com\/\">DreamSpark <\/a>y <a href=\"http:\/\/www.microsoft.com\/bizspark\/\">BizSpark<\/a> de Microsoft. Asimismo, el investigador V\u00edctor Ba\u00f1uls del Departamento de Organizaci\u00f3n de Empresas y Marketing de la UPO y co-fundador de una spin-off, y Adri\u00e1n Ruiz, egresado de la UPO y responsable del proyecto empresarial \u201cCrowdence\u201d, premiado en el V Concurso de Ideas y Proyectos Empresariales Innovadores de la UPO, expondr\u00e1n sus experiencias como emprendedores universitarios del \u00e1mbito tecnol\u00f3gico.<\/p>\n<p style=\"text-align: justify;\">Paralelamente, a las 11 horas en el aula B07 del edificio 24 de la UPO, se celebrar\u00e1 las jornadas \u201c<a href=\"http:\/\/www.upo.es\/semanadelaciencia\/Charlas\/index.jsp\">Sevilla, conoce tu fauna. El humano las perjudica, pero tambi\u00e9n puede promover su conservaci\u00f3n<\/a>\u201d a cargo del investigador Esteban Garc\u00eda del Departamento de Sistemas F\u00edsico, Qu\u00edmicos y Naturales de la UPO. Los estudiantes de Bachillerato podr\u00e1n conocer las especies m\u00e1s representativas de la fauna ib\u00e9rica como el camale\u00f3n, la nutr\u00eda, el lobo ib\u00e9rico o el buitre negro. Asimismo, ma\u00f1ana viernes finalizan las exposiciones en la Biblioteca de la UPO, \u201cMatem\u00e1ticas en vi\u00f1etas\u201d de Antonio Fern\u00e1ndez-Aliseda, Juan Antonio Hans y Jos\u00e9 Mu\u00f1oz, y \u201cCine y Matem\u00e1ticas\u201d de\u00a0 Saem Thales.<\/p>\n<p style=\"text-align: justify;\">Por otra parte, ayer se celebr\u00f3 un taller pr\u00e1ctico sobre \u201c<a href=\"http:\/\/www.upo.es\/semanadelaciencia\/talleres\/Materiales_manipulativos_jugando_con_las_matemeticas\/index.jsp\">Materiales manipulativos: jugando con las matem\u00e1ticas<\/a>\u201d dirigido a estudiantes de sexto de Primaria, Secundaria, Bachillerato y Ciclos Formativos. De forma activa y l\u00fadica, los responsables cient\u00edficos de esta actividad, Ana M. Mart\u00edn Caraballo y \u00c1ngel F. Tenorio, del Departamento de Econom\u00eda, M\u00e9todos Cuantitativos e Historia Econ\u00f3mica, han mostrado la utilidad y necesidad de las matem\u00e1ticas en los fen\u00f3menos que nos rodean. Para ello, han usado distintos puzzles y juegos de estrategia cuya base recae en contenidos y conceptos matem\u00e1ticos.<\/p>\n<p style=\"text-align: justify;\">Los emprendedores interesados en las nuevas tecnolog\u00edas participaron ayer jueves en el taller \u201c<a href=\"http:\/\/www.upo.es\/semanadelaciencia\/talleres\/Apps_en_Android\/index.jsp\">Apps en Android: crea tus propias aplicaciones de m\u00f3vil<\/a>\u201d a cargo del profesor Carlos Barranco del Departamento de Deporte e Inform\u00e1tica, en el que han podido desarrollar una aplicaci\u00f3n m\u00f3vil b\u00e1sica que se puede emplear en tel\u00e9fonos Android. Por otra lado, ayer finalizaron l<a href=\"http:\/\/www.upo.es\/semanadelaciencia\/Visitas\/CABD\/index.jsp\">as Jornadas de Puertas Abiertas de Centro Andaluz de Biolog\u00eda del Desarrollo<\/a> (centro mixto de la UPO, el CSIC y la Junta de Andaluc\u00eda), en las que cerca de 200 alumnos de centros educativos han podido conocer los entresijos de la investigaci\u00f3n en biolog\u00eda del desarrollo as\u00ed como la oportunidad de experimentar en sus laboratorios<\/p>\n<p style=\"text-align: justify;\">Cerca de 700 estudiantes de centros educativos as\u00ed como emprendedores y p\u00fablico en general han participado en los talleres pr\u00e1cticos, charlas, jornadas y visitas guiadas programadas para la Semana de la Ciencia de la UPO que finaliza el lunes 18 de noviembre con los talleres \u201c<a href=\"http:\/\/www.upo.es\/semanadelaciencia\/talleres\/Aqui_hay_Ciencia\/index.jsp\">Aqu\u00ed hay Ciencia<\/a>\u201d impartidos por la Asociaci\u00f3n de Biotecn\u00f3logos de Andaluc\u00eda (AsBAn). Esta actividad guiar\u00e1 a estudiantes de Bachillerato y Ciclos Formativos en tareas como la extracci\u00f3n de ADN vegetal, la realizaci\u00f3n de una electroforesis de ADN o la aplicaci\u00f3n de t\u00e9cnicas bioinform\u00e1ticas.<\/p>\n<p style=\"text-align: justify;\">La XIII Semana de la Ciencia de la UPO est\u00e1 organizada por la <a href=\"http:\/\/www.upo.es\/otri\/portada\">Oficina de Transferencia de Resultados de Investigaci\u00f3n<\/a> (OTRI) del Vicerrectorado de Investigaci\u00f3n y Transferencia de Tecnolog\u00eda de la UPO. En esta edici\u00f3n, se ha contado con la colaboraci\u00f3n de investigadores de los Departamentos \u2018Sistemas F\u00edsicos, Qu\u00edmicos y Naturales\u2019, \u2018Fisiolog\u00eda, Anatom\u00eda y Biolog\u00eda Celular\u2019, \u2018Biolog\u00eda Molecular e Ingenier\u00eda Bioqu\u00edmica\u2019, \u2018Deporte e Inform\u00e1tica\u2019, \u2018Econom\u00eda, M\u00e9todos Cuantitativos e Historia Econ\u00f3mica\u2019 y \u2018Organizaci\u00f3n de Empresas y Marketing\u2019; el Centro Andaluz de Biolog\u00eda del Desarrollo; la Biblioteca de la UPO; la Asociaci\u00f3n de Biotecn\u00f3logos de Andaluc\u00eda (ASBAN); alumnos de la UPO de Ciencias Ambientales; la Sociedad Andaluza de Educaci\u00f3n en Matem\u00e1ticas Thales (SAMEN THALES); la Fundaci\u00f3n Andaluza para la Divulgaci\u00f3n de la Innovaci\u00f3n y del Conocimiento (Fundaci\u00f3n Descubre); y la Fundaci\u00f3n Espa\u00f1ola para la Ciencia y la Tecnolog\u00eda (FECYT).<\/p>\n<p style=\"text-align: justify;\">\u00a0<b>Programa<\/b> de actividades de la Semana de la Ciencia en la UPO:<\/p>\n<p style=\"text-align: justify;\"><a href=\"http:\/\/www.upo.es\/upo_opencms\/export\/sites\/upo\/Galerias\/Descargas\/InfoEstudiantes\/semana_ciencia_2013.pdf\">http:\/\/www.upo.es\/upo_opencms\/export\/sites\/upo\/Galerias\/Descargas\/InfoEstudiantes\/semana_ciencia_2013.pdf<\/a><\/p>\n<p>&nbsp;<\/p>\n","protected":false},"excerpt":{"rendered":"<p>La XIII Semana de la Ciencia de la Universidad Pablo de Olavide acoge hoy viernes, 15 de noviembre a las 10:30 horas en el aula B11 del edificio 45 de la UPO, el D\u00eda del Cloud, dirigido a emprendedores y empresas, cuyo objetivo es sensibilizar y fomentar la cultura emprendedora entre los j\u00f3venes emprendedores universitarios. Para ello, se celebrar\u00e1n dos eventos: la jornada \u201cCloud Business\u201d  y el taller \u201cAndaluc\u00eda Emprende en la nube\u201d.<\/p>\n","protected":false},"author":4,"featured_media":0,"comment_status":"closed","ping_status":"open","sticky":false,"template":"","format":"standard","meta":{"_monsterinsights_skip_tracking":false,"_monsterinsights_sitenote_active":false,"_monsterinsights_sitenote_note":"","_monsterinsights_sitenote_category":0,"footnotes":""},"categories":[6],"tags":[5833,987,970,83,969],"class_list":["post-2024951","post","type-post","status-publish","format-standard","hentry","category-institucional","tag-ciencia","tag-cloud","tag-divulgacion","tag-otri","tag-semana-de-la-ciencia"],"_links":{"self":[{"href":"https:\/\/www.upo.es\/diario\/wp-json\/wp\/v2\/posts\/2024951","targetHints":{"allow":["GET"]}}],"collection":[{"href":"https:\/\/www.upo.es\/diario\/wp-json\/wp\/v2\/posts"}],"about":[{"href":"https:\/\/www.upo.es\/diario\/wp-json\/wp\/v2\/types\/post"}],"author":[{"embeddable":true,"href":"https:\/\/www.upo.es\/diario\/wp-json\/wp\/v2\/users\/4"}],"replies":[{"embeddable":true,"href":"https:\/\/www.upo.es\/diario\/wp-json\/wp\/v2\/comments?post=2024951"}],"version-history":[{"count":5,"href":"https:\/\/www.upo.es\/diario\/wp-json\/wp\/v2\/posts\/2024951\/revisions"}],"predecessor-version":[{"id":2031028,"href":"https:\/\/www.upo.es\/diario\/wp-json\/wp\/v2\/posts\/2024951\/revisions\/2031028"}],"wp:attachment":[{"href":"https:\/\/www.upo.es\/diario\/wp-json\/wp\/v2\/media?parent=2024951"}],"wp:term":[{"taxonomy":"category","embeddable":true,"href":"https:\/\/www.upo.es\/diario\/wp-json\/wp\/v2\/categories?post=2024951"},{"taxonomy":"post_tag","embeddable":true,"href":"https:\/\/www.upo.es\/diario\/wp-json\/wp\/v2\/tags?post=2024951"}],"curies":[{"name":"wp","href":"https:\/\/api.w.org\/{rel}","templated":true}]}}