{"id":20252217,"date":"2017-05-09T07:38:02","date_gmt":"2017-05-09T07:38:02","guid":{"rendered":"https:\/\/www.upo.es\/diario\/?p=20252217"},"modified":"2017-05-10T08:37:11","modified_gmt":"2017-05-10T08:37:11","slug":"la-vida-y-la-obra-de-kathe-kollwitz-protagonista-de-unas-jornadas-y-una-exposicion-en-la-upo","status":"publish","type":"post","link":"https:\/\/www.upo.es\/diario\/docencia-formacion\/2017\/05\/la-vida-y-la-obra-de-kathe-kollwitz-protagonista-de-unas-jornadas-y-una-exposicion-en-la-upo\/","title":{"rendered":"La vida y la obra de K\u00e4the Kollwitz, protagonista de unas jornadas y una exposici\u00f3n en la UPO"},"content":{"rendered":"<p><a href=\"https:\/\/www.upo.es\/diario\/wp-content\/uploads\/2017\/05\/Poster-exposicion-Kollwitz-300.png\"><img loading=\"lazy\" decoding=\"async\" class=\"alignright size-medium wp-image-20252218\" alt=\"Poster-exposicion-Kollwitz-300\" src=\"https:\/\/www.upo.es\/diario\/wp-content\/uploads\/2017\/05\/Poster-exposicion-Kollwitz-300-226x320.png\" width=\"226\" height=\"320\" srcset=\"https:\/\/www.upo.es\/diario\/wp-content\/uploads\/2017\/05\/Poster-exposicion-Kollwitz-300-226x320.png 226w, https:\/\/www.upo.es\/diario\/wp-content\/uploads\/2017\/05\/Poster-exposicion-Kollwitz-300.png 300w\" sizes=\"auto, (max-width: 226px) 100vw, 226px\" \/><\/a>Estudiantes de la Facultad de Ciencias Sociales y de la Facultad de Humanidades de la Universidad Pablo de Olavide participan en un Proyecto de Innovaci\u00f3n Docente sobre la vida y obra de la artista alemana K\u00e4the Kollwitz, cuyos resultados se presentar\u00e1n en una exposici\u00f3n y unas jornadas que dar\u00e1n comienzo hoy martes.<\/p>\n<p>As\u00ed, a las 11:30 horas en la sala de grados 2 de la Biblioteca de la Universidad Pablo de Olavide, la decana de la Facultad de Ciencias Sociales Rosa Mar\u00eda D\u00edaz Jim\u00e9nez y la decana de la Facultad de Humanidades Rosario Moreno Soldevilla inaugurar\u00e1n ambas actividades.<\/p>\n<p>En este proyecto de innovaci\u00f3n docente los estudiantes de distintas carreras acad\u00e9micas han podido trabajar desde diferentes asignaturas la vida y obra de esta a artista alemana, cre\u00e1ndose as\u00ed un foro de intercambio de conocimientos y reflexi\u00f3n cient\u00edfica. Estas asignaturas son \u201cLengua B VI. Alem\u00e1n\u201d e \u201cInterpretaci\u00f3n bilateral B\/A\/B\u201d del Grado de Traducci\u00f3n e Interpretaci\u00f3n Alem\u00e1n, \u201cProcesos y tendencias en las sociedades contempor\u00e1neas\u201d del Grado en Sociolog\u00eda y del Doble Grado en Sociolog\u00eda y Ciencias Pol\u00edticas y de Administraci\u00f3n y del Doble Grado de Sociolog\u00eda y Trabajo Social,\u00a0 as\u00ed como \u201cHistoria de los movimientos pol\u00edticos y sociales\u201d del Grado en Ciencias Pol\u00edticas y de Administraci\u00f3n y el Doble Grado en Ciencias Pol\u00edticas y de Administraci\u00f3n y Derecho.<\/p>\n<p>De esta manera, temas relacionados con la expresi\u00f3n y los movimientos art\u00edsticos, la cultura y la lengua alemana, as\u00ed como la relaci\u00f3n entre la realidad social, historia, la sociopol\u00edtica y la cultura, forman parte del temario en general de las asignaturas implicadas en este proyecto.<\/p>\n<p>La coordinadora del equipo docente implicado en esta iniciativa es Christiane Limbach (Interpretaci\u00f3n) y el equipo est\u00e1 formado por los profesores Karl Heisel (Filolog\u00eda Alemana), Juan Ortiz Villalba (Historia) y\u00a0 Ram\u00f3n Ram\u00edrez Gotor y Mar\u00eda Antonia Ram\u00edrez P\u00e9rez (Sociolog\u00eda).<\/p>\n<p>Seg\u00fan estos profesores, tanto la exposici\u00f3n como las jornadas proporcionan un punto de encuentro que va m\u00e1s all\u00e1 del mero intercambio de informaci\u00f3n, dando una visi\u00f3n de las variadas metodolog\u00edas empleadas por las distintas asignaturas y creando un foro para un debate cient\u00edfico comparativo. Para la exposici\u00f3n, que podr\u00e1 visitarse en el \u00c1rea de Exposiciones de la Biblioteca \u2013 CRAI de la UPO hasta el 19 de mayo, los alumnos han elaborado una seria de p\u00f3steres de gran tama\u00f1o y un cat\u00e1logo que visibilizar\u00e1 los resultados de su trabajo. Los alumnos asimismo ofrecer\u00e1n <a href=\"https:\/\/www.upo.es\/upo_opencms\/export\/sites\/upo\/Galerias\/Descargas\/InfoEstudiantes\/Visitas_guiadas_estandard.pdf\">visitas guiadas<\/a> el mi\u00e9rcoles 10 y el jueves 11 de mayo.<\/p>\n<p>Las jornadas concluir\u00e1n el viernes 12 de mayo con las intervenciones de Georg Zolchow, licenciado en Filosof\u00eda y Arte por la Freie Universit\u00e4t Berl\u00edn (Alemania), y la artista conceptual Teresa Lafita.<\/p>\n<p><a href=\"https:\/\/www.upo.es\/upo_opencms\/export\/sites\/upo\/Galerias\/Descargas\/InfoEstudiantes\/Programa-Jornadas-Kollwitz.pdf\">Programa Jornadas \u201cLa vida y obra de K\u00e4the Kollwitz desde distintas disciplinas acad\u00e9micas\u201d.<\/a><\/p>\n<p><a href=\"https:\/\/www.upo.es\/upo_opencms\/export\/sites\/upo\/Galerias\/Descargas\/InfoEstudiantes\/Visitas_guiadas_estandard.pdf\">Horario de las visitas guiadas a la exposici\u00f3n<\/a>.<\/p>\n","protected":false},"excerpt":{"rendered":"<p>Estudiantes de la Facultad de Ciencias Sociales y de la Facultad de Humanidades de la Universidad Pablo de Olavide participan en un Proyecto de Innovaci\u00f3n Docente sobre la vida y obra de la artista alemana K\u00e4the Kollwitz, cuyos resultados se presentar\u00e1n en una exposici\u00f3n y unas jornadas que dar\u00e1n comienzo hoy martes.<\/p>\n","protected":false},"author":2,"featured_media":0,"comment_status":"closed","ping_status":"open","sticky":false,"template":"","format":"standard","meta":{"_monsterinsights_skip_tracking":false,"_monsterinsights_sitenote_active":false,"_monsterinsights_sitenote_note":"","_monsterinsights_sitenote_category":0,"footnotes":""},"categories":[2779],"tags":[265,21,74,150,3237,104,432],"class_list":["post-20252217","post","type-post","status-publish","format-standard","hentry","category-docencia-formacion","tag-arte","tag-estudiantes","tag-exposiciones","tag-historia","tag-proyecto-de-innovacion-docente","tag-sociologia","tag-traduccion-e-interpretacion-tei"],"_links":{"self":[{"href":"https:\/\/www.upo.es\/diario\/wp-json\/wp\/v2\/posts\/20252217","targetHints":{"allow":["GET"]}}],"collection":[{"href":"https:\/\/www.upo.es\/diario\/wp-json\/wp\/v2\/posts"}],"about":[{"href":"https:\/\/www.upo.es\/diario\/wp-json\/wp\/v2\/types\/post"}],"author":[{"embeddable":true,"href":"https:\/\/www.upo.es\/diario\/wp-json\/wp\/v2\/users\/2"}],"replies":[{"embeddable":true,"href":"https:\/\/www.upo.es\/diario\/wp-json\/wp\/v2\/comments?post=20252217"}],"version-history":[{"count":4,"href":"https:\/\/www.upo.es\/diario\/wp-json\/wp\/v2\/posts\/20252217\/revisions"}],"predecessor-version":[{"id":20272323,"href":"https:\/\/www.upo.es\/diario\/wp-json\/wp\/v2\/posts\/20252217\/revisions\/20272323"}],"wp:attachment":[{"href":"https:\/\/www.upo.es\/diario\/wp-json\/wp\/v2\/media?parent=20252217"}],"wp:term":[{"taxonomy":"category","embeddable":true,"href":"https:\/\/www.upo.es\/diario\/wp-json\/wp\/v2\/categories?post=20252217"},{"taxonomy":"post_tag","embeddable":true,"href":"https:\/\/www.upo.es\/diario\/wp-json\/wp\/v2\/tags?post=20252217"}],"curies":[{"name":"wp","href":"https:\/\/api.w.org\/{rel}","templated":true}]}}