{"id":20325551,"date":"2017-05-12T07:08:21","date_gmt":"2017-05-12T07:08:21","guid":{"rendered":"https:\/\/www.upo.es\/diario\/?p=20325551"},"modified":"2017-05-15T06:20:53","modified_gmt":"2017-05-15T06:20:53","slug":"la-facultad-de-ciencias-empresariales-de-la-upo-organiza-un-foro-para-abordar-las-consecuencias-del-brexit","status":"publish","type":"post","link":"https:\/\/www.upo.es\/diario\/institucional\/2017\/05\/la-facultad-de-ciencias-empresariales-de-la-upo-organiza-un-foro-para-abordar-las-consecuencias-del-brexit\/","title":{"rendered":"Un total de 30 empresas participan en el III Desayuno Econ\u00f3mico de la Facultad de Ciencias Empresariales"},"content":{"rendered":"<figure id=\"attachment_20346698\" aria-describedby=\"caption-attachment-20346698\" style=\"width: 600px\" class=\"wp-caption aligncenter\"><a href=\"https:\/\/www.upo.es\/diario\/wp-content\/uploads\/2017\/05\/III-Desayuno-Economico-FCE_20170512.jpg\"><img loading=\"lazy\" decoding=\"async\" class=\"size-large wp-image-20346698\" alt=\"dfgsadfasf\" src=\"https:\/\/www.upo.es\/diario\/wp-content\/uploads\/2017\/05\/III-Desayuno-Economico-FCE_20170512-600x337.jpg\" width=\"600\" height=\"337\" srcset=\"https:\/\/www.upo.es\/diario\/wp-content\/uploads\/2017\/05\/III-Desayuno-Economico-FCE_20170512-600x337.jpg 600w, https:\/\/www.upo.es\/diario\/wp-content\/uploads\/2017\/05\/III-Desayuno-Economico-FCE_20170512-320x179.jpg 320w\" sizes=\"auto, (max-width: 600px) 100vw, 600px\" \/><\/a><figcaption id=\"caption-attachment-20346698\" class=\"wp-caption-text\">Juan Iturri, Jes\u00fas Juan Cambra y Jos\u00e9 P\u00e9rez Jigato durante el foro econ\u00f3mico empresarial<\/figcaption><\/figure>\n<p>La Universidad Pablo de Olavide ha acogido esta ma\u00f1ana el <b>III Desayuno Econ\u00f3mico Empresarial<\/b> organizado por la Facultad de Ciencias Empresariales, que en esta ocasi\u00f3n lleva por t\u00edtulo \u201cBrexit: \u00bfamenaza u oportunidad?\u201d y en el que han participado m\u00e1s de 50 representantes de un total de 30 empresas de diversos sectores econ\u00f3micos.<\/p>\n<p>En esta tercera edici\u00f3n han sido invitados <strong>\u00a0Juan Iturri, director general de Iturri Group, y\u00a0<\/strong><strong>Jos\u00e9 P\u00e9rez Jigato, responsable de Grandes Empresas de la Territorial de Andaluc\u00eda del Banco Santander.<\/strong>\u00a0El encuentro ha sido moderado por el decano de la Facultad de Ciencias Empresariales de la UPO, Jes\u00fas Juan Cambra Fierro.<\/p>\n<p>El foro ha contado as\u00ed mismo con la participaci\u00f3n de representantes de diversas empresas como Acesur, Adecco, Alestis, Carrefour, Cuatrecasas, Deloitte, Endesa, E&amp;Y, Garrigues, Iturri, Llopis, Mapfre, Montero-Aramburu Abogados, Pantoja Grupo Log\u00edstico, Pers\u00e1n, PWC, Siderurgia Sevillana, entre otras, as\u00ed como profesorado de la Universidad Pablo de Olavide y colaboradores de escuelas de negocios.<\/p>\n<p>Estos desayunos pretenden convertirse en un foro de debate peri\u00f3dico que permita crear una interrelaci\u00f3n entre universidad y empresa, acercando la actividad acad\u00e9mica a su entorno, as\u00ed como establecer v\u00ednculos de trabajo para fomentar la innovaci\u00f3n y el progreso. Su objetivo es analizar temas relacionados con el \u00e1mbito econ\u00f3mico y empresarial, tales como el emprendimiento, la innovaci\u00f3n, la internacionalizaci\u00f3n de empresas, fiscalidad, direcci\u00f3n financiera y otros m\u00e1s espec\u00edficos de sectores econ\u00f3micos como el agroalimentario o el tur\u00edstico, entre otros.<\/p>\n","protected":false},"excerpt":{"rendered":"<p>La Universidad Pablo de Olavide ha acogido el III Desayuno Econ\u00f3mico Empresarial organizado por la Facultad de Ciencias Empresariales, que en esta ocasi\u00f3n lleva por t\u00edtulo \u201cBrexit: \u00bfamenaza u oportunidad?\u201d y en el que han participado m\u00e1s de 50 representantes de un total de 30 empresas de diversos sectores econ\u00f3micos.<\/p>\n","protected":false},"author":6,"featured_media":0,"comment_status":"closed","ping_status":"open","sticky":false,"template":"","format":"standard","meta":{"_monsterinsights_skip_tracking":false,"_monsterinsights_sitenote_active":false,"_monsterinsights_sitenote_note":"","_monsterinsights_sitenote_category":0,"footnotes":""},"categories":[6],"tags":[4003,1950,3772,63,1059,360,1436,221],"class_list":["post-20325551","post","type-post","status-publish","format-standard","hentry","category-institucional","tag-brexit","tag-decano","tag-desayuno-economico-empresarial","tag-economia","tag-empresas","tag-facultad-de-ciencias-empresariales","tag-foro","tag-mesa-redonda"],"_links":{"self":[{"href":"https:\/\/www.upo.es\/diario\/wp-json\/wp\/v2\/posts\/20325551","targetHints":{"allow":["GET"]}}],"collection":[{"href":"https:\/\/www.upo.es\/diario\/wp-json\/wp\/v2\/posts"}],"about":[{"href":"https:\/\/www.upo.es\/diario\/wp-json\/wp\/v2\/types\/post"}],"author":[{"embeddable":true,"href":"https:\/\/www.upo.es\/diario\/wp-json\/wp\/v2\/users\/6"}],"replies":[{"embeddable":true,"href":"https:\/\/www.upo.es\/diario\/wp-json\/wp\/v2\/comments?post=20325551"}],"version-history":[{"count":5,"href":"https:\/\/www.upo.es\/diario\/wp-json\/wp\/v2\/posts\/20325551\/revisions"}],"predecessor-version":[{"id":20347717,"href":"https:\/\/www.upo.es\/diario\/wp-json\/wp\/v2\/posts\/20325551\/revisions\/20347717"}],"wp:attachment":[{"href":"https:\/\/www.upo.es\/diario\/wp-json\/wp\/v2\/media?parent=20325551"}],"wp:term":[{"taxonomy":"category","embeddable":true,"href":"https:\/\/www.upo.es\/diario\/wp-json\/wp\/v2\/categories?post=20325551"},{"taxonomy":"post_tag","embeddable":true,"href":"https:\/\/www.upo.es\/diario\/wp-json\/wp\/v2\/tags?post=20325551"}],"curies":[{"name":"wp","href":"https:\/\/api.w.org\/{rel}","templated":true}]}}