{"id":2033420,"date":"2013-11-15T14:55:58","date_gmt":"2013-11-15T14:55:58","guid":{"rendered":"https:\/\/www.upo.es\/diario\/?p=2033420"},"modified":"2013-11-18T13:37:48","modified_gmt":"2013-11-18T13:37:48","slug":"el-lunes-finaliza-la-semana-de-la-ciencia-de-la-upo-con-los-talleres-aqui-hay-ciencia","status":"publish","type":"post","link":"https:\/\/www.upo.es\/diario\/institucional\/2013\/11\/el-lunes-finaliza-la-semana-de-la-ciencia-de-la-upo-con-los-talleres-aqui-hay-ciencia\/","title":{"rendered":"El lunes finaliza la Semana de la Ciencia de la UPO con los talleres \u00abAqu\u00ed hay ciencia\u00bb"},"content":{"rendered":"<p style=\"text-align: justify;\">Los talleres \u201c<a href=\"http:\/\/www.upo.es\/semanadelaciencia\/talleres\/Aqui_hay_Ciencia\/index.jsp\">Aqu\u00ed hay Ciencia<\/a>\u201d, impartidos por la Asociaci\u00f3n de Biotecn\u00f3logos de Andaluc\u00eda (<a href=\"http:\/\/www.upo.es\/asociaciones\/asban\">AsBAn<\/a>), podr\u00e1n el broche final el pr\u00f3ximo lunes, 18 de noviembre, a <a href=\"http:\/\/www.upo.es\/semanadelaciencia\/\">la XIII Semana de la Ciencia de la Universidad Pablo de Olavide<\/a>. De esta forma, los estudiantes de Bachillerato y Ciclos Formativos tendr\u00e1n la oportunidad de convertirse en biotecn\u00f3logos por un d\u00eda y abordar a fondo la tem\u00e1tica de los talleres, \u201cEl ADN, la mol\u00e9cula de la vida\u201d.<\/p>\n<p style=\"text-align: justify;\">El objetivo de esta actividad, que comenzar\u00e1 a las 9:30 horas en el sal\u00f3n de grados de la Biblioteca de la UPO, es promover la divulgaci\u00f3n cient\u00edfica, dar a conocer la Biotecnolog\u00eda y reforzar la participaci\u00f3n en este tipo de actividades. En este sentido, los estudiantes participar\u00e1n activamente en el taller \u201cExtracci\u00f3n de ADN vegetal\u201d, donde llevar\u00e1n a cabo un sencillo protocolo de extracci\u00f3n de material gen\u00e9tico de plantas para ver la estructura fibrilar del ADN y el taller \u201cMapa de restricci\u00f3n del fago lambda\u201d, en el que realizar\u00e1n una electroforesis de ADN, ambas experimentos se llevar\u00e1n a cabo en los laboratorios del edificio 23. Por \u00faltimo se impartir\u00e1, en las aulas de inform\u00e1tica de la Biblioteca y del edificio 29,\u00a0 el \u201cTaller de introducci\u00f3n a la Bioinform\u00e1tica\u201d, los estudiantes usar\u00e1n herramientas utilizadas en la investigaci\u00f3n hoy en d\u00eda para identificar secuencias de ADN e inferir parentesco entre diferentes especies.<\/p>\n<figure id=\"attachment_2033421\" aria-describedby=\"caption-attachment-2033421\" style=\"width: 320px\" class=\"wp-caption alignright\"><a href=\"https:\/\/www.upo.es\/diario\/wp-content\/uploads\/2013\/11\/semanaciencia_jcloud1.jpg\"><img loading=\"lazy\" decoding=\"async\" class=\"size-medium wp-image-2033421\" alt=\"El vicerrector de Postgrado, Formaci\u00f3n Permanente y Empleo, Miguel \u00c1ngel Gual (en el centro) durante la inauguraci\u00f3n del D\u00eda del Cloud\" src=\"https:\/\/www.upo.es\/diario\/wp-content\/uploads\/2013\/11\/semanaciencia_jcloud1-320x193.jpg\" width=\"320\" height=\"193\" srcset=\"https:\/\/www.upo.es\/diario\/wp-content\/uploads\/2013\/11\/semanaciencia_jcloud1-320x193.jpg 320w, https:\/\/www.upo.es\/diario\/wp-content\/uploads\/2013\/11\/semanaciencia_jcloud1-1024x620.jpg 1024w, https:\/\/www.upo.es\/diario\/wp-content\/uploads\/2013\/11\/semanaciencia_jcloud1-600x363.jpg 600w\" sizes=\"auto, (max-width: 320px) 100vw, 320px\" \/><\/a><figcaption id=\"caption-attachment-2033421\" class=\"wp-caption-text\">El vicerrector de Postgrado, Formaci\u00f3n Permanente y Empleo, Miguel \u00c1ngel Gual (en el centro) durante la inauguraci\u00f3n del D\u00eda del Cloud<\/figcaption><\/figure>\n<p style=\"text-align: justify;\">Por otra parte, hoy se ha celebrado el <a href=\"http:\/\/www.upo.es\/semanadelaciencia\/El_Dia_del_Cloud\/index.jsp\">D\u00eda del Cloud<\/a>, dirigido a emprendedores y empresas, cuyo objetivo es sensibilizar y fomentar la cultura emprendedora entre los j\u00f3venes emprendedores universitarios. El vicerrector de Postgrado, Formaci\u00f3n Permanente y Empleo de la UPO, Miguel \u00c1ngel Gual Font, ha inaugurado esta iniciativa compuesta por dos eventos: la jornada \u201cCloud Business\u201d\u00a0 y el taller \u201cAndaluc\u00eda Emprende en la nube\u201d.<\/p>\n<figure id=\"attachment_2033422\" aria-describedby=\"caption-attachment-2033422\" style=\"width: 320px\" class=\"wp-caption alignright\"><a href=\"https:\/\/www.upo.es\/diario\/wp-content\/uploads\/2013\/11\/semanaciencia_jcloud.jpg\"><img loading=\"lazy\" decoding=\"async\" class=\"size-medium wp-image-2033422\" alt=\"Nicol\u00e1s Bertet, director del M\u00e1ster Cloud Business de la UPO en la jornada &quot;Cloud Business&quot;\" src=\"https:\/\/www.upo.es\/diario\/wp-content\/uploads\/2013\/11\/semanaciencia_jcloud-320x210.jpg\" width=\"320\" height=\"210\" srcset=\"https:\/\/www.upo.es\/diario\/wp-content\/uploads\/2013\/11\/semanaciencia_jcloud-320x210.jpg 320w, https:\/\/www.upo.es\/diario\/wp-content\/uploads\/2013\/11\/semanaciencia_jcloud-1024x675.jpg 1024w, https:\/\/www.upo.es\/diario\/wp-content\/uploads\/2013\/11\/semanaciencia_jcloud-600x395.jpg 600w\" sizes=\"auto, (max-width: 320px) 100vw, 320px\" \/><\/a><figcaption id=\"caption-attachment-2033422\" class=\"wp-caption-text\">Nicol\u00e1s Bertet, director del M\u00e1ster Cloud Business de la UPO, en la jornada \u00abCloud Business\u00bb<\/figcaption><\/figure>\n<p style=\"text-align: justify;\">La jornada \u201cCloud Business\u201d impartida por Nicol\u00e1s Bertet, director cient\u00edfico del <a href=\"http:\/\/www.mastercloudbusiness.es\/Pages\/default.aspx\">M\u00e1ster Cloud Business de la UPO<\/a>, y los investigadores Salvador Bueno y V\u00edctor Ba\u00f1uls del Departamento de Organizaci\u00f3n de Empresas y Marketing de la UPO. Esta actividad ha ofrecido una visi\u00f3n general sobre el cloud business abordando temas como las perspectivas de negocio para los pr\u00f3ximos a\u00f1os y tendencias, las ventajas para las empresas, el estado actual del mercado y la participaci\u00f3n de Starups de cloud computing. Para ello, ha contado con la presencia de las empresas de cloud business BN-cloud, Bitnami y Eattopia y la colaboraci\u00f3n de Vodafone.<\/p>\n<p style=\"text-align: justify;\">La segunda actividad dentro del D\u00eda del Cloud, ha sido el taller \u201cAndaluc\u00eda Emprende en la nube\u201d a cargo de <a href=\"http:\/\/www.andaluciaemprende.es\/\">Andaluc\u00eda Emprende, Fundaci\u00f3n P\u00fablica Andaluza<\/a>. Los participantes han conocido las herramientas de apoyo a emprendedores universitarios tales como <a href=\"https:\/\/www.dreamspark.com\/\">DreamSpark <\/a>y <a href=\"http:\/\/www.microsoft.com\/bizspark\/\">BizSpark<\/a> de Microsoft. Asimismo, el investigador V\u00edctor Ba\u00f1uls del Departamento de Organizaci\u00f3n de Empresas y Marketing de la UPO y co-fundador de una spin-off, y Adri\u00e1n Ruiz, egresado de la UPO y responsable del proyecto empresarial \u201cCrowdence\u201d, premiado en el V Concurso de Ideas y Proyectos Empresariales Innovadores de la UPO, han expuesto sus experiencias como emprendedores universitarios del \u00e1mbito tecnol\u00f3gico.<\/p>\n<figure id=\"attachment_2033423\" aria-describedby=\"caption-attachment-2033423\" style=\"width: 320px\" class=\"wp-caption alignright\"><a href=\"https:\/\/www.upo.es\/diario\/wp-content\/uploads\/2013\/11\/semanaciencia_jfauna.jpg\"><img loading=\"lazy\" decoding=\"async\" class=\"size-medium wp-image-2033423\" alt=\"Estudiantes de Bachillerato en las jornadas &quot;Sevilla, conoce tu fauna&quot;.\" src=\"https:\/\/www.upo.es\/diario\/wp-content\/uploads\/2013\/11\/semanaciencia_jfauna-320x176.jpg\" width=\"320\" height=\"176\" srcset=\"https:\/\/www.upo.es\/diario\/wp-content\/uploads\/2013\/11\/semanaciencia_jfauna-320x176.jpg 320w, https:\/\/www.upo.es\/diario\/wp-content\/uploads\/2013\/11\/semanaciencia_jfauna-1024x563.jpg 1024w, https:\/\/www.upo.es\/diario\/wp-content\/uploads\/2013\/11\/semanaciencia_jfauna-600x330.jpg 600w\" sizes=\"auto, (max-width: 320px) 100vw, 320px\" \/><\/a><figcaption id=\"caption-attachment-2033423\" class=\"wp-caption-text\">Estudiantes de Bachillerato en las jornadas \u00abSevilla, conoce tu fauna\u00bb.<\/figcaption><\/figure>\n<p style=\"text-align: justify;\">Paralelamente, los estudiantes de Bachillerato han conocido las especies m\u00e1s representativas de la fauna ib\u00e9rica como el camale\u00f3n, la nutr\u00eda, el lobo ib\u00e9rico o el buitre negro en las jornadas \u201c<a href=\"http:\/\/www.upo.es\/semanadelaciencia\/Charlas\/index.jsp\">Sevilla, conoce tu fauna. El humano las perjudica, pero tambi\u00e9n puede promover su conservaci\u00f3n<\/a>\u201d a cargo del investigador Esteban Garc\u00eda del Departamento de Sistemas F\u00edsico, Qu\u00edmicos y Naturales de la UPO e impartidas por licenciados en Ciencias Ambientales de la UPO. Asimismo, hoy viernes finalizan las exposiciones en la Biblioteca de la UPO, \u201cMatem\u00e1ticas en vi\u00f1etas\u201d de Antonio Fern\u00e1ndez-Aliseda, Juan Antonio Hans y Jos\u00e9 Mu\u00f1oz, y \u201cCine y Matem\u00e1ticas\u201d de\u00a0 Saem Thales.<\/p>\n<p style=\"text-align: justify;\">Cerca de 700 estudiantes de centros educativos as\u00ed como emprendedores y p\u00fablico en general han participado en los talleres pr\u00e1cticos, charlas, jornadas y visitas guiadas programadas para la Semana de la Ciencia de la UPO organizada por la <a href=\"http:\/\/www.upo.es\/otri\/portada\">Oficina de Transferencia de Resultados de Investigaci\u00f3n<\/a> (OTRI) del Vicerrectorado de Investigaci\u00f3n y Transferencia de Tecnolog\u00eda de la UPO. En esta edici\u00f3n, se ha contado con la colaboraci\u00f3n de investigadores de los Departamentos \u2018Sistemas F\u00edsicos, Qu\u00edmicos y Naturales\u2019, \u2018Fisiolog\u00eda, Anatom\u00eda y Biolog\u00eda Celular\u2019, \u2018Biolog\u00eda Molecular e Ingenier\u00eda Bioqu\u00edmica\u2019, \u2018Deporte e Inform\u00e1tica\u2019, \u2018Econom\u00eda, M\u00e9todos Cuantitativos e Historia Econ\u00f3mica\u2019 y \u2018Organizaci\u00f3n de Empresas y Marketing\u2019; el Centro Andaluz de Biolog\u00eda del Desarrollo; la Biblioteca de la UPO; la Asociaci\u00f3n de Biotecn\u00f3logos de Andaluc\u00eda (ASBAN); alumnos de la UPO de Ciencias Ambientales; la Sociedad Andaluza de Educaci\u00f3n en Matem\u00e1ticas Thales (SAMEN THALES); la Fundaci\u00f3n Andaluza para la Divulgaci\u00f3n de la Innovaci\u00f3n y del Conocimiento (Fundaci\u00f3n Descubre); y la Fundaci\u00f3n Espa\u00f1ola para la Ciencia y la Tecnolog\u00eda (FECYT).<\/p>\n<p style=\"text-align: justify;\"><b>Programa<\/b> de actividades de la Semana de la Ciencia en la UPO:<\/p>\n<p style=\"text-align: justify;\"><a href=\"http:\/\/www.upo.es\/upo_opencms\/export\/sites\/upo\/Galerias\/Descargas\/InfoEstudiantes\/semana_ciencia_2013.pdf\">http:\/\/www.upo.es\/upo_opencms\/export\/sites\/upo\/Galerias\/Descargas\/InfoEstudiantes\/semana_ciencia_2013.pdf<\/a><\/p>\n","protected":false},"excerpt":{"rendered":"<p>Los talleres \u201cAqu\u00ed hay Ciencia\u201d, impartidos por la Asociaci\u00f3n de Biotecn\u00f3logos de Andaluc\u00eda (AsBAn), podr\u00e1n el broche final el pr\u00f3ximo lunes, 18 de noviembre, a la XIII Semana de la Ciencia de la Universidad Pablo de Olavide. De esta forma, los estudiantes de Bachillerato y Ciclos Formativos tendr\u00e1n la oportunidad de convertirse en biotecn\u00f3logos por un d\u00eda y abordar a fondo la tem\u00e1tica de los talleres, \u201cEl ADN, la mol\u00e9cula de la vida\u201d.<\/p>\n","protected":false},"author":4,"featured_media":0,"comment_status":"closed","ping_status":"open","sticky":false,"template":"","format":"standard","meta":{"_monsterinsights_skip_tracking":false,"_monsterinsights_sitenote_active":false,"_monsterinsights_sitenote_note":"","_monsterinsights_sitenote_category":0,"footnotes":""},"categories":[6],"tags":[123,5833,987,970,83,969,549],"class_list":["post-2033420","post","type-post","status-publish","format-standard","hentry","category-institucional","tag-asban","tag-ciencia","tag-cloud","tag-divulgacion","tag-otri","tag-semana-de-la-ciencia","tag-talleres"],"_links":{"self":[{"href":"https:\/\/www.upo.es\/diario\/wp-json\/wp\/v2\/posts\/2033420","targetHints":{"allow":["GET"]}}],"collection":[{"href":"https:\/\/www.upo.es\/diario\/wp-json\/wp\/v2\/posts"}],"about":[{"href":"https:\/\/www.upo.es\/diario\/wp-json\/wp\/v2\/types\/post"}],"author":[{"embeddable":true,"href":"https:\/\/www.upo.es\/diario\/wp-json\/wp\/v2\/users\/4"}],"replies":[{"embeddable":true,"href":"https:\/\/www.upo.es\/diario\/wp-json\/wp\/v2\/comments?post=2033420"}],"version-history":[{"count":7,"href":"https:\/\/www.upo.es\/diario\/wp-json\/wp\/v2\/posts\/2033420\/revisions"}],"predecessor-version":[{"id":2057610,"href":"https:\/\/www.upo.es\/diario\/wp-json\/wp\/v2\/posts\/2033420\/revisions\/2057610"}],"wp:attachment":[{"href":"https:\/\/www.upo.es\/diario\/wp-json\/wp\/v2\/media?parent=2033420"}],"wp:term":[{"taxonomy":"category","embeddable":true,"href":"https:\/\/www.upo.es\/diario\/wp-json\/wp\/v2\/categories?post=2033420"},{"taxonomy":"post_tag","embeddable":true,"href":"https:\/\/www.upo.es\/diario\/wp-json\/wp\/v2\/tags?post=2033420"}],"curies":[{"name":"wp","href":"https:\/\/api.w.org\/{rel}","templated":true}]}}