{"id":20419818,"date":"2017-05-15T09:23:48","date_gmt":"2017-05-15T07:23:48","guid":{"rendered":"https:\/\/www.upo.es\/diario\/?p=20419818"},"modified":"2020-10-27T16:37:21","modified_gmt":"2020-10-27T15:37:21","slug":"hoy-se-abre-la-matricula-para-los-cursos-intensivos-de-verano-del-servicio-de-idiomas-de-la-upo","status":"publish","type":"post","link":"https:\/\/www.upo.es\/diario\/institucional\/2017\/05\/hoy-se-abre-la-matricula-para-los-cursos-intensivos-de-verano-del-servicio-de-idiomas-de-la-upo\/","title":{"rendered":"Se abre la matr\u00edcula para los cursos intensivos de verano del Servicio de Idiomas de la UPO"},"content":{"rendered":"<p><a href=\"https:\/\/www.upo.es\/diario\/wp-content\/uploads\/2017\/05\/cursos_verano_2017.jpg\"><img loading=\"lazy\" decoding=\"async\" class=\"alignright size-full wp-image-20419819\" alt=\"cursos_verano_2017\" src=\"https:\/\/www.upo.es\/diario\/wp-content\/uploads\/2017\/05\/cursos_verano_2017.jpg\" width=\"200\" height=\"293\" \/><\/a>El <a href=\"https:\/\/www.upo.es\/idiomas\">Servicio de Idiomas<\/a> de la Universidad Pablo de Olavide pondr\u00e1 en marcha durante los meses de julio y septiembre cursos intensivos de ingl\u00e9s, franc\u00e9s, alem\u00e1n, portugu\u00e9s, japon\u00e9s y chino impartidos por profesorado titulado, nativo y formado en la docencia. Los cursos de idiomas est\u00e1n dirigidos a dos grupos de edad: de <b>80 horas para adultos<\/b>, tanto alumnado de la UPO como personal y estudiantes de otros centros; y de <b>60 horas para adolescentes<\/b> con edades comprendidas entre los 13 y 16 a\u00f1os. En el caso del primer grupo, los cursos se celebrar\u00e1n del 30 de junio al 27 de julio y del 1 al 22 de septiembre en horarios de ma\u00f1ana y tarde; mientras que para los j\u00f3venes, los cursos se celebrar\u00e1n del 3 al 28 de julio de 10:00 a 13:00 horas, existiendo en este caso la posibilidad de la preparaci\u00f3n para ex\u00e1menes oficiales.<\/p>\n<p>Los <b>plazos de matriculaci\u00f3n<\/b> comprenden entre el 15 de mayo y el 23 de junio para los cursos de julio y entre el 5 de junio y el 21 de julio para los de septiembre. En esta ocasi\u00f3n, se realizar\u00e1 un sorteo de un curso extensivo 2017\/2018 gratis entre todas las personas matriculadas para los intensivos de julio y septiembre.<\/p>\n<p>Para la asistencia a los cursos intensivos de verano es necesaria la realizaci\u00f3n de una prueba de nivel, que condicionar\u00e1 el acceso al curso que se ajuste al dominio del idioma elegido. Los programas disponen de todos niveles desde el A1 al C2 en funci\u00f3n del idioma elegido y los grupos estar\u00e1n formados entre 8 y 15 alumnos. A lo largo del curso, el profesorado realizar\u00e1 dos evaluaciones para cada estudiante, valorando las cuatro destrezas de comprensi\u00f3n oral, expresi\u00f3n oral, comprensi\u00f3n escrita y expresi\u00f3n escrita, adem\u00e1s de la motivaci\u00f3n, el esfuerzo y la calidad de los trabajos entregados. La nota media de la evaluaci\u00f3n continua y la asistencia m\u00ednima representan la nota final de curso.<\/p>\n<p>El Servicio de Idiomas de la UPO es un servicio de apoyo a la comunidad universitaria que tiene como objeto la ense\u00f1anza, el perfeccionamiento y la difusi\u00f3n de las lenguas extranjeras. Con el Espacio Europeo de Educaci\u00f3n Superior, en el que el conocimiento de idiomas se ha convertido en un aspecto central de la formaci\u00f3n, el Servicio de Idiomas tiene como principal objetivo conseguir que los graduados y graduadas acrediten su dominio de una lengua extranjera a trav\u00e9s de la certificaci\u00f3n de su nivel ling\u00fc\u00edstico, que se incluir\u00e1 en su Suplemento Europeo al T\u00edtulo (SET).<\/p>\n","protected":false},"excerpt":{"rendered":"<p>El Servicio de Idiomas de la Universidad Pablo de Olavide pondr\u00e1 en marcha durante los meses de julio y septiembre cursos intensivos de ingl\u00e9s, franc\u00e9s, alem\u00e1n, portugu\u00e9s, japon\u00e9s y chino impartidos por profesorado titulado, nativo y formado en la docencia. Los cursos de idiomas est\u00e1n dirigidos a dos grupos de edad: de 80 horas para adultos, tanto alumnado de la UPO como personal y estudiantes de otros centros; y de 60 horas para adolescentes con edades comprendidas entre los 13 y 16 a\u00f1os. <\/p>\n","protected":false},"author":14,"featured_media":0,"comment_status":"closed","ping_status":"open","sticky":false,"template":"","format":"standard","meta":{"_monsterinsights_skip_tracking":false,"_monsterinsights_sitenote_active":false,"_monsterinsights_sitenote_note":"","_monsterinsights_sitenote_category":0,"footnotes":""},"categories":[6],"tags":[844,3445,22,967,646,3444,193,3443,650,4047],"class_list":["post-20419818","post","type-post","status-publish","format-standard","hentry","category-institucional","tag-aleman","tag-chino","tag-cursos-de-verano","tag-frances","tag-ingles","tag-japones","tag-matricula","tag-portugues","tag-servicio-de-idiomas","tag-suplemento-europeo-al-titulo"],"_links":{"self":[{"href":"https:\/\/www.upo.es\/diario\/wp-json\/wp\/v2\/posts\/20419818","targetHints":{"allow":["GET"]}}],"collection":[{"href":"https:\/\/www.upo.es\/diario\/wp-json\/wp\/v2\/posts"}],"about":[{"href":"https:\/\/www.upo.es\/diario\/wp-json\/wp\/v2\/types\/post"}],"author":[{"embeddable":true,"href":"https:\/\/www.upo.es\/diario\/wp-json\/wp\/v2\/users\/14"}],"replies":[{"embeddable":true,"href":"https:\/\/www.upo.es\/diario\/wp-json\/wp\/v2\/comments?post=20419818"}],"version-history":[{"count":1,"href":"https:\/\/www.upo.es\/diario\/wp-json\/wp\/v2\/posts\/20419818\/revisions"}],"predecessor-version":[{"id":30862112,"href":"https:\/\/www.upo.es\/diario\/wp-json\/wp\/v2\/posts\/20419818\/revisions\/30862112"}],"wp:attachment":[{"href":"https:\/\/www.upo.es\/diario\/wp-json\/wp\/v2\/media?parent=20419818"}],"wp:term":[{"taxonomy":"category","embeddable":true,"href":"https:\/\/www.upo.es\/diario\/wp-json\/wp\/v2\/categories?post=20419818"},{"taxonomy":"post_tag","embeddable":true,"href":"https:\/\/www.upo.es\/diario\/wp-json\/wp\/v2\/tags?post=20419818"}],"curies":[{"name":"wp","href":"https:\/\/api.w.org\/{rel}","templated":true}]}}