{"id":20421871,"date":"2017-05-16T00:06:32","date_gmt":"2017-05-15T22:06:32","guid":{"rendered":"https:\/\/www.upo.es\/diario\/?p=20421871"},"modified":"2020-10-27T16:37:26","modified_gmt":"2020-10-27T15:37:26","slug":"la-upo-acoge-manana-dos-actividades-del-festival-internacional-escena-mobile-de-arte-y-discapacidad","status":"publish","type":"post","link":"https:\/\/www.upo.es\/diario\/cultura\/2017\/05\/la-upo-acoge-manana-dos-actividades-del-festival-internacional-escena-mobile-de-arte-y-discapacidad\/","title":{"rendered":"La UPO acoge dos actividades del Festival Internacional Escena Mobile de Arte y Discapacidad"},"content":{"rendered":"<p><a href=\"https:\/\/www.upo.es\/diario\/wp-content\/uploads\/2017\/05\/imagen_EscenaMobile.jpg\"><img loading=\"lazy\" decoding=\"async\" class=\"alignright size-medium wp-image-20421873\" alt=\"imagen_EscenaMobile\" src=\"https:\/\/www.upo.es\/diario\/wp-content\/uploads\/2017\/05\/imagen_EscenaMobile-224x320.jpg\" width=\"224\" height=\"320\" \/><\/a>En el marco del Festival Internacional Escena Mobile de Arte y Discapacidad de Sevilla, hoy martes 16 de mayo a las 19:30 horas en el espacio sociocultural \u201cEl Entramado\u201d de la Universidad Pablo de Olavide, tendr\u00e1 lugar la presentaci\u00f3n del v\u00eddeo-libro \u201c<b>La sabidur\u00eda de los mitos<\/b>\u201d y la representaci\u00f3n de la performance \u201c<b>Curiosos<\/b>\u201d gracias a una iniciativa del Vicerrectorado de Cultura y Compromiso Social a trav\u00e9s del Servicio de Extensi\u00f3n Cultural. La entrada es libre hasta completar aforo.<\/p>\n<p>El Festival Internacional Escena Mobile celebra su und\u00e9cima edici\u00f3n entre los meses de abril y mayo, con una programaci\u00f3n que recoge m\u00e1s de veinte actividades vinculadas a las artes esc\u00e9nicas, las artes pl\u00e1sticas y la m\u00fasica. Este a\u00f1o, la UPO como entidad colaboradora acoge dos de las propuestas del Festival. En primer lugar, el v\u00eddeo-libro \u201cLa sabidur\u00eda de los mitos\u201d, de los autores <b>Josep Mar\u00eda Segimon<\/b> y <b>Pablo Navarro<\/b> ser\u00e1 introducido por la profesora <b>Marian P\u00e9rez Bernal<\/b> del Departamento de Geograf\u00eda, Historia y Filosof\u00eda. Se trata de la primera publicaci\u00f3n de una serie de libros que pretenden explicar, de una manera accesible y a la vez rigurosa, la historia de la filosof\u00eda en un formato triling\u00fce, puesto que se puede acceder al contenido en castellano, en catal\u00e1n y en lengua de signos catalana. La obra ofrece una introducci\u00f3n general al concepto de mito y mitolog\u00eda, un resumen de los relatos m\u00edticos imprescindibles y un an\u00e1lisis filos\u00f3fico de \u00e9stos.<\/p>\n<p>A continuaci\u00f3n, el p\u00fablico asistente tendr\u00e1 la oportunidad de disfrutar de la performance \u201cCuriosos\u201d, de los sevillanos <b>Susana L\u00f3pez<\/b> y <b>Helliot Baeza<\/b>, inspirada en textos de <b>Jorge Luis Borges<\/b> y con m\u00fasica en directo del contrabajo de <b>Manuel Calleja<\/b>. En la obra, los autores se preguntan qu\u00e9 es un mito. \u201cCuando la curiosidad nos pic\u00f3, decidimos unir la mitolog\u00eda griega con el propio movimiento, comunicando lo que nos inquieta, nos sorprende e incluso desconocemos. No es m\u00e1s que una forma diversa de contar. Los cuerpos narrar\u00e1n la historia y la palabra nos mover\u00e1\u201d, explican los dramaturgos.<\/p>\n<ul>\n<li><a href=\"https:\/\/www.upo.es\/upsc\/extension_cultural\/agenda\/\">Agenda del Servicio de Extensi\u00f3n Cultural de la Universidad Pablo de Olavide.<\/a><\/li>\n<\/ul>\n","protected":false},"excerpt":{"rendered":"<p>El Festival Internacional Escena Mobile celebra su und\u00e9cima edici\u00f3n entre los meses de abril y mayo, con una programaci\u00f3n que recoge m\u00e1s de veinte actividades vinculadas a las artes esc\u00e9nicas, las artes pl\u00e1sticas y la m\u00fasica. Este a\u00f1o, la UPO como entidad colaboradora acoge dos de las propuestas del Festival. <\/p>\n","protected":false},"author":14,"featured_media":0,"comment_status":"closed","ping_status":"open","sticky":false,"template":"","format":"standard","meta":{"_monsterinsights_skip_tracking":false,"_monsterinsights_sitenote_active":false,"_monsterinsights_sitenote_note":"","_monsterinsights_sitenote_category":0,"footnotes":""},"categories":[7],"tags":[2523,4051,1210,4049,3004,4050,3746,2667],"class_list":["post-20421871","post","type-post","status-publish","format-standard","hentry","category-cultura","tag-artes-escenicas","tag-cultura-accesible","tag-discapacidad","tag-escena-mobile","tag-filosofia","tag-performance","tag-servicio-de-extension-cultural","tag-vicerrectorado-de-cultura-y-compromiso-social"],"_links":{"self":[{"href":"https:\/\/www.upo.es\/diario\/wp-json\/wp\/v2\/posts\/20421871","targetHints":{"allow":["GET"]}}],"collection":[{"href":"https:\/\/www.upo.es\/diario\/wp-json\/wp\/v2\/posts"}],"about":[{"href":"https:\/\/www.upo.es\/diario\/wp-json\/wp\/v2\/types\/post"}],"author":[{"embeddable":true,"href":"https:\/\/www.upo.es\/diario\/wp-json\/wp\/v2\/users\/14"}],"replies":[{"embeddable":true,"href":"https:\/\/www.upo.es\/diario\/wp-json\/wp\/v2\/comments?post=20421871"}],"version-history":[{"count":3,"href":"https:\/\/www.upo.es\/diario\/wp-json\/wp\/v2\/posts\/20421871\/revisions"}],"predecessor-version":[{"id":30862114,"href":"https:\/\/www.upo.es\/diario\/wp-json\/wp\/v2\/posts\/20421871\/revisions\/30862114"}],"wp:attachment":[{"href":"https:\/\/www.upo.es\/diario\/wp-json\/wp\/v2\/media?parent=20421871"}],"wp:term":[{"taxonomy":"category","embeddable":true,"href":"https:\/\/www.upo.es\/diario\/wp-json\/wp\/v2\/categories?post=20421871"},{"taxonomy":"post_tag","embeddable":true,"href":"https:\/\/www.upo.es\/diario\/wp-json\/wp\/v2\/tags?post=20421871"}],"curies":[{"name":"wp","href":"https:\/\/api.w.org\/{rel}","templated":true}]}}