{"id":20497308,"date":"2017-05-18T11:38:42","date_gmt":"2017-05-18T11:38:42","guid":{"rendered":"https:\/\/www.upo.es\/diario\/?p=20497308"},"modified":"2017-05-23T13:15:24","modified_gmt":"2017-05-23T13:15:24","slug":"inaugurada-en-la-universidad-pablo-de-olavide-la-exposicion-el-esplendor-de-la-letra","status":"publish","type":"post","link":"https:\/\/www.upo.es\/diario\/cultura\/2017\/05\/inaugurada-en-la-universidad-pablo-de-olavide-la-exposicion-el-esplendor-de-la-letra\/","title":{"rendered":"Inaugurada en la Universidad Pablo de Olavide la exposici\u00f3n \u2018El Esplendor de la Letra\u2019"},"content":{"rendered":"<figure id=\"attachment_20497310\" aria-describedby=\"caption-attachment-20497310\" style=\"width: 600px\" class=\"wp-caption aligncenter\"><a href=\"https:\/\/www.upo.es\/diario\/wp-content\/uploads\/2017\/05\/Exp-Esplendor-Letra_20170518_1.jpg\"><img loading=\"lazy\" decoding=\"async\" class=\"size-large wp-image-20497310\" alt=\"En el centro de la imagen, Pilar Rodr\u00edguez, Vicente Guzm\u00e1n (i), Luis Rey y Carmen Baena (d) a ambos lados del cartel de la exposici\u00f3n.\" src=\"https:\/\/www.upo.es\/diario\/wp-content\/uploads\/2017\/05\/Exp-Esplendor-Letra_20170518_1-600x337.jpg\" width=\"600\" height=\"337\" srcset=\"https:\/\/www.upo.es\/diario\/wp-content\/uploads\/2017\/05\/Exp-Esplendor-Letra_20170518_1-600x337.jpg 600w, https:\/\/www.upo.es\/diario\/wp-content\/uploads\/2017\/05\/Exp-Esplendor-Letra_20170518_1-320x180.jpg 320w\" sizes=\"auto, (max-width: 600px) 100vw, 600px\" \/><\/a><figcaption id=\"caption-attachment-20497310\" class=\"wp-caption-text\">En el centro de la imagen, Pilar Rodr\u00edguez, Vicente Guzm\u00e1n (i), Luis Rey y Carmen Baena (d)<\/figcaption><\/figure>\n<p>La Universidad Pablo de Olavide acoger\u00e1 hasta el pr\u00f3ximo 30 de junio la <b>exposici\u00f3n \u2018El Esplendor de la Letra\u2019<\/b>, una muestra compuesta por 80 manuscritos e impresos de entre los siglos XIII y XX, y pertenecientes al fondo antiguo de la Biblioteca del Colegio Internacional de Sevilla San Francisco de Paula. La inauguraci\u00f3n ha sido presidida por Vicente Guzm\u00e1n, rector de la UPO; Luis Rey Go\u00f1i, director del Colegio San Francisco de Paula; Carmen Baena, directora de la Biblioteca; y Pilar Rodr\u00edguez Reina, desde cuyo vicerrectorado de Relaciones Institucionales y Comunicaci\u00f3n parte la iniciativa de acoger en el campus los ejemplares m\u00e1s significativos y valiosos del fondo antiguo de la Biblioteca \u2018Francisco M\u00e1rquez Villanueva\u2019 del Colegio.<\/p>\n<p>La muestra que puede visitarse desde hoy en la Biblioteca es fruto de la estrecha colaboraci\u00f3n existente entre la Universidad Pablo de Olavide y el Colegio San Francisco de Paula. De hecho, se trata de la segunda ocasi\u00f3n en que el campus acoge ejemplares de su fondo antiguo, la primera, con el t\u00edtulo \u2018De Re Italica\u2019 pudo visitarse en enero y febrero de este a\u00f1o.<\/p>\n<p>Esta exposici\u00f3n, integrada en el marco de actividades organizadas por el Colegio para conmemorar su 130\u00ba Aniversario, que se cumple en el presente curso, est\u00e1 dividida por temas: avance cient\u00edfico y del conocimiento, obras hist\u00f3ricas, literatura y Sevilla. Algunos de los ejemplares son ediciones incunables, es decir, impresos antes del a\u00f1o 1501. En concreto, el libro impreso m\u00e1s antiguo se remonta a 1463, titulado \u2018Propiedades del Monasterio de San Isidoro del Campo\u2019. Estos valiosos documentos se encuentran en un notable estado de conservaci\u00f3n gracias a las condiciones de seguridad y mantenimiento imprescindibles para la pervivencia de los fondos.<\/p>\n<p>Durante la inauguraci\u00f3n, <strong>Vicente Guzm\u00e1n<\/strong> ha se\u00f1alado la estrecha colaboraci\u00f3n existente entre la UPO y el Colegio San Francisco de Paula y la Fundaci\u00f3n Go\u00f1i y Rey con dos objetivos principales: la realizaci\u00f3n de actividades para la difusi\u00f3n de la cultura y la preocupaci\u00f3n por que las etapas educativas est\u00e9n lo m\u00e1s integradas posibles para un mejor aprovechamiento por parte del alumnado. Por otra parte, el rector ha destacado el valor de la exposici\u00f3n: \u201cNo es f\u00e1cil que libros de 600 a\u00f1os est\u00e9n conservados de esta forma\u201d.<\/p>\n<p>Por su parte, la vicerrectora <strong>Pilar Rodr\u00edguez<\/strong> ha hablado del Colegio y la Fundaci\u00f3n como unos aliados imprescindibles en la educaci\u00f3n de los j\u00f3venes, \u201cpor este motivo, los emplazamos a seguir haciendo cosas juntos en el marco de la relaci\u00f3n cada vez m\u00e1s estrecha que nos une\u201d, ha se\u00f1alado. Finalmente, <strong>Luis Rey<\/strong> ha destacado de la exposici\u00f3n la forma en que la palabra escrita ha permitido la acumulaci\u00f3n de conocimiento a lo largo de los siglos. \u201cEn esta muestra, vamos a escuchar voces autorizadas de otras \u00e9pocas. Estamos en un momento de cambio profundo en la transmisi\u00f3n y generaci\u00f3n del conocimiento y esta exposici\u00f3n tiene el sentido de no olvidar nuestros or\u00edgenes para seguir transformando la labor pedag\u00f3gica que demandan los alumnos y alumnas\u201d, ha concluido el director del Colegio.<\/p>\n<figure id=\"attachment_20497311\" aria-describedby=\"caption-attachment-20497311\" style=\"width: 320px\" class=\"wp-caption alignright\"><a href=\"https:\/\/www.upo.es\/diario\/wp-content\/uploads\/2017\/05\/Exp-Esplendor-Letra_20170518_2.jpg\"><img loading=\"lazy\" decoding=\"async\" class=\"size-medium wp-image-20497311\" alt=\"Luis Rey comenta los ejemplares expuestos en la Biblioteca a los primeros visitantes tras la inauguraci\u00f3n\" src=\"https:\/\/www.upo.es\/diario\/wp-content\/uploads\/2017\/05\/Exp-Esplendor-Letra_20170518_2-320x213.jpg\" width=\"320\" height=\"213\" srcset=\"https:\/\/www.upo.es\/diario\/wp-content\/uploads\/2017\/05\/Exp-Esplendor-Letra_20170518_2-320x213.jpg 320w, https:\/\/www.upo.es\/diario\/wp-content\/uploads\/2017\/05\/Exp-Esplendor-Letra_20170518_2-600x400.jpg 600w\" sizes=\"auto, (max-width: 320px) 100vw, 320px\" \/><\/a><figcaption id=\"caption-attachment-20497311\" class=\"wp-caption-text\">Luis Rey comenta los ejemplares expuestos en la Biblioteca a los primeros visitantes tras la inauguraci\u00f3n<\/figcaption><\/figure>\n<p><strong>Las dos primeras vitrinas se dedican principalmente al avance cient\u00edfico<\/strong> y recopilaci\u00f3n del conocimiento e incluyen, entre otros, una edici\u00f3n post-incunable de las \u2018Etimolog\u00edas\u2019 de San Isidoro y un volumen de la primera edici\u00f3n de la \u2018Encyclop\u00e9die\u2019 de Diderot y d\u2019Alembert. Entre ellos se sit\u00faa una significativa obra de transici\u00f3n, \u2018A Common-place Book to the Holy Bible\u2019, uno de los \u00faltimos intentos de clasificaci\u00f3n tem\u00e1tica del conocimiento. En estas vitrinas tambi\u00e9n conviven textos de Boyle, Varignon, explicaciones de Newton por Pemberton y Voltaire, obras pioneras de Jos\u00e9 y Crist\u00f3bal de Acosta sobre las tierras exploradas de Am\u00e9rica y Asia, un in\u00e9dito tratado del belga La Fraille, obras pedag\u00f3gicas de Erasmo y Dionisio Cartujano, obras in\u00e9ditas del maestro Blanco en libro de coro toledano del siglo XVI y un volumen que a\u00fan conserva las cadenas que en el siglo XVII sujetaban los libros a la Biblioteca. Los apuntes de Ciencias de un destacado antiguo alumno del Centro, Manuel Losada Villasante, cierran esta secci\u00f3n.<\/p>\n<p><strong>Las dos siguientes vitrinas recogen vol\u00famenes de car\u00e1cter hist\u00f3rico, literario y de Sevilla<\/strong>. Sobre el primer tema cuenta con manuscritos de Alfonso X, despachos con las firmas de Fernando el Cat\u00f3lico y Felipe II, un testimonio del reinado ingl\u00e9s de Felipe de Habsburgo (a\u00fan no coronado Felipe II de Espa\u00f1a) con Mar\u00eda Tudor, la cr\u00f3nica de la guerra civil escrita por el conde de Clarendon, una edici\u00f3n del \u2018Institutio Principis Chirstiani\u2019 de Erasmo y una copia manuscrita de la \u2018Monita secreta\u2019 de Acquaviva.<\/p>\n<p>La secci\u00f3n sobre literatura recoge impresiones, algunas de ellas incunables, correspondientes a obras escritas en el per\u00edodo que va desde la \u00e9poca romana hasta la Revoluci\u00f3n Francesa, como ediciones de Plauto y Lucrecio por Aldo Manuzio, un Terencio rubricado a mano, obras de Virgilio ilustradas y comentadas por el humanista Pietro Bembo, una colecci\u00f3n de Higinius sobre las constelaciones, la primera de \u2018Le marriage de Figaro\u2019 de Beaumarchais, una edici\u00f3n de Lope de Vega publicada en vida del autor y una comedia de cordel procedente del archivo personal de Emilio Cotarelo.<\/p>\n<p>La \u00faltima secci\u00f3n est\u00e1 dedicada a Sevilla, con varias publicaciones de los Cromberger, principales impresores de la ciudad en el siglo XVI e introductores de la imprenta en Am\u00e9rica hacia 1538. En estas vitrinas se puede encontrar una temprana edici\u00f3n de \u2018Guzm\u00e1n de Alfarache\u2019 de Mateo Alem\u00e1n, los remedios propuestos para las frecuentes crecidas del Guadalquivir, documentos sobre la decadencia de Sevilla tras su \u00e9poca dorada, villancicos cantados en la Catedral y admonici\u00f3n a los ciudadanos que hab\u00edan sufrido el terremoto de Lisboa o la \u2018Ejecutoria de hidalgu\u00eda\u2019 de los Xim\u00e9nez de Enciso.<\/p>\n<p>Por tanto, el visitante podr\u00e1 contemplar en la exposici\u00f3n un conjunto ins\u00f3lito y llamativo; en el caso de los manuscritos, su propia naturaleza y antig\u00fcedad los convierte en documentos \u00fanicos, mientras en el caso de los libros gran parte corresponden a primeras ediciones espa\u00f1olas, inglesas y francesas, m\u00e1s alguna italiana, poco frecuentes en las bibliotecas de acceso p\u00fablico espa\u00f1olas.<\/p>\n","protected":false},"excerpt":{"rendered":"<p>La Universidad Pablo de Olavide acoger\u00e1 hasta el pr\u00f3ximo 30 de junio la exposici\u00f3n \u2018El Esplendor de la Letra\u2019, una muestra compuesta por 80 manuscritos e impresos de entre los siglos XIII y XX, y pertenecientes al fondo antiguo de la Biblioteca del Colegio Internacional de Sevilla San Francisco de Paula. <\/p>\n","protected":false},"author":6,"featured_media":0,"comment_status":"closed","ping_status":"open","sticky":false,"template":"","format":"standard","meta":{"_monsterinsights_skip_tracking":false,"_monsterinsights_sitenote_active":false,"_monsterinsights_sitenote_note":"","_monsterinsights_sitenote_category":0,"footnotes":""},"categories":[7],"tags":[2622,5833,3841,74,503,3836,150,5835,401,1794,38,106],"class_list":["post-20497308","post","type-post","status-publish","format-standard","hentry","category-cultura","tag-bibliotecacrai","tag-ciencia","tag-colegio-san-francisco-de-paula","tag-exposiciones","tag-fundacion","tag-fundacion-goni-y-rey","tag-historia","tag-libros","tag-literatura","tag-pilar-rodriguez-reina","tag-rector","tag-vicente-c-guzman"],"_links":{"self":[{"href":"https:\/\/www.upo.es\/diario\/wp-json\/wp\/v2\/posts\/20497308","targetHints":{"allow":["GET"]}}],"collection":[{"href":"https:\/\/www.upo.es\/diario\/wp-json\/wp\/v2\/posts"}],"about":[{"href":"https:\/\/www.upo.es\/diario\/wp-json\/wp\/v2\/types\/post"}],"author":[{"embeddable":true,"href":"https:\/\/www.upo.es\/diario\/wp-json\/wp\/v2\/users\/6"}],"replies":[{"embeddable":true,"href":"https:\/\/www.upo.es\/diario\/wp-json\/wp\/v2\/comments?post=20497308"}],"version-history":[{"count":3,"href":"https:\/\/www.upo.es\/diario\/wp-json\/wp\/v2\/posts\/20497308\/revisions"}],"predecessor-version":[{"id":20621787,"href":"https:\/\/www.upo.es\/diario\/wp-json\/wp\/v2\/posts\/20497308\/revisions\/20621787"}],"wp:attachment":[{"href":"https:\/\/www.upo.es\/diario\/wp-json\/wp\/v2\/media?parent=20497308"}],"wp:term":[{"taxonomy":"category","embeddable":true,"href":"https:\/\/www.upo.es\/diario\/wp-json\/wp\/v2\/categories?post=20497308"},{"taxonomy":"post_tag","embeddable":true,"href":"https:\/\/www.upo.es\/diario\/wp-json\/wp\/v2\/tags?post=20497308"}],"curies":[{"name":"wp","href":"https:\/\/api.w.org\/{rel}","templated":true}]}}