{"id":2057249,"date":"2013-11-18T12:09:11","date_gmt":"2013-11-18T12:09:11","guid":{"rendered":"https:\/\/www.upo.es\/diario\/?p=2057249"},"modified":"2013-11-19T07:33:39","modified_gmt":"2013-11-19T07:33:39","slug":"el-aula-abierta-de-mayores-de-la-upo-llega-a-villamanrique-de-la-condesa-este-curso","status":"publish","type":"post","link":"https:\/\/www.upo.es\/diario\/institucional\/2013\/11\/el-aula-abierta-de-mayores-de-la-upo-llega-a-villamanrique-de-la-condesa-este-curso\/","title":{"rendered":"El Aula Abierta de Mayores de la UPO llega a Villamanrique de la Condesa este curso"},"content":{"rendered":"<figure id=\"attachment_2057250\" aria-describedby=\"caption-attachment-2057250\" style=\"width: 320px\" class=\"wp-caption alignright\"><a href=\"https:\/\/www.upo.es\/diario\/wp-content\/uploads\/2013\/11\/conve_villamanrique.jpg\"><img loading=\"lazy\" decoding=\"async\" class=\"size-medium wp-image-2057250\" alt=\"El rector Vicente Guzm\u00e1n y el alcalde Jos\u00e9 Sol\u00eds de la Rosa firman un convenio de colaboraci\u00f3n\" src=\"https:\/\/www.upo.es\/diario\/wp-content\/uploads\/2013\/11\/conve_villamanrique-320x213.jpg\" width=\"320\" height=\"213\" srcset=\"https:\/\/www.upo.es\/diario\/wp-content\/uploads\/2013\/11\/conve_villamanrique-320x213.jpg 320w, https:\/\/www.upo.es\/diario\/wp-content\/uploads\/2013\/11\/conve_villamanrique-1024x682.jpg 1024w, https:\/\/www.upo.es\/diario\/wp-content\/uploads\/2013\/11\/conve_villamanrique-600x400.jpg 600w\" sizes=\"auto, (max-width: 320px) 100vw, 320px\" \/><\/a><figcaption id=\"caption-attachment-2057250\" class=\"wp-caption-text\">El rector Vicente Guzm\u00e1n y el alcalde Jos\u00e9 Sol\u00eds de la Rosa firman un convenio de colaboraci\u00f3n<\/figcaption><\/figure>\n<p style=\"text-align: justify;\">Villamanrique de la Condesa se suma al Aula Abierta de Mayores de la Universidad Pablo de Olavide desde este mes de noviembre, seg\u00fan el convenio suscrito hoy lunes entre el rector de la Universidad Pablo de Olavide, Vicente Guzm\u00e1n, y el alcalde de Villamanrique de la Condesa, Jos\u00e9 Sol\u00eds de la Rosa. El convenio recoge que la UPO y el <a href=\"http:\/\/www.villamanriquedelacondesa.es\/opencms\/opencms\/villamanrique\">Ayuntamiento de Villamanrique de la Condesa<\/a> impulsar\u00e1n actividades conjuntas en materia formativa y de investigaci\u00f3n, entre las que se encuentra el\u00a0 \u201cAula Abierta de Mayores\u201d de la UPO.<\/p>\n<p style=\"text-align: justify;\">El Aula Abierta de Mayores de la Olavide es un ciclo formativo de tres a\u00f1os de duraci\u00f3n dirigido a los mayores de 55 a\u00f1os, con la posibilidad de continuar la formaci\u00f3n con un segundo ciclo complementario de tres a\u00f1os m\u00e1s, impartidos por profesores universitarios y locales y que abarcan hasta siete \u00e1reas del conocimiento: Arte, Humanidades y Ciencias Sociales, Ciencias Jur\u00eddicas y Econ\u00f3micas, Ciencias Experimentales, de la Tierra y del Medio Ambiente, Ciencias Biosanitarias y Ciencias Tecnol\u00f3gicas y Ciencias de la Comunicaci\u00f3n. Al final de cada curso acad\u00e9mico, los alumnos reciben un diploma acreditativo.<\/p>\n<p style=\"text-align: justify;\">Esta iniciativa, que se pone en marcha por primera vez en Villamanrique de la Condesa y que cuenta hasta la fecha con 15 alumnos, es una apuesta por acercar, mejorar y facilitar la formaci\u00f3n a las personas mayores, ya que les permite disfrutar de los servicios de la Universidad en su propio municipio. <a href=\"http:\/\/www.upo.es\/aula-mayores\/informacion\/index.jsp\">El Aula Abierta de Mayores<\/a> de la Universidad Pablo de Olavide es un \u201cPrograma Universitario para Mayores\u201d\u00a0de formaci\u00f3n cient\u00edfica, cultural y social que persigue mejorar\u00a0su calidad de vida y fomentar su participaci\u00f3n como dinamizadores sociales.<\/p>\n<p style=\"text-align: justify;\">Adem\u00e1s de Villamanrique de la Condesa, los pueblos de la provincia de Sevilla que forman parte del Aula Abierta de Mayores de la UPO son Alcal\u00e1 de Guada\u00edra, Aznalc\u00f3llar, Bormujos, Carmona, Castilleja de la Cuesta, Gilena, Gines, Herrera, La Puebla de Cazalla, Gerena, Pedrera, Salteras, Santiponce, Mairena del Alcor y Tomares.<\/p>\n<p style=\"text-align: justify;\">Tanto el rector de la Universidad Pablo de Olavide como el alcalde del Ayuntamiento de Villamanrique de la Condesa han mostrado su satisfacci\u00f3n por el establecimiento de esta colaboraci\u00f3n, que representa el primer paso para la puesta en marcha de futuros proyectos y que potencia el compromiso de la Olavide de fortalecer las relaciones con los pueblos de la provincia.<\/p>\n","protected":false},"excerpt":{"rendered":"<p>Villamanrique de la Condesa se suma al Aula Abierta de Mayores de la Universidad Pablo de Olavide desde este mes de noviembre, seg\u00fan el convenio suscrito entre el rector de la Universidad Pablo de Olavide, Vicente Guzm\u00e1n, y el alcalde de Villamanrique de la Condesa, Jos\u00e9 Sol\u00eds de la Rosa. El convenio recoge que la UPO y el Ayuntamiento de Villamanrique de la Condesa impulsar\u00e1n actividades conjuntas en materia formativa y de investigaci\u00f3n, entre las que se encuentra el  \u201cAula Abierta de Mayores\u201d de la UPO.<\/p>\n","protected":false},"author":4,"featured_media":0,"comment_status":"closed","ping_status":"open","sticky":false,"template":"","format":"standard","meta":{"_monsterinsights_skip_tracking":false,"_monsterinsights_sitenote_active":false,"_monsterinsights_sitenote_note":"","_monsterinsights_sitenote_category":0,"footnotes":""},"categories":[6],"tags":[996,38,999],"class_list":["post-2057249","post","type-post","status-publish","format-standard","hentry","category-institucional","tag-aula-de-mayores","tag-rector","tag-villamanrique-de-la-condesa"],"_links":{"self":[{"href":"https:\/\/www.upo.es\/diario\/wp-json\/wp\/v2\/posts\/2057249","targetHints":{"allow":["GET"]}}],"collection":[{"href":"https:\/\/www.upo.es\/diario\/wp-json\/wp\/v2\/posts"}],"about":[{"href":"https:\/\/www.upo.es\/diario\/wp-json\/wp\/v2\/types\/post"}],"author":[{"embeddable":true,"href":"https:\/\/www.upo.es\/diario\/wp-json\/wp\/v2\/users\/4"}],"replies":[{"embeddable":true,"href":"https:\/\/www.upo.es\/diario\/wp-json\/wp\/v2\/comments?post=2057249"}],"version-history":[{"count":4,"href":"https:\/\/www.upo.es\/diario\/wp-json\/wp\/v2\/posts\/2057249\/revisions"}],"predecessor-version":[{"id":2063738,"href":"https:\/\/www.upo.es\/diario\/wp-json\/wp\/v2\/posts\/2057249\/revisions\/2063738"}],"wp:attachment":[{"href":"https:\/\/www.upo.es\/diario\/wp-json\/wp\/v2\/media?parent=2057249"}],"wp:term":[{"taxonomy":"category","embeddable":true,"href":"https:\/\/www.upo.es\/diario\/wp-json\/wp\/v2\/categories?post=2057249"},{"taxonomy":"post_tag","embeddable":true,"href":"https:\/\/www.upo.es\/diario\/wp-json\/wp\/v2\/tags?post=2057249"}],"curies":[{"name":"wp","href":"https:\/\/api.w.org\/{rel}","templated":true}]}}