{"id":2065737,"date":"2013-11-20T06:00:43","date_gmt":"2013-11-20T06:00:43","guid":{"rendered":"https:\/\/www.upo.es\/diario\/?p=2065737"},"modified":"2013-11-20T08:17:46","modified_gmt":"2013-11-20T08:17:46","slug":"el-rector-de-la-upo-y-el-director-territorial-de-banco-santander-en-andalucia-firman-manana-un-convenio","status":"publish","type":"post","link":"https:\/\/www.upo.es\/diario\/institucional\/2013\/11\/el-rector-de-la-upo-y-el-director-territorial-de-banco-santander-en-andalucia-firman-manana-un-convenio\/","title":{"rendered":"El rector de la UPO y el director territorial de Banco Santander en Andaluc\u00eda firman hoy un convenio"},"content":{"rendered":"<p>El rector de la Universidad Pablo de Olavide, Vicente Guzm\u00e1n Fluja, y el director territorial de Banco Santander en Andaluc\u00eda, Jos\u00e9 Luis Fern\u00e1ndez Fern\u00e1ndez, firmar\u00e1n hoy mi\u00e9rcoles 20 de noviembre, a las 11 horas, en la sala de prensa del Rectorado de la UPO, un convenio de colaboraci\u00f3n para el desarrollo del programa de movilidad internacional Atlanticus-Santander.<\/p>\n","protected":false},"excerpt":{"rendered":"<p>El rector de la Universidad Pablo de Olavide, Vicente Guzm\u00e1n Fluja, y el director territorial de Banco Santander en Andaluc\u00eda, Jos\u00e9 Luis Fern\u00e1ndez Fern\u00e1ndez, firmar\u00e1n hoy mi\u00e9rcoles 20 de noviembre, a las 11 horas, en la sala de prensa del Rectorado de la UPO, un convenio de colaboraci\u00f3n para el desarrollo del programa de movilidad internacional Atlanticus-Santander.<\/p>\n","protected":false},"author":2,"featured_media":0,"comment_status":"closed","ping_status":"open","sticky":false,"template":"","format":"standard","meta":{"_monsterinsights_skip_tracking":false,"_monsterinsights_sitenote_active":false,"_monsterinsights_sitenote_note":"","_monsterinsights_sitenote_category":0,"footnotes":""},"categories":[6],"tags":[1000,326,465,38],"class_list":["post-2065737","post","type-post","status-publish","format-standard","hentry","category-institucional","tag-banco-santander","tag-convenio","tag-educacion","tag-rector"],"_links":{"self":[{"href":"https:\/\/www.upo.es\/diario\/wp-json\/wp\/v2\/posts\/2065737","targetHints":{"allow":["GET"]}}],"collection":[{"href":"https:\/\/www.upo.es\/diario\/wp-json\/wp\/v2\/posts"}],"about":[{"href":"https:\/\/www.upo.es\/diario\/wp-json\/wp\/v2\/types\/post"}],"author":[{"embeddable":true,"href":"https:\/\/www.upo.es\/diario\/wp-json\/wp\/v2\/users\/2"}],"replies":[{"embeddable":true,"href":"https:\/\/www.upo.es\/diario\/wp-json\/wp\/v2\/comments?post=2065737"}],"version-history":[{"count":3,"href":"https:\/\/www.upo.es\/diario\/wp-json\/wp\/v2\/posts\/2065737\/revisions"}],"predecessor-version":[{"id":2072552,"href":"https:\/\/www.upo.es\/diario\/wp-json\/wp\/v2\/posts\/2065737\/revisions\/2072552"}],"wp:attachment":[{"href":"https:\/\/www.upo.es\/diario\/wp-json\/wp\/v2\/media?parent=2065737"}],"wp:term":[{"taxonomy":"category","embeddable":true,"href":"https:\/\/www.upo.es\/diario\/wp-json\/wp\/v2\/categories?post=2065737"},{"taxonomy":"post_tag","embeddable":true,"href":"https:\/\/www.upo.es\/diario\/wp-json\/wp\/v2\/tags?post=2065737"}],"curies":[{"name":"wp","href":"https:\/\/api.w.org\/{rel}","templated":true}]}}