{"id":2076709,"date":"2013-11-20T06:05:37","date_gmt":"2013-11-20T06:05:37","guid":{"rendered":"https:\/\/www.upo.es\/diario\/?p=2076709"},"modified":"2013-11-27T11:17:52","modified_gmt":"2013-11-27T11:17:52","slug":"comienzan-en-la-upo-unas-jornadas-para-analizar-la-directiva-de-retorno-en-espana-y-en-europa","status":"publish","type":"post","link":"https:\/\/www.upo.es\/diario\/institucional\/2013\/11\/comienzan-en-la-upo-unas-jornadas-para-analizar-la-directiva-de-retorno-en-espana-y-en-europa\/","title":{"rendered":"Comienzan en la UPO unas jornadas para analizar la directiva de retorno en Espa\u00f1a y en Europa"},"content":{"rendered":"<figure id=\"attachment_2076710\" aria-describedby=\"caption-attachment-2076710\" style=\"width: 320px\" class=\"wp-caption alignright\"><a href=\"https:\/\/www.upo.es\/diario\/wp-content\/uploads\/2013\/11\/jeuropeizacion1.jpg\"><img loading=\"lazy\" decoding=\"async\" class=\"size-medium wp-image-2076710\" alt=\"De izquierda a derecha:  la adjunta al Defensor del Pueblo Andaluz, el rector de la UPO, el consejero de Justicia e Interior, y el secretario general de la Federaci\u00f3n Andaluc\u00eda Acoge\" src=\"https:\/\/www.upo.es\/diario\/wp-content\/uploads\/2013\/11\/jeuropeizacion1-320x213.jpg\" width=\"320\" height=\"213\" srcset=\"https:\/\/www.upo.es\/diario\/wp-content\/uploads\/2013\/11\/jeuropeizacion1-320x213.jpg 320w, https:\/\/www.upo.es\/diario\/wp-content\/uploads\/2013\/11\/jeuropeizacion1-1024x682.jpg 1024w, https:\/\/www.upo.es\/diario\/wp-content\/uploads\/2013\/11\/jeuropeizacion1-600x400.jpg 600w\" sizes=\"auto, (max-width: 320px) 100vw, 320px\" \/><\/a><figcaption id=\"caption-attachment-2076710\" class=\"wp-caption-text\">De izquierda a derecha: la adjunta al Defensor del Pueblo Andaluz, el rector de la UPO, el consejero de Justicia e Interior, y el secretario general de la Federaci\u00f3n Andaluc\u00eda Acoge<\/figcaption><\/figure>\n<p>El rector de la Universidad Pablo de Olavide, Vicente Guzm\u00e1n, junto con el consejero de Justicia e Interior de la Junta de Andaluc\u00eda, Emilio de Llera, el secretario general de la Federaci\u00f3n Andaluc\u00eda Acoge, Mikel Aragu\u00e1s, y la adjunta al Defensor del Pueblo Andaluz, Juana P\u00e9rez Oller, han inaugurado esta tarde en la UPO las<b> Jornadas \u201cLa Europeizaci\u00f3n del Derecho de Extranjer\u00eda y Asilo de los Estados Miembros\u201d<\/b>, organizadas por la Universidad Pablo de Olavide,<a href=\"http:\/\/www.acoge.org\/index.php\/es\/\"> la Federaci\u00f3n Andaluc\u00eda Acoge<\/a> y el m\u00e1ster superior en Asesor\u00eda y Defensa Jur\u00eddica de la UPO.<\/p>\n<p>Estas jornadas, que se celebran los d\u00edas 20 y 21 de noviembre, analizar\u00e1n la Directiva de Retorno en Espa\u00f1a y resto de Europa, as\u00ed como su impacto, desde una \u00f3ptica de garant\u00eda en el acceso a los Derechos Humanos, en la vida de muchas personas migrantes que llegan a territorio espa\u00f1ol. Para ello, contar\u00e1n con la presencia de expertos como Jos\u00e9 Luis Rodr\u00edguez Candela, profesor de Derecho Penal de la Universidad de M\u00e1laga y coordinador jur\u00eddico de Andaluc\u00eda Acoge; Mercedes Alconada de los Santos, letrada de CEAR Sevilla y ex coordinadora del Servicio de Asistencia y Orientaci\u00f3n Jur\u00eddica a Inmigrantes (SAOJI) de Sevilla, Gonzalo \u00c1lvarez-Ossorio, coordinador del SAOJI de Sevilla, que abordar\u00e1n esta tem\u00e1tica desde una perspectiva multidisciplinar y divergente.<\/p>\n<p>Estas Jornadas, enmarcadas dentro de la iniciativa Europe for Citiziens y promovidas por la Education, Audiovisual and Cultural Agency of the European Union, tienen como objetivo acercar la pol\u00edtica europea a la ciudadan\u00eda y analizar la Directiva de Retorno cara a su pr\u00f3xima evaluaci\u00f3n en la Comisi\u00f3n Europea. En este sentido, el rector de la UPO, Vicente Guzm\u00e1n, ha se\u00f1alado que \u201ccelebrar jornadas como esta refuerzan el papel de la Universidad, no solo como espacio de formaci\u00f3n y conocimiento, sino tambi\u00e9n como espacio de encuentro, an\u00e1lisis y proposici\u00f3n para la construcci\u00f3n de una sociedad espa\u00f1ola y europea que d\u00e9 respuesta a los retos que estamos detectando en los \u00faltimos a\u00f1os\u201d.<\/p>\n<p>Asimismo, el resultado del an\u00e1lisis servir\u00e1 como base para la realizaci\u00f3n de propuestas de mejora para que esta Directiva -conocida popularmente como la de la verg\u00fcenza- se convierta, en el futuro, en palabras del secretario general de Andaluc\u00eda Acoge, Mikel Aragu\u00e1s, \u201cen una directiva que garantice los Derechos Humanos, y sirva como base para la puesta en marcha de unas pol\u00edticas migratorias que incidan sobre la base de las causas de las migraciones y no s\u00f3lo sobre los efectos de las mismas a trav\u00e9s de pol\u00edticas de control de fronteras\u201d.<\/p>\n<p>Por su parte, el consejero de Justicia e Interior, Emilio de Llera, ha subrayado que las pol\u00edticas migratorias \u201cson absolutamente prioritarias\u201d para el Gobierno de Andaluc\u00eda y descansan sobre los principios de \u201clegalidad e integraci\u00f3n efectiva\u201d. El consejero ha se\u00f1alado que la Junta mantiene el apoyo a la poblaci\u00f3n inmigrante pese a las dificultades econ\u00f3micas y presupuestarias actuales, compromiso que contrasta, ha dicho, con los recortes que ha hecho el Estado y que afectan a los colectivos m\u00e1s vulnerables, como el de la inmigraci\u00f3n.<\/p>\n<p><a href=\"http:\/\/www.upo.es\/upsc\/export\/sites\/upsc\/voluntariado-ps\/oficina-voluntariado\/sensibilizacionformacion\/jornadas_cursos\/derecho_de_extranjeria\/Dxptico.pdf\">Programa Jornadas \u201cLa Europeizaci\u00f3n del Derecho de Extranjer\u00eda y Asilo de los Estados Miembros\u201d<\/a><\/p>\n","protected":false},"excerpt":{"rendered":"<p>El rector de la Universidad Pablo de Olavide, Vicente Guzm\u00e1n, junto con el consejero de Justicia e Interior de la Junta de Andaluc\u00eda, Emilio de Llera, el secretario general de la Federaci\u00f3n Andaluc\u00eda Acoge, Mikel Aragu\u00e1s, y la adjunta al Defensor del Pueblo Andaluz, Juana P\u00e9rez Oller, han inaugurado esta tarde en la UPO las Jornadas \u201cLa Europeizaci\u00f3n del Derecho de Extranjer\u00eda y Asilo de los Estados Miembros\u201d, organizadas por la Universidad Pablo de Olavide, la Federaci\u00f3n Andaluc\u00eda Acoge y el m\u00e1ster superior en Asesor\u00eda y Defensa Jur\u00eddica de la UPO. <\/p>\n","protected":false},"author":6,"featured_media":0,"comment_status":"closed","ping_status":"open","sticky":false,"template":"","format":"standard","meta":{"_monsterinsights_skip_tracking":false,"_monsterinsights_sitenote_active":false,"_monsterinsights_sitenote_note":"","_monsterinsights_sitenote_category":0,"footnotes":""},"categories":[6],"tags":[87,92,454,953,84,203,118,82,868,68],"class_list":["post-2076709","post","type-post","status-publish","format-standard","hentry","category-institucional","tag-derecho","tag-derechos-humanos","tag-europa","tag-inmigracion","tag-jornadas","tag-junta-de-andalucia","tag-master","tag-postgrado","tag-ue","tag-union-europea"],"_links":{"self":[{"href":"https:\/\/www.upo.es\/diario\/wp-json\/wp\/v2\/posts\/2076709","targetHints":{"allow":["GET"]}}],"collection":[{"href":"https:\/\/www.upo.es\/diario\/wp-json\/wp\/v2\/posts"}],"about":[{"href":"https:\/\/www.upo.es\/diario\/wp-json\/wp\/v2\/types\/post"}],"author":[{"embeddable":true,"href":"https:\/\/www.upo.es\/diario\/wp-json\/wp\/v2\/users\/6"}],"replies":[{"embeddable":true,"href":"https:\/\/www.upo.es\/diario\/wp-json\/wp\/v2\/comments?post=2076709"}],"version-history":[{"count":7,"href":"https:\/\/www.upo.es\/diario\/wp-json\/wp\/v2\/posts\/2076709\/revisions"}],"predecessor-version":[{"id":2120682,"href":"https:\/\/www.upo.es\/diario\/wp-json\/wp\/v2\/posts\/2076709\/revisions\/2120682"}],"wp:attachment":[{"href":"https:\/\/www.upo.es\/diario\/wp-json\/wp\/v2\/media?parent=2076709"}],"wp:term":[{"taxonomy":"category","embeddable":true,"href":"https:\/\/www.upo.es\/diario\/wp-json\/wp\/v2\/categories?post=2076709"},{"taxonomy":"post_tag","embeddable":true,"href":"https:\/\/www.upo.es\/diario\/wp-json\/wp\/v2\/tags?post=2076709"}],"curies":[{"name":"wp","href":"https:\/\/api.w.org\/{rel}","templated":true}]}}