{"id":20822348,"date":"2017-06-01T00:50:53","date_gmt":"2017-06-01T00:50:53","guid":{"rendered":"https:\/\/www.upo.es\/diario\/?p=20822348"},"modified":"2017-06-01T10:20:25","modified_gmt":"2017-06-01T10:20:25","slug":"la-residencia-flora-tristan-acoge-manana-un-seminario-internacional-sobre-politicas-de-intervencion-en-barrios-vulnerables","status":"publish","type":"post","link":"https:\/\/www.upo.es\/diario\/institucional\/2017\/06\/la-residencia-flora-tristan-acoge-manana-un-seminario-internacional-sobre-politicas-de-intervencion-en-barrios-vulnerables\/","title":{"rendered":"La residencia Flora Trist\u00e1n acoge un seminario internacional sobre pol\u00edticas de intervenci\u00f3n en barrios vulnerables"},"content":{"rendered":"<figure id=\"attachment_20842952\" aria-describedby=\"caption-attachment-20842952\" style=\"width: 320px\" class=\"wp-caption alignright\"><a href=\"https:\/\/www.upo.es\/diario\/wp-content\/uploads\/2017\/06\/Raul.jpg\"><img loading=\"lazy\" decoding=\"async\" class=\"size-medium wp-image-20842952\" alt=\"En el centro la consejera Mar\u00eda Jos\u00e9 S\u00e1nchez Rubio y el rector Vicente Guzm\u00e1n Fluja\" src=\"https:\/\/www.upo.es\/diario\/wp-content\/uploads\/2017\/06\/Raul-320x240.jpg\" width=\"320\" height=\"240\" srcset=\"https:\/\/www.upo.es\/diario\/wp-content\/uploads\/2017\/06\/Raul-320x240.jpg 320w, https:\/\/www.upo.es\/diario\/wp-content\/uploads\/2017\/06\/Raul-600x450.jpg 600w\" sizes=\"auto, (max-width: 320px) 100vw, 320px\" \/><\/a><figcaption id=\"caption-attachment-20842952\" class=\"wp-caption-text\">En el centro la consejera Mar\u00eda Jos\u00e9 S\u00e1nchez Rubio y el rector Vicente Guzm\u00e1n Fluja<\/figcaption><\/figure>\n<p>El rector de la Universidad Pablo de Olavide <b>Vicente Guzm\u00e1n Fluja<\/b> y la consejera de Igualdad y Bienestar Social de la Junta de Andaluc\u00eda <b>Mar\u00eda Jos\u00e9 S\u00e1nchez Rubio<\/b> han presentado, en la Residencia Flora Trist\u00e1n de la UPO, el Seminario Internacional sobre Pol\u00edticas de Intervenci\u00f3n en Zonas con Necesidades de Transformaci\u00f3n Social. Tambi\u00e9n han estado presentes en este acto el viceconsejero <strong>Manuel Mart\u00ednez Domene<\/strong>, la Comisionada para el Pol\u00edgono Sur\u00a0<b>Mar\u00eda del Mar Gonz\u00e1lez Rodr\u00edguez<\/b>, y la secretaria general de Servicios Sociales de la Junta de Andaluc\u00eda\u00a0<b>Purificaci\u00f3n G\u00e1lvez Daza<\/b>.<\/p>\n<p>Esta actividad se enmarca en el <strong>Programa Europeo ZNTS<\/strong> que desarrolla la Consejer\u00eda de Igualdad y Pol\u00edticas Sociales de la Junta de Andaluc\u00eda y en la misma se presentar\u00e1n y debatir\u00e1n diferentes iniciativas de actuaci\u00f3n en barrios vulnerables de pa\u00edses como Italia Francia, B\u00e9lgica, Alemania, Portugal y Espa\u00f1a. Bajo el t\u00edtulo \u201cProyecto Diagn\u00f3stico y posterior dise\u00f1o y elaboraci\u00f3n de la Estrategia Regional de Intervenci\u00f3n en las Zonas Desfavorecidas de Andaluc\u00eda\u201d, el seminario pretende conocer las distintas experiencias de programas e iniciativas de intervenci\u00f3n con enfoque integral en zonas desfavorecidas y disponer de condiciones para debatir factores relevantes de los distintos modelos de intervenci\u00f3n local y del dise\u00f1o de pol\u00edticas.<\/p>\n<p>Para el periodo 2017-2022, la Consejer\u00eda de Igualdad y Pol\u00edticas Sociales tiene aprobado, cofinanciado con el Fondo Social Europeo, un programa para la actuaci\u00f3n integral en las denominadas Zonas con Necesidades de Transformaci\u00f3n Social. No es casualidad que este seminario, que forma parte de las actividades que se est\u00e1n desarrollando para dise\u00f1ar un modelo de intervenci\u00f3n, se desarrolle en la <strong>Residencia Universitaria Flora Trist\u00e1n de la Universidad Pablo de Olavide<\/strong>, que resulta ser una iniciativa pionera en Andaluc\u00eda que acoge residentes universitarios como becarios y becarias que colaboran con los proyectos del barrio a trav\u00e9s del tejido asociativo del mismo. Adem\u00e1s, la Flora est\u00e1 presente en varias plataformas vecinales de formaci\u00f3n, reivindicaci\u00f3n y de fomento de la cultura, continuando as\u00ed con la labor de cooperaci\u00f3n con los vecinos y vecinas en sus procesos de cohesi\u00f3n social y superaci\u00f3n de los problemas que les aquejan.<\/p>\n","protected":false},"excerpt":{"rendered":"<p>El rector de la Universidad Pablo de Olavide Vicente Guzm\u00e1n Fluja y la consejera de Igualdad y Bienestar Social de la Junta de Andaluc\u00eda Mar\u00eda Jos\u00e9 S\u00e1nchez Rubio han presentado, en la Residencia Flora Trist\u00e1n de la UPO, el Seminario Internacional sobre Pol\u00edticas de Intervenci\u00f3n en Zonas con Necesidades de Transformaci\u00f3n Social. <\/p>\n","protected":false},"author":5,"featured_media":0,"comment_status":"closed","ping_status":"open","sticky":false,"template":"","format":"standard","meta":{"_monsterinsights_skip_tracking":false,"_monsterinsights_sitenote_active":false,"_monsterinsights_sitenote_note":"","_monsterinsights_sitenote_category":0,"footnotes":""},"categories":[6],"tags":[4081,872,353,793],"class_list":["post-20822348","post","type-post","status-publish","format-standard","hentry","category-institucional","tag-barrios","tag-bienestar-social","tag-flora-tristan","tag-intervencion-social"],"_links":{"self":[{"href":"https:\/\/www.upo.es\/diario\/wp-json\/wp\/v2\/posts\/20822348","targetHints":{"allow":["GET"]}}],"collection":[{"href":"https:\/\/www.upo.es\/diario\/wp-json\/wp\/v2\/posts"}],"about":[{"href":"https:\/\/www.upo.es\/diario\/wp-json\/wp\/v2\/types\/post"}],"author":[{"embeddable":true,"href":"https:\/\/www.upo.es\/diario\/wp-json\/wp\/v2\/users\/5"}],"replies":[{"embeddable":true,"href":"https:\/\/www.upo.es\/diario\/wp-json\/wp\/v2\/comments?post=20822348"}],"version-history":[{"count":3,"href":"https:\/\/www.upo.es\/diario\/wp-json\/wp\/v2\/posts\/20822348\/revisions"}],"predecessor-version":[{"id":20842953,"href":"https:\/\/www.upo.es\/diario\/wp-json\/wp\/v2\/posts\/20822348\/revisions\/20842953"}],"wp:attachment":[{"href":"https:\/\/www.upo.es\/diario\/wp-json\/wp\/v2\/media?parent=20822348"}],"wp:term":[{"taxonomy":"category","embeddable":true,"href":"https:\/\/www.upo.es\/diario\/wp-json\/wp\/v2\/categories?post=20822348"},{"taxonomy":"post_tag","embeddable":true,"href":"https:\/\/www.upo.es\/diario\/wp-json\/wp\/v2\/tags?post=20822348"}],"curies":[{"name":"wp","href":"https:\/\/api.w.org\/{rel}","templated":true}]}}