{"id":2082593,"date":"2013-11-21T00:57:13","date_gmt":"2013-11-21T00:57:13","guid":{"rendered":"https:\/\/www.upo.es\/diario\/?p=2082593"},"modified":"2013-11-22T15:15:07","modified_gmt":"2013-11-22T15:15:07","slug":"manana-se-inauguran-en-la-upo-dos-seminarios-sobre-gestion-y-atencion-al-cliente-en-los-despachos-de-abogados","status":"publish","type":"post","link":"https:\/\/www.upo.es\/diario\/institucional\/2013\/11\/manana-se-inauguran-en-la-upo-dos-seminarios-sobre-gestion-y-atencion-al-cliente-en-los-despachos-de-abogados\/","title":{"rendered":"Ma\u00f1ana se inauguran en la UPO dos seminarios sobre gesti\u00f3n y atenci\u00f3n al cliente en los despachos de abogados"},"content":{"rendered":"<p>Ma\u00f1ana, a las 16:30 horas, en el seminario 1 del edificio 6 de la Universidad Pablo de Olavide, se inaugurar\u00e1n los seminarios \u201cLa gesti\u00f3n empresarial de los despachos de abogados\u201d y \u201cLa atenci\u00f3n al cliente en los despachos de abogados\u201d, organizados por el M\u00e1ster Superior en Asesor\u00eda y Defensa Jur\u00eddica de la UPO, a trav\u00e9s del \u00c1rea de Formaci\u00f3n Permanente. Dicho acto estar\u00e1 presidido por Ra\u00fal S\u00e1nchez G\u00f3mez, director de calidad del m\u00e1ster y de la Escuela de Pr\u00e1ctica Jur\u00eddica de la UPO.<\/p>\n<p>Los seminarios, de dos horas de duraci\u00f3n cada uno, ser\u00e1n impartidos por \u00d3scar Fern\u00e1ndez Le\u00f3n, abogado experto en gesti\u00f3n de despachos profesionales y socio director del despacho de abogados\u00a0 Le\u00f3n &amp; Olarte Firma de Abogados. Entre otras publicaciones, es autor del libro \u201cCon la venia. Manual de oratoria para abogados\u201d, de la editorial Aranzadi.<\/p>\n<p>Estos nuevos seminarios, de acceso libre y gratuito, est\u00e1n dirigidos a licenciados y graduados en Derecho. Entre los temas que se tratar\u00e1n en el seminario \u201cLa gesti\u00f3n empresarial de los despachos de abogados\u201d, figuran los pilares de la gesti\u00f3n empresarial del despacho de abogados; su direcci\u00f3n, estructura y misi\u00f3n; el repaso de las \u00e1reas funcionales de los despachos, como la financiera, recursos humanos, administraci\u00f3n y m\u00e1rketing, entre otras.<\/p>\n<p>Con respecto al seminario \u201cLa atenci\u00f3n al cliente en los despachos de abogados\u201d, se abordar\u00e1n cuestiones como la radiograf\u00eda del cliente en los despachos de abogados, la necesidad de dar valor a la relaci\u00f3n con el cliente, los errores m\u00e1s frecuentes del letrado en la atenci\u00f3n al cliente o el abogado litigante, entre otras materias.<\/p>\n<p>El n\u00famero de plazas previstas para cada curso es de 15. Si alguien desea inscribirse a alguno de los seminarios, debe remitir un e mail a <a href=\"mailto:secretariamsa@upo.es\">secretariamsa@upo.es<\/a><\/p>\n<p>Para consultar el programa de los mismos y obtener m\u00e1s informaci\u00f3n, hacer click: <a href=\"http:\/\/bit.ly\/1hWFdJ0\">http:\/\/bit.ly\/1hWFdJ0<\/a><\/p>\n","protected":false},"excerpt":{"rendered":"<p>Ma\u00f1ana, a las 16:30 horas, en el seminario 1 del edificio 6 de la Universidad Pablo de Olavide, se inaugurar\u00e1n los seminarios \u201cLa gesti\u00f3n empresarial de los despachos de abogados\u201d y \u201cLa atenci\u00f3n al cliente en los despachos de abogados\u201d, organizados por el M\u00e1ster Superior en Asesor\u00eda y Defensa Jur\u00eddica de la UPO, a trav\u00e9s del \u00c1rea de Formaci\u00f3n Permanente.<a class=\"read-more\" href=\"https:\/\/www.upo.es\/diario\/institucional\/2013\/11\/manana-se-inauguran-en-la-upo-dos-seminarios-sobre-gestion-y-atencion-al-cliente-en-los-despachos-de-abogados\/\">[Read More&#8230;]<\/a><\/p>\n","protected":false},"author":2,"featured_media":0,"comment_status":"closed","ping_status":"open","sticky":false,"template":"","format":"standard","meta":{"_monsterinsights_skip_tracking":false,"_monsterinsights_sitenote_active":false,"_monsterinsights_sitenote_note":"","_monsterinsights_sitenote_category":0,"footnotes":""},"categories":[6],"tags":[87],"class_list":["post-2082593","post","type-post","status-publish","format-standard","hentry","category-institucional","tag-derecho"],"_links":{"self":[{"href":"https:\/\/www.upo.es\/diario\/wp-json\/wp\/v2\/posts\/2082593","targetHints":{"allow":["GET"]}}],"collection":[{"href":"https:\/\/www.upo.es\/diario\/wp-json\/wp\/v2\/posts"}],"about":[{"href":"https:\/\/www.upo.es\/diario\/wp-json\/wp\/v2\/types\/post"}],"author":[{"embeddable":true,"href":"https:\/\/www.upo.es\/diario\/wp-json\/wp\/v2\/users\/2"}],"replies":[{"embeddable":true,"href":"https:\/\/www.upo.es\/diario\/wp-json\/wp\/v2\/comments?post=2082593"}],"version-history":[{"count":5,"href":"https:\/\/www.upo.es\/diario\/wp-json\/wp\/v2\/posts\/2082593\/revisions"}],"predecessor-version":[{"id":2082595,"href":"https:\/\/www.upo.es\/diario\/wp-json\/wp\/v2\/posts\/2082593\/revisions\/2082595"}],"wp:attachment":[{"href":"https:\/\/www.upo.es\/diario\/wp-json\/wp\/v2\/media?parent=2082593"}],"wp:term":[{"taxonomy":"category","embeddable":true,"href":"https:\/\/www.upo.es\/diario\/wp-json\/wp\/v2\/categories?post=2082593"},{"taxonomy":"post_tag","embeddable":true,"href":"https:\/\/www.upo.es\/diario\/wp-json\/wp\/v2\/tags?post=2082593"}],"curies":[{"name":"wp","href":"https:\/\/api.w.org\/{rel}","templated":true}]}}