{"id":2086792,"date":"2013-11-25T07:00:14","date_gmt":"2013-11-25T07:00:14","guid":{"rendered":"https:\/\/www.upo.es\/diario\/?p=2086792"},"modified":"2013-11-25T07:00:29","modified_gmt":"2013-11-25T07:00:29","slug":"la-comunidad-universitaria-debe-tomar-conciencia-de-la-necesidad-de-ahorrar-energia","status":"publish","type":"post","link":"https:\/\/www.upo.es\/diario\/entrevista\/2013\/11\/la-comunidad-universitaria-debe-tomar-conciencia-de-la-necesidad-de-ahorrar-energia\/","title":{"rendered":"\u00abLa Comunidad Universitaria debe tomar conciencia de la necesidad de ahorrar energ\u00eda\u00bb"},"content":{"rendered":"<figure id=\"attachment_2086795\" aria-describedby=\"caption-attachment-2086795\" style=\"width: 320px\" class=\"wp-caption alignright\"><a href=\"https:\/\/www.upo.es\/diario\/wp-content\/uploads\/2013\/11\/jmseco.jpg\"><img loading=\"lazy\" decoding=\"async\" class=\"size-medium wp-image-2086795\" alt=\"Jos\u00e9 Mar\u00eda Seco Mart\u00ednez es director general de Infraestructuras y Espacios de la Universidad Pablo de Olavide.\" src=\"https:\/\/www.upo.es\/diario\/wp-content\/uploads\/2013\/11\/jmseco-320x213.jpg\" width=\"320\" height=\"213\" srcset=\"https:\/\/www.upo.es\/diario\/wp-content\/uploads\/2013\/11\/jmseco-320x213.jpg 320w, https:\/\/www.upo.es\/diario\/wp-content\/uploads\/2013\/11\/jmseco-1024x682.jpg 1024w, https:\/\/www.upo.es\/diario\/wp-content\/uploads\/2013\/11\/jmseco-600x400.jpg 600w\" sizes=\"auto, (max-width: 320px) 100vw, 320px\" \/><\/a><figcaption id=\"caption-attachment-2086795\" class=\"wp-caption-text\">Jos\u00e9 Mar\u00eda Seco Mart\u00ednez es director general de Infraestructuras y Espacios de la Universidad Pablo de Olavide.<\/figcaption><\/figure>\n<p><b>La apuesta de la Universidad Pablo de Olavide por la buena gesti\u00f3n en eficiencia energ\u00e9tica es un hecho. Y es que la UPO ha realizado desde sus inicios una importante apuesta para conseguir satisfacer las necesidades de la comunidad universitaria en materia de energ\u00eda, cuidando expresamente el control de consumos con el objetivo de optimizar lo m\u00e1ximo posible los recursos naturales y manteniendo el m\u00e1ximo respeto al medio ambiente. <\/b><b>Jos\u00e9 Mar\u00eda Seco Mart\u00ednez, director general de Infraestructuras y Espacios de la Universidad Pablo de Olavide, nos explica en esta entrevista c\u00f3mo lleva a cabo nuestra universidad esta importante tarea que ha sido premiada por varias instituciones.<\/b><\/p>\n<p>&nbsp;<\/p>\n<p><b>La UPO ha sido galardonada con el acc\u00e9sit del Premio a las Buenas Pr\u00e1cticas de Gesti\u00f3n Interna, otorgado por el Ministerio de Hacienda y Administraciones P\u00fablicas \u00bfQu\u00e9 se ha premiado exactamente?<\/b><b>\u00a0<\/b><\/p>\n<p>Se trata de un Premio a la Calidad e Innovaci\u00f3n en la Gesti\u00f3n P\u00fablica que concede la Agencia Estatal de Evaluaci\u00f3n de las Pol\u00edticas P\u00fablicas. Est\u00e1 destinado a reconocer a aquellas organizaciones p\u00fablicas que se distingan por la excelencia e innovaci\u00f3n de sus procesos internos de gesti\u00f3n frente a los modelos de gesti\u00f3n convencionales. La UPO ha sido distinguida con uno de los tres acc\u00e9sit de este Premio a las Buenas Pr\u00e1cticas de Gesti\u00f3n Interna. Y lo ha sido por la gesti\u00f3n energ\u00e9tica eficiente e inteligente de buena parte de nuestras instalaciones, fruto de la acci\u00f3n coordinada del Centro de Inform\u00e1tica y Comunicaciones y del Servicio de Infraestructuras.<b>\u00a0<\/b><\/p>\n<p><b>Entonces, \u00bfc\u00f3mo se lleva a cabo la eficiencia energ\u00e9tica en la UPO?<\/b><b>\u00a0<\/b><\/p>\n<p>Pues, con mucha imaginaci\u00f3n. Las dificultades presupuestarias y la necesidad de que la Universidad se ajuste a un nuevo escenario econ\u00f3mico con menores recursos para la prestaci\u00f3n de los servicios que le son propios nos empuja a buscar formas novedosas de mejorar la eficiencia de los edificios. T\u00e9ngase en cuenta que el coste energ\u00e9tico representa aproximadamente el 40 por ciento de los costes operativos totales de un edificio de la UPO. Por eso, necesitamos explorar nuevas soluciones de gesti\u00f3n integrada del uso de la energ\u00eda y de las\u00a0 instalaciones que nos permitan optimizar el rendimiento de los edificios y, por ende, reducir los costes operativos de los mismos. Debemos ser m\u00e1s eficientes, pero no solo para reducir costes, sino tambi\u00e9n para cumplir con los objetivos de sostenibilidad corporativa que nos conciernen como instituci\u00f3n p\u00fablica.<b>\u00a0<\/b><\/p>\n<p><b>\u00bfPodr\u00eda indicarnos alg\u00fan resultado concreto?<\/b><b>\u00a0<\/b><\/p>\n<p>El resultado m\u00e1s visible es el ahorro del coste energ\u00e9tico del Campus. Se ha llegado a reducir el consumo ordinario de agua y energ\u00eda en un 40 por ciento, si los comparamos con los promedios habituales de consumo de otros organismos con pr\u00e1cticas de gesti\u00f3n energ\u00e9tica m\u00e1s convencionales. Esto ha sido posible merced a la monitorizaci\u00f3n de muchas instalaciones del Campus, lo que nos permite la gesti\u00f3n en l\u00ednea de los distintos consumos (climatizaci\u00f3n, iluminaci\u00f3n, agua, etc), pudiendo ajustarlos a la demanda realmente existente y minimizando as\u00ed la p\u00e9rdida de energ\u00eda. Lamentablemente, queda todav\u00eda mucho por hacer. El consumo medio anual de energ\u00eda de la UPO sigue siendo muy alto. En este momento ronda los 2 millones de euros. De ah\u00ed que debamos seguir avanzando en el desarrollo de este tipo de subsistemas de gesti\u00f3n inteligente y sostenible de todos los edificios del Campus.<b>\u00a0<\/b><\/p>\n<p><b>\u00bfQu\u00e9 puede hacer la Comunidad Universitaria para contribuir a esta tarea?<\/b><b>\u00a0<\/b><\/p>\n<p>Pues muchas cosas y, lo que es mejor, con muy poco esfuerzo. Si los que formamos parte de la Comunidad Universitaria no asumimos la necesidad de ahorrar energ\u00eda, por mucho que avancemos en este tipo de subsistemas inteligentes de gesti\u00f3n energ\u00e9tica, nunca ser\u00e1 suficiente. Basta con tomar conciencia de la misma y adquirir h\u00e1bitos muy sencillos, como apagar la luz o la climatizaci\u00f3n cuando no la necesitamos. Por ejemplo, el hecho de regular 1 grado el termostato del aire acondicionado o de la calefacci\u00f3n nos puede permitir ahorrar entre todos m\u00e1s 17.150 euros al a\u00f1o por cada grado que lo hagamos. Es m\u00e1s, si apago la climatizaci\u00f3n cuando no la necesito, podemos ahorrar entre todos 24.500 euros por cada hora que lo hagamos. O, simplemente, si apagamos la luz cuando no la necesitamos, podemos ahorrar, si lo hacemos todos cuatro horas al d\u00eda, m\u00e1s de 52.300 euros al a\u00f1o. En fin, no se trata solo de contenci\u00f3n del gasto, sino de compromiso corporativo y responsabilidad.<b>\u00a0<\/b><\/p>\n<p><b>La UPO tambi\u00e9n ha resultado finalista de los enerTIC Awards por su proyecto \u00abSistema de Gesti\u00f3n de Eficiencia Energ\u00e9tica y Edificios Inteligentes, \u00bfEn qu\u00e9 consiste este proyecto?<\/b><b>\u00a0<\/b><\/p>\n<p>B\u00e1sicamente en lo mismo. Este premio tiene por objeto identificar las mejores iniciativas nacionales, p\u00fablicas o privadas, de gesti\u00f3n inteligente (Tics) del uso de la energ\u00eda. La candidatura m\u00e1s votada recibir\u00e1 una dotaci\u00f3n econ\u00f3mica equivalente al 7% de la facturaci\u00f3n total obtenida en concepto de inscripciones en los eventos de EnerTIC durante los a\u00f1os 2012 y 2013. Y lo que es m\u00e1s importante, se divulgar\u00e1 en medios de comunicaci\u00f3n, en las redes sociales y en los foros nacionales m\u00e1s destacados del sector de TICs. De momento, nuestra candidatura va en primer lugar.<\/p>\n<p>&nbsp;<\/p>\n","protected":false},"excerpt":{"rendered":"<p>ENTREVISTA: La apuesta de la Universidad Pablo de Olavide por la buena gesti\u00f3n en eficiencia energ\u00e9tica es un hecho. Y es que la UPO ha realizado desde sus inicios una importante apuesta para conseguir satisfacer las necesidades de la comunidad universitaria en materia de energ\u00eda, cuidando expresamente el control de consumos con el objetivo de optimizar lo m\u00e1ximo posible los recursos naturales y manteniendo el m\u00e1ximo respeto al medio ambiente. Jos\u00e9 Mar\u00eda Seco Mart\u00ednez, director general de Infraestructuras y Espacios de la Universidad Pablo de Olavide, nos explica en esta entrevista c\u00f3mo lleva a cabo nuestra universidad esta importante tarea que ha sido premiada por varias instituciones.<\/p>\n","protected":false},"author":2,"featured_media":2086796,"comment_status":"closed","ping_status":"open","sticky":false,"template":"","format":"standard","meta":{"_monsterinsights_skip_tracking":false,"_monsterinsights_sitenote_active":false,"_monsterinsights_sitenote_note":"","_monsterinsights_sitenote_category":0,"footnotes":""},"categories":[24],"tags":[833,618,58],"class_list":["post-2086792","post","type-post","status-publish","format-standard","has-post-thumbnail","hentry","category-entrevista","tag-energia","tag-infraestructuras","tag-premio"],"_links":{"self":[{"href":"https:\/\/www.upo.es\/diario\/wp-json\/wp\/v2\/posts\/2086792","targetHints":{"allow":["GET"]}}],"collection":[{"href":"https:\/\/www.upo.es\/diario\/wp-json\/wp\/v2\/posts"}],"about":[{"href":"https:\/\/www.upo.es\/diario\/wp-json\/wp\/v2\/types\/post"}],"author":[{"embeddable":true,"href":"https:\/\/www.upo.es\/diario\/wp-json\/wp\/v2\/users\/2"}],"replies":[{"embeddable":true,"href":"https:\/\/www.upo.es\/diario\/wp-json\/wp\/v2\/comments?post=2086792"}],"version-history":[{"count":4,"href":"https:\/\/www.upo.es\/diario\/wp-json\/wp\/v2\/posts\/2086792\/revisions"}],"predecessor-version":[{"id":2102395,"href":"https:\/\/www.upo.es\/diario\/wp-json\/wp\/v2\/posts\/2086792\/revisions\/2102395"}],"wp:featuredmedia":[{"embeddable":true,"href":"https:\/\/www.upo.es\/diario\/wp-json\/wp\/v2\/media\/2086796"}],"wp:attachment":[{"href":"https:\/\/www.upo.es\/diario\/wp-json\/wp\/v2\/media?parent=2086792"}],"wp:term":[{"taxonomy":"category","embeddable":true,"href":"https:\/\/www.upo.es\/diario\/wp-json\/wp\/v2\/categories?post=2086792"},{"taxonomy":"post_tag","embeddable":true,"href":"https:\/\/www.upo.es\/diario\/wp-json\/wp\/v2\/tags?post=2086792"}],"curies":[{"name":"wp","href":"https:\/\/api.w.org\/{rel}","templated":true}]}}