{"id":20872886,"date":"2017-06-05T00:33:33","date_gmt":"2017-06-04T22:33:33","guid":{"rendered":"https:\/\/www.upo.es\/diario\/?p=20872886"},"modified":"2020-10-27T16:38:50","modified_gmt":"2020-10-27T15:38:50","slug":"la-upo-organiza-el-lunes-una-plantacion-colectiva-con-motivo-del-dia-mundial-del-medio-ambiente","status":"publish","type":"post","link":"https:\/\/www.upo.es\/diario\/institucional\/2017\/06\/la-upo-organiza-el-lunes-una-plantacion-colectiva-con-motivo-del-dia-mundial-del-medio-ambiente\/","title":{"rendered":"La UPO organiza una plantaci\u00f3n colectiva con motivo del D\u00eda Mundial del Medio Ambiente"},"content":{"rendered":"<p><a href=\"https:\/\/www.upo.es\/diario\/wp-content\/uploads\/2017\/06\/PlantacionARAOA.jpg\"><img loading=\"lazy\" decoding=\"async\" class=\"alignright size-medium wp-image-20872887\" alt=\"PlantacionARAOA\" src=\"https:\/\/www.upo.es\/diario\/wp-content\/uploads\/2017\/06\/PlantacionARAOA-320x226.jpg\" width=\"320\" height=\"226\" \/><\/a>Hoy lunes 5 de junio a las 9:00 horas, el <b>\u00c1rea de Recursos Agroecol\u00f3gicos de Origen Americano Celestino Mutis<\/b> (ARAOA) del proyecto CEI CamBio de la Universidad Pablo de Olavide organiza una plantaci\u00f3n colectiva de salvia y calabaza con motivo del <b>D\u00eda Mundial del Medio Ambiente<\/b>. Esta actividad es gratuita y se emitir\u00e1 certificado de asistencia.<\/p>\n<p>En esta ocasi\u00f3n, el lema elegido para la celebraci\u00f3n de esta efem\u00e9ride es \u201c<b>conectar a las personas con la naturaleza<\/b>\u201d, por lo que el \u00c1rea de Recursos Agroecol\u00f3gicos, persiguiendo esta meta, anima a las personas interesadas a que salgan al aire libre y sientan la vinculaci\u00f3n con los espacios de cultivo. Asimismo, se trata de una oportunidad para conocer el entorno de la Pablo de Olavide y este espacio dedicado a la agroecolog\u00eda en el campus universitario.<\/p>\n<p>La actividad consistir\u00e1 en la plantaci\u00f3n de salvia en el parterre de arom\u00e1ticas y en la siembra directa de semillas de calabaza\u00a0 procedentes de Pegalajar en el \u00c1rea de Recursos Agroecol\u00f3gicos de Origen Americano junto a los huertos sociales de la UPO, con una duraci\u00f3n m\u00e1xima de dos horas.<\/p>\n<ul>\n<li>Inscripciones en <a href=\"mailto:aracm.ceicambio@upo.es\">aracm.ceicambio@upo.es<\/a><\/li>\n<\/ul>\n<p>&nbsp;<\/p>\n","protected":false},"excerpt":{"rendered":"<p>Hoy lunes 5 de junio a las 9:00 horas, el \u00c1rea de Recursos Agroecol\u00f3gicos de Origen Americano Celestino Mutis (ARAOA) del proyecto CEI CamBio de la Universidad Pablo de Olavide organiza una plantaci\u00f3n colectiva de salvia y calabaza con motivo del D\u00eda Mundial del Medio Ambiente. Esta actividad es gratuita y se emitir\u00e1 certificado de asistencia.<\/p>\n","protected":false},"author":14,"featured_media":0,"comment_status":"closed","ping_status":"open","sticky":false,"template":"","format":"standard","meta":{"_monsterinsights_skip_tracking":false,"_monsterinsights_sitenote_active":false,"_monsterinsights_sitenote_note":"","_monsterinsights_sitenote_category":0,"footnotes":""},"categories":[6],"tags":[2079,4084,4085,224,4087,4086],"class_list":["post-20872886","post","type-post","status-publish","format-standard","hentry","category-institucional","tag-agroecologia","tag-araoa","tag-area-de-recursos-agroecologicos","tag-cei-cambio","tag-dia-mundial-medio-ambiente","tag-plantacion"],"_links":{"self":[{"href":"https:\/\/www.upo.es\/diario\/wp-json\/wp\/v2\/posts\/20872886","targetHints":{"allow":["GET"]}}],"collection":[{"href":"https:\/\/www.upo.es\/diario\/wp-json\/wp\/v2\/posts"}],"about":[{"href":"https:\/\/www.upo.es\/diario\/wp-json\/wp\/v2\/types\/post"}],"author":[{"embeddable":true,"href":"https:\/\/www.upo.es\/diario\/wp-json\/wp\/v2\/users\/14"}],"replies":[{"embeddable":true,"href":"https:\/\/www.upo.es\/diario\/wp-json\/wp\/v2\/comments?post=20872886"}],"version-history":[{"count":3,"href":"https:\/\/www.upo.es\/diario\/wp-json\/wp\/v2\/posts\/20872886\/revisions"}],"predecessor-version":[{"id":30862141,"href":"https:\/\/www.upo.es\/diario\/wp-json\/wp\/v2\/posts\/20872886\/revisions\/30862141"}],"wp:attachment":[{"href":"https:\/\/www.upo.es\/diario\/wp-json\/wp\/v2\/media?parent=20872886"}],"wp:term":[{"taxonomy":"category","embeddable":true,"href":"https:\/\/www.upo.es\/diario\/wp-json\/wp\/v2\/categories?post=20872886"},{"taxonomy":"post_tag","embeddable":true,"href":"https:\/\/www.upo.es\/diario\/wp-json\/wp\/v2\/tags?post=20872886"}],"curies":[{"name":"wp","href":"https:\/\/api.w.org\/{rel}","templated":true}]}}