{"id":20875983,"date":"2017-06-05T00:08:03","date_gmt":"2017-06-05T00:08:03","guid":{"rendered":"https:\/\/www.upo.es\/diario\/?p=20875983"},"modified":"2017-06-07T12:38:29","modified_gmt":"2017-06-07T12:38:29","slug":"el-lunes-comienza-el-congreso-internacional-sevilla-lusa-sobre-el-legado-portugues-en-la-ciudad","status":"publish","type":"post","link":"https:\/\/www.upo.es\/diario\/institucional\/2017\/06\/el-lunes-comienza-el-congreso-internacional-sevilla-lusa-sobre-el-legado-portugues-en-la-ciudad\/","title":{"rendered":"Comienza el Congreso Internacional \u201cSevilla Lusa\u201d sobre el legado portugu\u00e9s en la ciudad"},"content":{"rendered":"<p><a href=\"https:\/\/www.upo.es\/diario\/wp-content\/uploads\/2017\/06\/Congreso-Sevilla-Lusa-300.png\"><img loading=\"lazy\" decoding=\"async\" class=\"alignright size-full wp-image-20848138\" alt=\"Congreso-Sevilla-Lusa-300\" src=\"https:\/\/www.upo.es\/diario\/wp-content\/uploads\/2017\/06\/Congreso-Sevilla-Lusa-300.png\" width=\"300\" height=\"213\" \/><\/a>Hoy lunes 5 de junio a las 9:00 horas, en el Consulado de Portugal en Sevilla, comienza el Congreso Internacional \u201c<b>Sevilla Lusa. La naci\u00f3n portuguesa en el Reino de Sevilla en tiempos del Barroco<\/b>\u201d. Este Congreso, organizado por el \u00c1rea de Historia del Arte de la Universidad Pablo de Olavide y el Departamento de Historia Moderna de la Universidad de Sevilla, ser\u00e1 inaugurado por Pilar Rodr\u00edguez Reina, vicerrectora de Relaciones Institucionales y Comunicaci\u00f3n de la UPO; Elena Cano Bazaga, vicerrectora de Relaciones Institucionales de la US; \u00a0y Jorge Monteiro, C\u00f3nsul General de Portugal. Estas jornadas se prolongar\u00e1n hasta el mi\u00e9rcoles 7 y tienen como objetivo compartir los conocimientos e investigaciones sobre lo que Portugal y los portugueses representaron en la vida de la ciudad de Sevilla.<\/p>\n<p>Habi\u00e9ndose celebrado recientemente la XXIX Cumbre Hispano-Lusa, el congreso supone un cap\u00edtulo m\u00e1s en la historia de las relaciones peninsulares, en el que un importante n\u00famero de especialistas abordar\u00e1 la relaci\u00f3n de los portugueses con Sevilla desde la historia, el arte y el patrimonio cultural. Los influjos de un pa\u00eds en otro constituyen un cap\u00edtulo importante en la historia compartida de una de las ciudades m\u00e1s portuguesas fuera de Portugal, ya que Sevilla como Puerto de Indias sostuvo varios monopolios portugueses. Durante los tres d\u00edas del congreso, los expertos y expertas presentar\u00e1n sus ponencias bajo diferentes tem\u00e1ticas: Los portugueses en Sevilla y su Reino; Gente de negocios; La esclavitud; Cultura impresa y festiva; y Circulaci\u00f3n de artistas y objetos art\u00edsticos.<\/p>\n<p>Por otra parte, el martes 6 de junio durante el congreso, se presentar\u00e1 la Gu\u00eda de la \u201c<b>Ruta Cultural de la Sevilla Portuguesa<\/b>\u201d, un itinerario tur\u00edstico para conocer los vestigios portugueses en la ciudad. Este proyecto constituye la antesala de \u201c<b>A Raia Barroca\/La Raya Barroca<\/b>\u201d, un itinerario cultural europeo que une las regiones de Andaluc\u00eda, Algarve y Alentejo en un rosario de enclaves como puntos de sutura de un territorio cultural utilizando el tiempo barroco como pretexto.<\/p>\n<p>Adem\u00e1s de las entidades convocantes, el congreso contar\u00e1 con la participaci\u00f3n de ponentes de otras universidades: Complutense; Aut\u00f3noma de Madrid; C\u00f3rdoba; Barcelona; Huelva; Lisboa, Nova de Lisboa y \u00c9vora (Portugal); Paul Val\u00e9ry-Montpellier (Francia); Johns Hopkins (Estados Unidos); University College Dublin (Irlanda); Berl\u00edn (Alemania); y de entidades como la Consejer\u00eda de Educaci\u00f3n de la Junta de Andaluc\u00eda. Asimismo, con la participaci\u00f3n en el comit\u00e9 cient\u00edfico de las universidades Jaume I de Castell\u00f3n y Santiago de Compostela, el auspicio del Consulado General de Portugal en Sevilla y el apoyo de entidades como el Ministerio de Educaci\u00f3n, Cultura y Deporte; el Ministerio de Cultura de Portugal; la Consejer\u00eda de Cultura de la Junta de Andaluc\u00eda; y el Ayuntamiento de Sevilla.<\/p>\n<ul>\n<li><a href=\"https:\/\/www.upo.es\/historia_arte\/export\/sites\/historia_arte\/Actividades\/Congresos\/Congreso_Internacional_Sevilla_Lusa\/Sevilla_Lusa_Programa_2017.pdf\">Programa completo del Congreso Internacional \u201cSevilla Lusa\u201d<\/a><\/li>\n<\/ul>\n","protected":false},"excerpt":{"rendered":"<p>Comienza el Congreso Internacional \u201cSevilla Lusa. La naci\u00f3n portuguesa en el Reino de Sevilla en tiempos del Barroco\u201d. Este Congreso, organizado por el \u00c1rea de Historia del Arte de la Universidad Pablo de Olavide y el Departamento de Historia Moderna de la Universidad de Sevilla, se prolongar\u00e1 hasta el mi\u00e9rcoles 7 y tienen como objetivo compartir los conocimientos e investigaciones sobre lo que Portugal y los portugueses representaron en la vida de la ciudad de Sevilla.<\/p>\n","protected":false},"author":6,"featured_media":0,"comment_status":"closed","ping_status":"open","sticky":false,"template":"","format":"standard","meta":{"_monsterinsights_skip_tracking":false,"_monsterinsights_sitenote_active":false,"_monsterinsights_sitenote_note":"","_monsterinsights_sitenote_category":0,"footnotes":""},"categories":[6],"tags":[2279,354,1983,2752,150,259,446,1794,1982,161,2576,1163],"class_list":["post-20875983","post","type-post","status-publish","format-standard","hentry","category-institucional","tag-barroco","tag-congreso","tag-consulado","tag-fernando-quiles","tag-historia","tag-area-de-historia-del-arte","tag-internacional","tag-pilar-rodriguez-reina","tag-portugal","tag-sevilla","tag-sevilla-barroca","tag-universidad-de-sevilla"],"_links":{"self":[{"href":"https:\/\/www.upo.es\/diario\/wp-json\/wp\/v2\/posts\/20875983","targetHints":{"allow":["GET"]}}],"collection":[{"href":"https:\/\/www.upo.es\/diario\/wp-json\/wp\/v2\/posts"}],"about":[{"href":"https:\/\/www.upo.es\/diario\/wp-json\/wp\/v2\/types\/post"}],"author":[{"embeddable":true,"href":"https:\/\/www.upo.es\/diario\/wp-json\/wp\/v2\/users\/6"}],"replies":[{"embeddable":true,"href":"https:\/\/www.upo.es\/diario\/wp-json\/wp\/v2\/comments?post=20875983"}],"version-history":[{"count":2,"href":"https:\/\/www.upo.es\/diario\/wp-json\/wp\/v2\/posts\/20875983\/revisions"}],"predecessor-version":[{"id":20875985,"href":"https:\/\/www.upo.es\/diario\/wp-json\/wp\/v2\/posts\/20875983\/revisions\/20875985"}],"wp:attachment":[{"href":"https:\/\/www.upo.es\/diario\/wp-json\/wp\/v2\/media?parent=20875983"}],"wp:term":[{"taxonomy":"category","embeddable":true,"href":"https:\/\/www.upo.es\/diario\/wp-json\/wp\/v2\/categories?post=20875983"},{"taxonomy":"post_tag","embeddable":true,"href":"https:\/\/www.upo.es\/diario\/wp-json\/wp\/v2\/tags?post=20875983"}],"curies":[{"name":"wp","href":"https:\/\/api.w.org\/{rel}","templated":true}]}}