{"id":20879103,"date":"2017-06-02T05:30:00","date_gmt":"2017-06-02T05:30:00","guid":{"rendered":"https:\/\/www.upo.es\/diario\/?p=20879103"},"modified":"2017-06-02T18:36:10","modified_gmt":"2017-06-02T18:36:10","slug":"las-universidades-publicas-de-andalucia-presentan-su-oferta-educativa-en-la-mayor-feria-mundial-de-universidades","status":"publish","type":"post","link":"https:\/\/www.upo.es\/diario\/institucional\/2017\/06\/las-universidades-publicas-de-andalucia-presentan-su-oferta-educativa-en-la-mayor-feria-mundial-de-universidades\/","title":{"rendered":"Las Universidades P\u00fablicas de Andaluc\u00eda presentan su oferta educativa en la mayor Feria mundial de Universidades"},"content":{"rendered":"<figure id=\"attachment_20879104\" aria-describedby=\"caption-attachment-20879104\" style=\"width: 600px\" class=\"wp-caption aligncenter\"><a href=\"https:\/\/www.upo.es\/diario\/wp-content\/uploads\/2017\/06\/IMG_6935.jpg\"><img loading=\"lazy\" decoding=\"async\" class=\"size-large wp-image-20879104\" alt=\"Responsables y t\u00e9cnicos de relaciones internacionales de las Universidades p\u00fablicas de Andaluc\u00eda\" src=\"https:\/\/www.upo.es\/diario\/wp-content\/uploads\/2017\/06\/IMG_6935-600x337.jpg\" width=\"600\" height=\"337\" srcset=\"https:\/\/www.upo.es\/diario\/wp-content\/uploads\/2017\/06\/IMG_6935-600x337.jpg 600w, https:\/\/www.upo.es\/diario\/wp-content\/uploads\/2017\/06\/IMG_6935-320x180.jpg 320w\" sizes=\"auto, (max-width: 600px) 100vw, 600px\" \/><\/a><figcaption id=\"caption-attachment-20879104\" class=\"wp-caption-text\">Responsables y t\u00e9cnicos de relaciones internacionales de las Universidades p\u00fablicas de Andaluc\u00eda<\/figcaption><\/figure>\n<p>El martes 30 de mayo, se inaugur\u00f3 en el Centro de Convenciones de Los \u00c1ngeles, California, la Conferencia y Exposici\u00f3n <strong>NAFSA 2017<\/strong>, organizada por la Asociaci\u00f3n Internacional de Educadores y que cuenta entre sus miembros con m\u00e1s de diez mil profesionales de la educaci\u00f3n superior. Este a\u00f1o han asistido m\u00e1s de siete mil responsables de educaci\u00f3n internacional de todos los continentes, con m\u00e1s de trescientas instituciones universitarias o relacionadas con la educaci\u00f3n superior que est\u00e1n presentes como expositores.<\/p>\n<p>Las Universidades P\u00fablicas de Andaluc\u00eda est\u00e1n presentes en el stand espa\u00f1ol bajo la coordinaci\u00f3n de la Universidad Internacional de Andaluc\u00eda y con la financiaci\u00f3n de \u00a0la Consejer\u00eda de Econom\u00eda y Conocimiento de la Junta de Andaluc\u00eda. Durante esta semana se han celebrado en el seno de NAFSA multitud de sesiones, reuniones bilaterales, conferencias, etc, permitir\u00e1n dar a conocer la oferta educativa de las Universidades y cerrar acuerdos de colaboraci\u00f3n e intercambio para profesorado y estudiantes de las universidades andaluzas con las de otras \u00e1reas geogr\u00e1ficas de especial inter\u00e9s, como pueden ser las del pa\u00eds anfitri\u00f3n, Estados Unidos, como de Iberoam\u00e9rica o Asia.<\/p>\n","protected":false},"excerpt":{"rendered":"<p>El martes 30 de mayo, se inaugur\u00f3 en el Centro de Convenciones de Los \u00c1ngeles, California, la Conferencia y Exposici\u00f3n NAFSA 2017, organizada por la Asociaci\u00f3n Internacional de Educadores y que cuenta entre sus miembros con m\u00e1s de diez mil profesionales de la educaci\u00f3n superior. Este a\u00f1o han asistido m\u00e1s de siete mil responsables de educaci\u00f3n internacional de todos los continentes, con m\u00e1s de trescientas instituciones universitarias o relacionadas con la educaci\u00f3n superior que est\u00e1n presentes como expositores.<\/p>\n","protected":false},"author":6,"featured_media":0,"comment_status":"closed","ping_status":"open","sticky":false,"template":"","format":"standard","meta":{"_monsterinsights_skip_tracking":false,"_monsterinsights_sitenote_active":false,"_monsterinsights_sitenote_note":"","_monsterinsights_sitenote_category":0,"footnotes":""},"categories":[6],"tags":[190,1496,1042,925,39],"class_list":["post-20879103","post","type-post","status-publish","format-standard","hentry","category-institucional","tag-andalucia","tag-estados-unidos","tag-feria","tag-internacionalizacion","tag-universidades"],"_links":{"self":[{"href":"https:\/\/www.upo.es\/diario\/wp-json\/wp\/v2\/posts\/20879103","targetHints":{"allow":["GET"]}}],"collection":[{"href":"https:\/\/www.upo.es\/diario\/wp-json\/wp\/v2\/posts"}],"about":[{"href":"https:\/\/www.upo.es\/diario\/wp-json\/wp\/v2\/types\/post"}],"author":[{"embeddable":true,"href":"https:\/\/www.upo.es\/diario\/wp-json\/wp\/v2\/users\/6"}],"replies":[{"embeddable":true,"href":"https:\/\/www.upo.es\/diario\/wp-json\/wp\/v2\/comments?post=20879103"}],"version-history":[{"count":1,"href":"https:\/\/www.upo.es\/diario\/wp-json\/wp\/v2\/posts\/20879103\/revisions"}],"predecessor-version":[{"id":20879105,"href":"https:\/\/www.upo.es\/diario\/wp-json\/wp\/v2\/posts\/20879103\/revisions\/20879105"}],"wp:attachment":[{"href":"https:\/\/www.upo.es\/diario\/wp-json\/wp\/v2\/media?parent=20879103"}],"wp:term":[{"taxonomy":"category","embeddable":true,"href":"https:\/\/www.upo.es\/diario\/wp-json\/wp\/v2\/categories?post=20879103"},{"taxonomy":"post_tag","embeddable":true,"href":"https:\/\/www.upo.es\/diario\/wp-json\/wp\/v2\/tags?post=20879103"}],"curies":[{"name":"wp","href":"https:\/\/api.w.org\/{rel}","templated":true}]}}