{"id":2104482,"date":"2013-11-25T13:21:16","date_gmt":"2013-11-25T13:21:16","guid":{"rendered":"https:\/\/www.upo.es\/diario\/?p=2104482"},"modified":"2013-11-27T08:31:46","modified_gmt":"2013-11-27T08:31:46","slug":"la-upo-se-suma-con-diversas-actividades-al-dia-internacional-para-la-eliminacion-de-la-violencia-contra-las-mujeres-2","status":"publish","type":"post","link":"https:\/\/www.upo.es\/diario\/institucional\/2013\/11\/la-upo-se-suma-con-diversas-actividades-al-dia-internacional-para-la-eliminacion-de-la-violencia-contra-las-mujeres-2\/","title":{"rendered":"La UPO se suma con diversas actividades al D\u00eda Internacional para la Eliminaci\u00f3n de la Violencia contra las Mujeres"},"content":{"rendered":"<figure id=\"attachment_2104483\" aria-describedby=\"caption-attachment-2104483\" style=\"width: 320px\" class=\"wp-caption alignright\"><a href=\"https:\/\/www.upo.es\/diario\/wp-content\/uploads\/2013\/11\/dia_noviolencia_mujer.jpg\"><img loading=\"lazy\" decoding=\"async\" class=\"size-medium wp-image-2104483\" alt=\"La campa\u00f1a \u201cNo dejes que la violencia se cuele en tu vida\u201d  se desarrollar\u00e1 hasta el 29 de noviembre en la UPO\" src=\"https:\/\/www.upo.es\/diario\/wp-content\/uploads\/2013\/11\/dia_noviolencia_mujer-320x181.jpg\" width=\"320\" height=\"181\" srcset=\"https:\/\/www.upo.es\/diario\/wp-content\/uploads\/2013\/11\/dia_noviolencia_mujer-320x181.jpg 320w, https:\/\/www.upo.es\/diario\/wp-content\/uploads\/2013\/11\/dia_noviolencia_mujer-1024x579.jpg 1024w, https:\/\/www.upo.es\/diario\/wp-content\/uploads\/2013\/11\/dia_noviolencia_mujer-600x339.jpg 600w\" sizes=\"auto, (max-width: 320px) 100vw, 320px\" \/><\/a><figcaption id=\"caption-attachment-2104483\" class=\"wp-caption-text\">La campa\u00f1a \u201cNo dejes que la violencia se cuele en tu vida\u201d se desarrollar\u00e1 hasta el 29 de noviembre en la UPO<\/figcaption><\/figure>\n<p style=\"text-align: justify;\">La Universidad Pablo de Olavide, a trav\u00e9s del Vicerrectorado de Cultura, Participaci\u00f3n y Compromiso Social, organiza a partir de hoy lunes 25 de noviembre la III Campa\u00f1a para la Eliminaci\u00f3n de la Violencia contra las Mujeres. Bajo el lema \u201cNo dejes que la violencia se cuele en tu vida\u201d, la UPO ha dise\u00f1ado un programa de actividades con el que se pretende celebrar el D\u00eda Internacional para la Eliminaci\u00f3n de la Violencia contra las Mujeres, que se conmemora el 25 de noviembre.<\/p>\n<p style=\"text-align: justify;\">Distintas facultades, el Consejo de Estudiantes de la UPO, la Residencia Universitaria Flora Trist\u00e1n, el M\u00e1ster de G\u00e9nero e Igualdad de la UPO, el proyecto Gendercit, la Secretar\u00eda de la Mujer USTEA, el Centro de Intercambio de Nativos en el Extranjero, junto con la Oficina para la Igualdad de esta universidad, colaboran en esta iniciativa que concluir\u00e1 el pr\u00f3ximo viernes 29 de noviembre y que incluye la celebraci\u00f3n de seminarios, video forum, exposiciones y representaciones teatrales.<\/p>\n<p style=\"text-align: justify;\">As\u00ed, hoy lunes 25 de noviembre, la Oficina para la Igualdad de la UPO, en el marco del proyecto Gendercit y con la colaboraci\u00f3n de la Universidad de Cuyo (Mendoza, Argentina), ha promovido un acto simb\u00f3lico para sensibilizar a los miembros de la comunidad universitaria contra la violencia de g\u00e9nero, a los que se les anima a llevar consigo, de forma visible, un colador que representa el lema de la campa\u00f1a \u201cNo dejes que la violencia se cuele en tu vida\u201d. Tambi\u00e9n a lo largo de la ma\u00f1ana, en el pasillo central de la UPO junto al edificio Celestino Mutis, se ha instalado un stand informativo. Asimismo, desde hoy lunes 25 de noviembre hasta el 29 de noviembre, en la sala de exposiciones de la Biblioteca de la UPO se podr\u00e1 visitar la exposici\u00f3n \u201cCon ojos de mujer\u201d, resultado del concurso fotogr\u00e1fico organizado por USTEA Secretar\u00eda de la Mujer.<\/p>\n<p style=\"text-align: justify;\">Por su parte, hoy lunes los residentes de la Residencia Universitaria Flora Trist\u00e1n han pegado en las puertas de los pisos frases, opiniones, reflexiones sobre la violencia machista y carteles en los ascensores donde expresar la opini\u00f3n.<\/p>\n<p style=\"text-align: justify;\">Ma\u00f1ana martes 26 de noviembre, contin\u00faan las actividades en la Universidad Pablo de Olavide para conmemorar el D\u00eda Internacional para la Eliminaci\u00f3n de la Violencia contra las Mujeres con un v\u00eddeo forum a las 17 horas en la sala de grados de la Biblioteca de la UPO, en el que se proyectar\u00e1 el documental \u201c<a href=\"http:\/\/www.girlrising.com\/\">Girl Rising<\/a>\u201d de Richard Robbins. Tras la proyecci\u00f3n se abrir\u00e1 un debate coordinado por la profesora de la Facultad de Ciencias Sociales de la UPO, Nuria Cordero. Paralelamente, a las 17 horas en el aula 1.10 del edificio 45 de la UPO, la directora del Centro de Publicaciones de la Facultad de Ciencias Pol\u00edticas y Sociales de la Universidad de Cuyo,Rosana Paula Rodr\u00edguez, impartir\u00e1 el seminario \u201cLa experiencia del aborto como pr\u00e1ctica descolonizadora y despatriarcalizadora\u201d.<\/p>\n<p style=\"text-align: justify;\">Para el mi\u00e9rcoles 27 de noviembre, la Residencia Universitaria Flora Trist\u00e1n organiza, a las 17 horas, una merienda con las mujeres de las distintas entidades del barrio en las que trabajan la Flora Trist\u00e1n, y a las 19 horas, actuar\u00e1 el grupo de teatro \u201c<a href=\"http:\/\/cialosshespirs.wordpress.com\/espectaculos-en-gira\/\">Los Shespirs<\/a>\u201d representando \u201cJaque a la Reina\u201d, una obra colectiva de denuncia que juega con im\u00e1genes y mensajes ocultos. Por otro lado, el jueves 28 de noviembre a las 20.30 horas en el sal\u00f3n de usos m\u00faltiples de la Residencia Flora Trist\u00e1n, se organizar\u00e1 una Tertulia Dial\u00f3gica.<\/p>\n","protected":false},"excerpt":{"rendered":"<p>La Universidad Pablo de Olavide, a trav\u00e9s del Vicerrectorado de Cultura, Participaci\u00f3n y Compromiso Social, organiza a partir del lunes 25 de noviembre la III Campa\u00f1a para la Eliminaci\u00f3n de la Violencia contra las Mujeres. Bajo el lema \u201cNo dejes que la violencia se cuele en tu vida\u201d, la UPO ha dise\u00f1ado un programa de actividades con el que se pretende celebrar el D\u00eda Internacional para la Eliminaci\u00f3n de la Violencia contra las Mujeres, que se conmemora el 25 de noviembre.<\/p>\n","protected":false},"author":4,"featured_media":0,"comment_status":"closed","ping_status":"open","sticky":false,"template":"","format":"standard","meta":{"_monsterinsights_skip_tracking":false,"_monsterinsights_sitenote_active":false,"_monsterinsights_sitenote_note":"","_monsterinsights_sitenote_category":0,"footnotes":""},"categories":[6],"tags":[419,336,517,562,442,143],"class_list":["post-2104482","post","type-post","status-publish","format-standard","hentry","category-institucional","tag-campana","tag-genero","tag-igualdad","tag-oficina-de-igualdad","tag-vicerrectorado","tag-violencia"],"_links":{"self":[{"href":"https:\/\/www.upo.es\/diario\/wp-json\/wp\/v2\/posts\/2104482","targetHints":{"allow":["GET"]}}],"collection":[{"href":"https:\/\/www.upo.es\/diario\/wp-json\/wp\/v2\/posts"}],"about":[{"href":"https:\/\/www.upo.es\/diario\/wp-json\/wp\/v2\/types\/post"}],"author":[{"embeddable":true,"href":"https:\/\/www.upo.es\/diario\/wp-json\/wp\/v2\/users\/4"}],"replies":[{"embeddable":true,"href":"https:\/\/www.upo.es\/diario\/wp-json\/wp\/v2\/comments?post=2104482"}],"version-history":[{"count":3,"href":"https:\/\/www.upo.es\/diario\/wp-json\/wp\/v2\/posts\/2104482\/revisions"}],"predecessor-version":[{"id":2119626,"href":"https:\/\/www.upo.es\/diario\/wp-json\/wp\/v2\/posts\/2104482\/revisions\/2119626"}],"wp:attachment":[{"href":"https:\/\/www.upo.es\/diario\/wp-json\/wp\/v2\/media?parent=2104482"}],"wp:term":[{"taxonomy":"category","embeddable":true,"href":"https:\/\/www.upo.es\/diario\/wp-json\/wp\/v2\/categories?post=2104482"},{"taxonomy":"post_tag","embeddable":true,"href":"https:\/\/www.upo.es\/diario\/wp-json\/wp\/v2\/tags?post=2104482"}],"curies":[{"name":"wp","href":"https:\/\/api.w.org\/{rel}","templated":true}]}}