{"id":21146647,"date":"2017-06-13T02:12:03","date_gmt":"2017-06-13T00:12:03","guid":{"rendered":"https:\/\/www.upo.es\/diario\/?p=21146647"},"modified":"2020-10-27T16:39:21","modified_gmt":"2020-10-27T15:39:21","slug":"crue-universidades-espanolas-expone-la-situacion-actual-del-sistema-universitario-en-el-congreso-de-los-diputados","status":"publish","type":"post","link":"https:\/\/www.upo.es\/diario\/institucional\/2017\/06\/crue-universidades-espanolas-expone-la-situacion-actual-del-sistema-universitario-en-el-congreso-de-los-diputados\/","title":{"rendered":"Crue Universidades Espa\u00f1olas expone la situaci\u00f3n actual del sistema universitario en el Congreso de los Diputados"},"content":{"rendered":"<figure id=\"attachment_21146648\" aria-describedby=\"caption-attachment-21146648\" style=\"width: 320px\" class=\"wp-caption alignright\"><a href=\"https:\/\/www.upo.es\/diario\/wp-content\/uploads\/2017\/06\/imagen_CrueCongreso.jpg\"><img loading=\"lazy\" decoding=\"async\" class=\"size-medium wp-image-21146648\" alt=\"Comisi\u00f3n de Educaci\u00f3n del Congreso de los Diputados\" src=\"https:\/\/www.upo.es\/diario\/wp-content\/uploads\/2017\/06\/imagen_CrueCongreso-320x176.jpg\" width=\"320\" height=\"176\" \/><\/a><figcaption id=\"caption-attachment-21146648\" class=\"wp-caption-text\">Comisi\u00f3n de Educaci\u00f3n del Congreso de los Diputados<\/figcaption><\/figure>\n<p>El presidente de Crue Universidades Espa\u00f1olas, <b>Segundo P\u00edriz<\/b>, ha comparecido ante la Comisi\u00f3n de Educaci\u00f3n del Congreso de los Diputados para exponer, en nombre de la instituci\u00f3n, un diagn\u00f3stico de la situaci\u00f3n actual del sistema universitario espa\u00f1ol con el objetivo de trasladar los principales problemas y necesidades de las universidades ante el solicitado \u201c<b>Pacto de Estado Social y Pol\u00edtico por la Educaci\u00f3n<\/b>\u201d.<\/p>\n<p>Durante su intervenci\u00f3n, el presidente de Crue hizo referencia a informes y estudios internacionales como la estrategia <b>Europa 2020<\/b>, para la que es imprescindible \u201cla contribuci\u00f3n de un buen funcionamiento del sistema universitario\u201d. Por otra parte, hizo referencia a las recomendaciones del Consejo de la Uni\u00f3n Europea sobre el avance del <b>Programa Nacional de Reformas 2017<\/b> de Espa\u00f1a donde destac\u00f3 aquellas tres sobre universidades: aumentar la pertinencia de la ense\u00f1anza superior para el mercado laboral, garantizar un nivel adecuado y sostenido de inversiones en investigaci\u00f3n e innovaci\u00f3n y reforzar su gobernanza en todos los niveles de la Administraci\u00f3n. Asimismo, P\u00edriz mencion\u00f3 tambi\u00e9n el informe \u201c<b>University Autonomy in Europe III The Scorecard 2017<\/b>\u201d de la EUA donde se analiza el grado de autonom\u00eda universitaria de 29 pa\u00edses europeos y que sit\u00faa a Espa\u00f1a en un nivel medio-bajo.<\/p>\n<p>Finalmente, el presidente hizo un resumen de las principales propuestas y necesidades trasladadas a la Comisi\u00f3n: mayor autonom\u00eda institucional desde la base de la transparencia para que se permita mayor flexibilidad en la contrataci\u00f3n de personal; un plan plurianual de financiaci\u00f3n que permita una adecuada planificaci\u00f3n estrat\u00e9gica; m\u00e1s y mejores becas para garantizar la igualdad de oportunidades, as\u00ed como una reducci\u00f3n de los precios p\u00fablicos de grado y postgrado; un aumento de la inversi\u00f3n p\u00fablica y privada en I+D+i; incentivar la transferencia de conocimiento al tejido productivo acompa\u00f1ada de un aumento en la producci\u00f3n y explotaci\u00f3n de patentes; potenciar la internacionalizaci\u00f3n de la actividad universitaria; y el estudio de nuevas formas de gobierno en las universidades espa\u00f1olas.<\/p>\n<p><a href=\"https:\/\/www.youtube.com\/watch?v=tspidm9oVFs\">Ver el v\u00eddeo de la intervenci\u00f3n de Segundo P\u00edriz en el Congreso de los Diputados.<\/a><\/p>\n","protected":false},"excerpt":{"rendered":"<p>El presidente de Crue Universidades Espa\u00f1olas, Segundo P\u00edriz, ha comparecido ante la Comisi\u00f3n de Educaci\u00f3n del Congreso de los Diputados para exponer, en nombre de la instituci\u00f3n, un diagn\u00f3stico de la situaci\u00f3n actual del sistema universitario espa\u00f1ol con el objetivo de trasladar los principales problemas y necesidades de las universidades ante el solicitado \u201cPacto de Estado Social y Pol\u00edtico por la Educaci\u00f3n\u201d. <\/p>\n","protected":false},"author":14,"featured_media":0,"comment_status":"closed","ping_status":"open","sticky":false,"template":"","format":"standard","meta":{"_monsterinsights_skip_tracking":false,"_monsterinsights_sitenote_active":false,"_monsterinsights_sitenote_note":"","_monsterinsights_sitenote_category":0,"footnotes":""},"categories":[6],"tags":[4125,1874,4124,4126,2570],"class_list":["post-21146647","post","type-post","status-publish","format-standard","hentry","category-institucional","tag-comision-de-educacion","tag-congreso-de-los-diputados","tag-crue-universidades-espanolas","tag-pacto-de-estado-por-la-educacion","tag-sistema-universitario-espanol"],"_links":{"self":[{"href":"https:\/\/www.upo.es\/diario\/wp-json\/wp\/v2\/posts\/21146647","targetHints":{"allow":["GET"]}}],"collection":[{"href":"https:\/\/www.upo.es\/diario\/wp-json\/wp\/v2\/posts"}],"about":[{"href":"https:\/\/www.upo.es\/diario\/wp-json\/wp\/v2\/types\/post"}],"author":[{"embeddable":true,"href":"https:\/\/www.upo.es\/diario\/wp-json\/wp\/v2\/users\/14"}],"replies":[{"embeddable":true,"href":"https:\/\/www.upo.es\/diario\/wp-json\/wp\/v2\/comments?post=21146647"}],"version-history":[{"count":2,"href":"https:\/\/www.upo.es\/diario\/wp-json\/wp\/v2\/posts\/21146647\/revisions"}],"predecessor-version":[{"id":30862158,"href":"https:\/\/www.upo.es\/diario\/wp-json\/wp\/v2\/posts\/21146647\/revisions\/30862158"}],"wp:attachment":[{"href":"https:\/\/www.upo.es\/diario\/wp-json\/wp\/v2\/media?parent=21146647"}],"wp:term":[{"taxonomy":"category","embeddable":true,"href":"https:\/\/www.upo.es\/diario\/wp-json\/wp\/v2\/categories?post=21146647"},{"taxonomy":"post_tag","embeddable":true,"href":"https:\/\/www.upo.es\/diario\/wp-json\/wp\/v2\/tags?post=21146647"}],"curies":[{"name":"wp","href":"https:\/\/api.w.org\/{rel}","templated":true}]}}