{"id":2121397,"date":"2013-11-27T12:48:41","date_gmt":"2013-11-27T12:48:41","guid":{"rendered":"https:\/\/www.upo.es\/diario\/?p=2121397"},"modified":"2013-11-29T12:44:12","modified_gmt":"2013-11-29T12:44:12","slug":"la-upo-y-la-asociacion-fuente-de-la-reja-promoveran-actividades-de-educacion-ambiental-en-agroecologia","status":"publish","type":"post","link":"https:\/\/www.upo.es\/diario\/institucional\/2013\/11\/la-upo-y-la-asociacion-fuente-de-la-reja-promoveran-actividades-de-educacion-ambiental-en-agroecologia\/","title":{"rendered":"La UPO y la Asociaci\u00f3n Fuente de la Reja promover\u00e1n actividades de educaci\u00f3n ambiental en agroecolog\u00eda"},"content":{"rendered":"<figure id=\"attachment_2121401\" aria-describedby=\"caption-attachment-2121401\" style=\"width: 320px\" class=\"wp-caption alignright\"><a href=\"https:\/\/www.upo.es\/diario\/wp-content\/uploads\/2013\/11\/conv-AAVV-Fuente-de-la-Reja.jpg\"><img loading=\"lazy\" decoding=\"async\" class=\"size-medium wp-image-2121401 \" alt=\"Vicente Guzm\u00e1n y Diego Polo tras la firma del convenio\" src=\"https:\/\/www.upo.es\/diario\/wp-content\/uploads\/2013\/11\/conv-AAVV-Fuente-de-la-Reja-320x213.jpg\" width=\"320\" height=\"213\" srcset=\"https:\/\/www.upo.es\/diario\/wp-content\/uploads\/2013\/11\/conv-AAVV-Fuente-de-la-Reja-320x213.jpg 320w, https:\/\/www.upo.es\/diario\/wp-content\/uploads\/2013\/11\/conv-AAVV-Fuente-de-la-Reja-1024x682.jpg 1024w, https:\/\/www.upo.es\/diario\/wp-content\/uploads\/2013\/11\/conv-AAVV-Fuente-de-la-Reja-600x400.jpg 600w\" sizes=\"auto, (max-width: 320px) 100vw, 320px\" \/><\/a><figcaption id=\"caption-attachment-2121401\" class=\"wp-caption-text\">El rector Vicente Guzm\u00e1n y el vicepresidente de la asociaci\u00f3n vecinal de Pegalajar en Ja\u00e9n Diego Polo han suscrito un convenio de colaboraci\u00f3n<\/figcaption><\/figure>\n<p>La Universidad Pablo de Olavide, de Sevilla y la Asociaci\u00f3n Vecinal Fuente de la Reja desarrollar\u00e1n una estrategia de colaboraci\u00f3n en educaci\u00f3n ambiental y en investigaci\u00f3n-acci\u00f3n participativa desde la perspectiva agroecol\u00f3gica, en virtud del convenio suscrito hoy entre el rector Vicente Guzm\u00e1n y el vicepresidente de la asociaci\u00f3n vecinal de Pegalajar en Ja\u00e9n, Diego Polo.<\/p>\n<p>El convenio recoge que ambas entidades promover\u00e1n actividades conjuntas en el \u00e1rea formativa y de investigaci\u00f3n, as\u00ed como en actividades pr\u00e1cticas dirigidas a docentes, investigadores, estudiantes universitarios y personas y colectivos relacionados con la agroecolog\u00eda, el patrimonio ecol\u00f3gico-cultural, la educaci\u00f3n ambiental, el desarrollo sostenible y la protecci\u00f3n de la \u201cHuerta de Pegalajar\u201d, inscrita como \u201cLugar de Inter\u00e9s Etnol\u00f3gico\u201d en el Cat\u00e1logo General del Patrimonio Hist\u00f3rico Andaluz.<\/p>\n<p>Estas actividades conjuntas posibilitar\u00e1n el desarrollo de una estrategia de educaci\u00f3n ambiental desde la perspectiva agroecol\u00f3gica. As\u00ed, mientras en Pegalajar el conjunto agrario de la huerta constituye un aula al aire libre excepcional, donde confluyen dimensiones y valores ligados a los manejos y saberes de un agroecosistema tradicional hortofrut\u00edcola, en la Universidad Pablo de Olavide su campus sostenible y los huertos sociales y ecol\u00f3gicos o el jard\u00edn bot\u00e1nico, convierten a esta instituci\u00f3n en un escenario id\u00f3neo para desarrollar la educaci\u00f3n desde la pr\u00e1ctica y la experiencia.<\/p>\n<p>Asimismo, ambas entidades prev\u00e9n la creaci\u00f3n de un Banco de Recursos Agrogen\u00e9ticos, lo que supondr\u00e1 la puesta en marcha de un vivero hortofrut\u00edcola, donde se procurar\u00e1 contar con semilla adicional obtenida en fincas de los agricultores ligados al proyecto de la Asociaci\u00f3n Vecinal Fuente de la Reja y se buscar\u00e1n colaboraciones con otras instituciones y colectivos como la Red Andaluza de Semillas.<\/p>\n<p>El convenio tambi\u00e9n recoge la participaci\u00f3n de ambas entidades en la creaci\u00f3n de un Banco Popular de Germoplasma, con la sistematizaci\u00f3n en base de datos y control de las variedades, as\u00ed como el intercambio con otros organismos implicados en tareas similares.<\/p>\n<p>Para ello, se organizar\u00e1n actividades did\u00e1cticas como grupos de ense\u00f1anzas universitarias de grado y postgrado, campos de trabajo con voluntariado, y talleres educativos\/participativos vinculados con la agroecolog\u00eda, con la participaci\u00f3n por parte de la Universidad Pablo de Olavide de los miembros del Grupo de Investigaci\u00f3n Social y Acci\u00f3n Participativa GISAP, de los Huertos Sociales y Ecol\u00f3gicos, el Departamento de Antropolog\u00eda Social, Psicolog\u00eda B\u00e1sica y Salud P\u00fablica y los miembros de la Asociaci\u00f3n Vecinal de la Reja.<\/p>\n","protected":false},"excerpt":{"rendered":"<p>La Universidad Pablo de Olavide, de Sevilla y la Asociaci\u00f3n Vecinal Fuente de la Reja desarrollar\u00e1n una estrategia de colaboraci\u00f3n en educaci\u00f3n ambiental y en investigaci\u00f3n-acci\u00f3n participativa desde la perspectiva agroecol\u00f3gica, en virtud del convenio suscrito  entre el rector Vicente Guzm\u00e1n y el vicepresidente de la asociaci\u00f3n vecinal de Pegalajar en Ja\u00e9n, Diego Polo.<\/p>\n","protected":false},"author":6,"featured_media":0,"comment_status":"closed","ping_status":"open","sticky":false,"template":"","format":"standard","meta":{"_monsterinsights_skip_tracking":false,"_monsterinsights_sitenote_active":false,"_monsterinsights_sitenote_note":"","_monsterinsights_sitenote_category":0,"footnotes":""},"categories":[6],"tags":[750,190,326,141,194,681,1008,429,38,549,106],"class_list":["post-2121397","post","type-post","status-publish","format-standard","hentry","category-institucional","tag-agricultura","tag-andalucia","tag-convenio","tag-curso","tag-ecologia","tag-huertos","tag-jaen","tag-medio-ambiente","tag-rector","tag-talleres","tag-vicente-c-guzman"],"_links":{"self":[{"href":"https:\/\/www.upo.es\/diario\/wp-json\/wp\/v2\/posts\/2121397","targetHints":{"allow":["GET"]}}],"collection":[{"href":"https:\/\/www.upo.es\/diario\/wp-json\/wp\/v2\/posts"}],"about":[{"href":"https:\/\/www.upo.es\/diario\/wp-json\/wp\/v2\/types\/post"}],"author":[{"embeddable":true,"href":"https:\/\/www.upo.es\/diario\/wp-json\/wp\/v2\/users\/6"}],"replies":[{"embeddable":true,"href":"https:\/\/www.upo.es\/diario\/wp-json\/wp\/v2\/comments?post=2121397"}],"version-history":[{"count":5,"href":"https:\/\/www.upo.es\/diario\/wp-json\/wp\/v2\/posts\/2121397\/revisions"}],"predecessor-version":[{"id":2138407,"href":"https:\/\/www.upo.es\/diario\/wp-json\/wp\/v2\/posts\/2121397\/revisions\/2138407"}],"wp:attachment":[{"href":"https:\/\/www.upo.es\/diario\/wp-json\/wp\/v2\/media?parent=2121397"}],"wp:term":[{"taxonomy":"category","embeddable":true,"href":"https:\/\/www.upo.es\/diario\/wp-json\/wp\/v2\/categories?post=2121397"},{"taxonomy":"post_tag","embeddable":true,"href":"https:\/\/www.upo.es\/diario\/wp-json\/wp\/v2\/tags?post=2121397"}],"curies":[{"name":"wp","href":"https:\/\/api.w.org\/{rel}","templated":true}]}}