{"id":21351467,"date":"2017-06-21T11:15:20","date_gmt":"2017-06-21T11:15:20","guid":{"rendered":"https:\/\/www.upo.es\/diario\/?p=21351467"},"modified":"2017-06-21T11:15:20","modified_gmt":"2017-06-21T11:15:20","slug":"sobresaliente-para-la-tesis-la-opinion-publica-sobre-la-guerra-de-castas-a-traves-de-la-prensa-local-de-1847-a-1853","status":"publish","type":"post","link":"https:\/\/www.upo.es\/diario\/tesis\/2017\/06\/sobresaliente-para-la-tesis-la-opinion-publica-sobre-la-guerra-de-castas-a-traves-de-la-prensa-local-de-1847-a-1853\/","title":{"rendered":"Sobresaliente para la tesis \u201cLa opini\u00f3n p\u00fablica sobre la guerra de castas a trav\u00e9s de la prensa local de 1847 a 1853\u201d"},"content":{"rendered":"<p align=\"center\">\u00a0<\/p>\n<p><span style=\"color: #000000; font-family: Times New Roman;\">El pasado d\u00eda 8 de junio tuvo lugar en la Sala de Tesis del Edificio 45 la defensa p\u00fablica de la tesis doctoral titulada \u201cLa opini\u00f3n p\u00fablica sobre la guerra de castas a trav\u00e9s de la prensa local de 1847 a 1853\u201d, de la que es autora Gin\u00f3n Xhail Boj\u00f3rquez Palma. Esta tesis doctoral, dirigida por los profesores Juan Manuel Santana P\u00e9rez de la Universidad de Las Palmas de Gran Canaria y Juan Marchena Fern\u00e1ndez de la Universidad Pablo de Olavide, en el marco del programa de doctorado \u201cHistoria y Estudios Human\u00edsticos: Europa, Am\u00e9rica, Arte y Lenguas\u201d, ha obtenido la calificaci\u00f3n de Sobresaliente.<\/span><\/p>\n<p align=\"center\">\u00a0<\/p>\n","protected":false},"excerpt":{"rendered":"<p>El pasado d\u00eda 8 de junio tuvo lugar en la Sala de Tesis del Edificio 45 la defensa p\u00fablica de la tesis doctoral titulada \u201cLa opini\u00f3n p\u00fablica sobre la guerra de castas a trav\u00e9s de la prensa local de 1847 a 1853\u201d, de la que es autora Gin\u00f3n Xhail Boj\u00f3rquez Palma. Esta tesis doctoral, dirigida por los profesores Juan Manuel Santana P\u00e9rez de la Universidad de Las Palmas de Gran Canaria y Juan Marchena Fern\u00e1ndez de la Universidad Pablo de Olavide, en el marco del programa de doctorado \u201cHistoria y Estudios Human\u00edsticos: Europa, Am\u00e9rica, Arte y Lenguas\u201d, ha obtenido la calificaci\u00f3n de Sobresaliente.<\/p>\n","protected":false},"author":5,"featured_media":0,"comment_status":"closed","ping_status":"open","sticky":false,"template":"","format":"standard","meta":{"_monsterinsights_skip_tracking":false,"_monsterinsights_sitenote_active":false,"_monsterinsights_sitenote_note":"","_monsterinsights_sitenote_category":0,"footnotes":""},"categories":[119],"tags":[4157,150,3454],"class_list":["post-21351467","post","type-post","status-publish","format-standard","hentry","category-tesis","tag-castas","tag-historia","tag-s-xix"],"_links":{"self":[{"href":"https:\/\/www.upo.es\/diario\/wp-json\/wp\/v2\/posts\/21351467","targetHints":{"allow":["GET"]}}],"collection":[{"href":"https:\/\/www.upo.es\/diario\/wp-json\/wp\/v2\/posts"}],"about":[{"href":"https:\/\/www.upo.es\/diario\/wp-json\/wp\/v2\/types\/post"}],"author":[{"embeddable":true,"href":"https:\/\/www.upo.es\/diario\/wp-json\/wp\/v2\/users\/5"}],"replies":[{"embeddable":true,"href":"https:\/\/www.upo.es\/diario\/wp-json\/wp\/v2\/comments?post=21351467"}],"version-history":[{"count":2,"href":"https:\/\/www.upo.es\/diario\/wp-json\/wp\/v2\/posts\/21351467\/revisions"}],"predecessor-version":[{"id":21351469,"href":"https:\/\/www.upo.es\/diario\/wp-json\/wp\/v2\/posts\/21351467\/revisions\/21351469"}],"wp:attachment":[{"href":"https:\/\/www.upo.es\/diario\/wp-json\/wp\/v2\/media?parent=21351467"}],"wp:term":[{"taxonomy":"category","embeddable":true,"href":"https:\/\/www.upo.es\/diario\/wp-json\/wp\/v2\/categories?post=21351467"},{"taxonomy":"post_tag","embeddable":true,"href":"https:\/\/www.upo.es\/diario\/wp-json\/wp\/v2\/tags?post=21351467"}],"curies":[{"name":"wp","href":"https:\/\/api.w.org\/{rel}","templated":true}]}}