{"id":21376800,"date":"2017-06-22T11:35:45","date_gmt":"2017-06-22T11:35:45","guid":{"rendered":"https:\/\/www.upo.es\/diario\/?p=21376800"},"modified":"2017-06-23T07:24:37","modified_gmt":"2017-06-23T07:24:37","slug":"la-upo-acoge-el-examen-final-de-los-alumnos-del-master-en-interpretacion-de-la-guitarra-clasica","status":"publish","type":"post","link":"https:\/\/www.upo.es\/diario\/institucional\/2017\/06\/la-upo-acoge-el-examen-final-de-los-alumnos-del-master-en-interpretacion-de-la-guitarra-clasica\/","title":{"rendered":"La UPO acoge el examen final de los alumnos del M\u00e1ster en Interpretaci\u00f3n de la Guitarra Cl\u00e1sica"},"content":{"rendered":"<figure id=\"attachment_21376801\" aria-describedby=\"caption-attachment-21376801\" style=\"width: 600px\" class=\"wp-caption aligncenter\"><a href=\"https:\/\/www.upo.es\/diario\/wp-content\/uploads\/2017\/06\/examen_master_guitarra.jpg\"><img loading=\"lazy\" decoding=\"async\" class=\"size-large wp-image-21376801\" alt=\"Uno de los alumnos durante el examen final  del M\u00e1ster en Interpretaci\u00f3n de la Guitarra Cl\u00e1sica.\" src=\"https:\/\/www.upo.es\/diario\/wp-content\/uploads\/2017\/06\/examen_master_guitarra-600x399.jpg\" width=\"600\" height=\"399\" srcset=\"https:\/\/www.upo.es\/diario\/wp-content\/uploads\/2017\/06\/examen_master_guitarra-600x399.jpg 600w, https:\/\/www.upo.es\/diario\/wp-content\/uploads\/2017\/06\/examen_master_guitarra-320x213.jpg 320w\" sizes=\"auto, (max-width: 600px) 100vw, 600px\" \/><\/a><figcaption id=\"caption-attachment-21376801\" class=\"wp-caption-text\">Uno de los alumnos durante el examen final del M\u00e1ster en Interpretaci\u00f3n de la Guitarra Cl\u00e1sica.<\/figcaption><\/figure>\n<p>La Universidad Pablo de Olavide ha acogido durante el d\u00eda de hoy el examen final de la segunda edici\u00f3n del M\u00e1ster en Interpretaci\u00f3n de la Guitarra Cl\u00e1sica. Un acto p\u00fablico en el que los alumnos tienen que interpretar diferentes piezas musicales de todos los periodos de la historia para demostrar su conocimiento y destreza y que les permitir\u00e1 obtener este t\u00edtulo de postgrado.<\/p>\n<p>Este acto, que ha comenzado a las 09,00 de la ma\u00f1ana en el Paraninfo de la UPO y que se celebrar\u00e1 hasta las 16,00 horas, contar\u00e1 con las interpretaciones de los alumnos Christian Cruz, Agatha Moreau, Elizabeth Myers, Thomas B\u00e9gin y Marl\u00e8ne Demers-Lemay ante un jurado presidido por Ra\u00fal Fern\u00e1ndez S\u00e1nchez-Alarcos, director acad\u00e9mico del m\u00e1ster, Francisco Bernier, director ejecutivo de este t\u00edtulo y Antonio Duro, profesor del Conservatorio Superior de Sevilla.<\/p>\n<p>Adem\u00e1s, estos alumnos participar\u00e1n en el programa del pr\u00f3ximo Festival de la Guitarra que se celebrar\u00e1 en Sevilla en el mes de octubre y han finalizado recientemente su participaci\u00f3n en el segundo ciclo \u201cSonidos del Alc\u00e1zar a la Guitarra\u201d, una iniciativa de este t\u00edtulo propio en el que los estudiantes han expuesto sus dotes art\u00edsticas en alguno de los seis conciertos celebrados entre los meses de abril y junio en la Capilla G\u00f3tica del Alc\u00e1zar de Sevilla.<\/p>\n<p>Con todas estas actividades, la guitarra se convierte en el elemento esencial y nexo de conexi\u00f3n entre los alumnos de este m\u00e1ster, procedentes de pa\u00edses como Estados Unidos, Polonia, Jap\u00f3n, Canad\u00e1, M\u00e9xico, Paraguay, Francia, Portugal, Italia, Filipinas, Autralia y Espa\u00f1a. Una conexi\u00f3n en torno a la guitarra como instrumento que \u201cpermite diferentes aproximaciones al hecho musical, desde la m\u00e1s b\u00e1sica pasando por lo popular a la m\u00fasica m\u00e1s culta\u201d, seg\u00fan se\u00f1ala S\u00e1nchez Bernier.<\/p>\n<p>Este m\u00e1ster ofrece tambi\u00e9n la posibilidad de grabar un disco a uno de los egresados de cada promoci\u00f3n. De hecho, actualmente se est\u00e1 preparando la grabaci\u00f3n del disco de Jos\u00e9 Carlos Cabrera, egresado de la primera edici\u00f3n.\u00a0 El disco que versar\u00e1 sobre la obra del compositor paraguayo Agust\u00edn Barrios Mongor\u00e9, ser\u00e1 grabado por Constraste Records, con sede en Londres, y distribuido internacionalmente por Universal Music Group.<\/p>\n<p>El objetivo principal de este m\u00e1ster, gestionado por la Fundaci\u00f3n Universidad Pablo de Olavide, es ofrecer una formaci\u00f3n avanzada y especializaci\u00f3n profesional en el campo de la interpretaci\u00f3n musical, promoviendo el sentido cr\u00edtico para potenciar el trabajo auto-dirigido o aut\u00f3nomo. Tal y como se\u00f1ala el director ejecutivo, \u201cqueremos preparar a los m\u00fasicos al m\u00e1ximo nivel para la entrada al mundo laboral profesional, y proporcionar el conocimiento, la flexibilidad y la imaginaci\u00f3n para que pueda desarrollar una praxis profesional en la vida art\u00edstica actual\u201d.<\/p>\n<p>Este t\u00edtulo tiene una duraci\u00f3n de un a\u00f1o acad\u00e9mico y ya est\u00e1 abierto el plazo de preinscripci\u00f3n para la tercera edici\u00f3n del m\u00e1ster que comenzar\u00e1 en octubre y se impartir\u00e1 en la Universidad Pablo de Olavide y en la Sala de la Fundaci\u00f3n Cajasol. Adem\u00e1s, las clases que se impartir\u00e1n los viernes y s\u00e1bados hasta el mes de junio \u201cpermiten al alumno estar en contacto con siete grandes artistas del mundo de la guitarra cl\u00e1sica de forma intensiva\u201d.<\/p>\n<p>Para acceder a este m\u00e1ster los alumnos previamente deben pasar una prueba que consiste en interpretar un programa de treinta minutos, grabarlo y enviar el v\u00eddeo. Posteriormente la comisi\u00f3n acad\u00e9mica decidir\u00e1 entre los alumnos que demuestren un nivel acad\u00e9mico acorde a los estudios, ya que \u00e9stos \u201cbuscan ser un modelo de especializaci\u00f3n para aquellos que demuestran poseer una amplia base de conocimientos\u201d. Se dirige principalmente a licenciados, graduados y titulados superiores de ense\u00f1anzas art\u00edsticas oficiales que aspiren a una formaci\u00f3n espec\u00edfica y rigurosa.<\/p>\n<p>Entre los temas abordados en los planes de estudio destacan las m\u00fasicas de los siglos XV, XVI, XIX y XX, as\u00ed como tambi\u00e9n la especializaci\u00f3n en guitarra de la m\u00fasica de c\u00e1mara y latinoamericana. Un total de 60 cr\u00e9ditos ECTS impartidos de manera presencial y que aporta competencia art\u00edstica y cient\u00edfica al alumno referida a la m\u00fasica de todos los estilos y \u00e9pocas, as\u00ed como aptitud pedag\u00f3gica y organizativa en el \u00e1mbito art\u00edstico-musical.<\/p>\n<p>Bernier apunta que son muchos los beneficios que aporta la m\u00fasica, se\u00f1alando que es adem\u00e1s la manera que tiene el ser humano para expresarse y representar diferentes sensaciones, ideas o pensamientos. Y m\u00e1s concretamente sobre la guitarra afirma que \u201ces un instrumento polif\u00f3nico con unas cualidades sonoras y color\u00edsticas inmejorables que le proporcionan una gran capacidad para emocionar y seducir al oyente\u201d, algo que le convierte en el instrumento de cuerda m\u00e1s querido y tocado del mundo.<\/p>\n<p>M\u00e1s informaci\u00f3n en: <a href=\"https:\/\/www.upo.es\/postgrado\/Master-Interpretacion-Guitarra-Clasica?opcion=\">M\u00e1ster en Interpretaci\u00f3n de la Guitarra Cl\u00e1sica<\/a><\/p>\n","protected":false},"excerpt":{"rendered":"<p>La Universidad Pablo de Olavide ha acogido el examen final de la segunda edici\u00f3n del M\u00e1ster en Interpretaci\u00f3n de la Guitarra Cl\u00e1sica. Un acto p\u00fablico en el que los alumnos tienen que interpretar diferentes piezas musicales de todos los periodos de la historia para demostrar su conocimiento y destreza y que les permitir\u00e1 obtener este t\u00edtulo de postgrado.<\/p>\n","protected":false},"author":2,"featured_media":0,"comment_status":"closed","ping_status":"open","sticky":false,"template":"","format":"standard","meta":{"_monsterinsights_skip_tracking":false,"_monsterinsights_sitenote_active":false,"_monsterinsights_sitenote_note":"","_monsterinsights_sitenote_category":0,"footnotes":""},"categories":[6],"tags":[609,2666,118,402,82],"class_list":["post-21376800","post","type-post","status-publish","format-standard","hentry","category-institucional","tag-especializacion","tag-guitarra-clasica","tag-master","tag-musica","tag-postgrado"],"_links":{"self":[{"href":"https:\/\/www.upo.es\/diario\/wp-json\/wp\/v2\/posts\/21376800","targetHints":{"allow":["GET"]}}],"collection":[{"href":"https:\/\/www.upo.es\/diario\/wp-json\/wp\/v2\/posts"}],"about":[{"href":"https:\/\/www.upo.es\/diario\/wp-json\/wp\/v2\/types\/post"}],"author":[{"embeddable":true,"href":"https:\/\/www.upo.es\/diario\/wp-json\/wp\/v2\/users\/2"}],"replies":[{"embeddable":true,"href":"https:\/\/www.upo.es\/diario\/wp-json\/wp\/v2\/comments?post=21376800"}],"version-history":[{"count":1,"href":"https:\/\/www.upo.es\/diario\/wp-json\/wp\/v2\/posts\/21376800\/revisions"}],"predecessor-version":[{"id":21376802,"href":"https:\/\/www.upo.es\/diario\/wp-json\/wp\/v2\/posts\/21376800\/revisions\/21376802"}],"wp:attachment":[{"href":"https:\/\/www.upo.es\/diario\/wp-json\/wp\/v2\/media?parent=21376800"}],"wp:term":[{"taxonomy":"category","embeddable":true,"href":"https:\/\/www.upo.es\/diario\/wp-json\/wp\/v2\/categories?post=21376800"},{"taxonomy":"post_tag","embeddable":true,"href":"https:\/\/www.upo.es\/diario\/wp-json\/wp\/v2\/tags?post=21376800"}],"curies":[{"name":"wp","href":"https:\/\/api.w.org\/{rel}","templated":true}]}}