{"id":2138414,"date":"2013-11-29T10:09:25","date_gmt":"2013-11-29T10:09:25","guid":{"rendered":"https:\/\/www.upo.es\/diario\/?p=2138414"},"modified":"2013-11-29T13:44:31","modified_gmt":"2013-11-29T13:44:31","slug":"la-upo-acoge-el-encuentro-de-alcaldias-y-presidencias-de-entidades-locales-de-andalucia","status":"publish","type":"post","link":"https:\/\/www.upo.es\/diario\/institucional\/2013\/11\/la-upo-acoge-el-encuentro-de-alcaldias-y-presidencias-de-entidades-locales-de-andalucia\/","title":{"rendered":"La UPO acoge el Encuentro de Alcald\u00edas y  Presidencias de Entidades Locales de Andaluc\u00eda"},"content":{"rendered":"<figure id=\"attachment_2138415\" aria-describedby=\"caption-attachment-2138415\" style=\"width: 320px\" class=\"wp-caption alignright\"><a href=\"https:\/\/www.upo.es\/diario\/wp-content\/uploads\/2013\/11\/encuentroalcaldias1.jpg\"><img loading=\"lazy\" decoding=\"async\" class=\"size-medium wp-image-2138415\" alt=\"Inauguraci\u00f3n del Encuentro de Alcad\u00edas y Presidencias de Entidades Locales de Andaluc\u00eda\" src=\"https:\/\/www.upo.es\/diario\/wp-content\/uploads\/2013\/11\/encuentroalcaldias1-320x209.jpg\" width=\"320\" height=\"209\" srcset=\"https:\/\/www.upo.es\/diario\/wp-content\/uploads\/2013\/11\/encuentroalcaldias1-320x209.jpg 320w, https:\/\/www.upo.es\/diario\/wp-content\/uploads\/2013\/11\/encuentroalcaldias1-1024x669.jpg 1024w, https:\/\/www.upo.es\/diario\/wp-content\/uploads\/2013\/11\/encuentroalcaldias1-600x392.jpg 600w\" sizes=\"auto, (max-width: 320px) 100vw, 320px\" \/><\/a><figcaption id=\"caption-attachment-2138415\" class=\"wp-caption-text\">Inauguraci\u00f3n del Encuentro de Alcad\u00edas y Presidencias de Entidades Locales de Andaluc\u00eda<\/figcaption><\/figure>\n<p style=\"text-align: justify;\">Esta ma\u00f1ana se ha celebrado en la Universidad Pablo de Olavide el <b>\u201cEncuentro de Alcald\u00edas y Presidencias de Entidades Locales de Andaluc\u00eda: Democracia Local y Derechos Ciudadanos\u201d<\/b> organizado por la Consejer\u00eda de Administraci\u00f3n Local y Relaciones Institucionales. El acto ha sido inaugurado por el vicepresidente y consejero de Administraci\u00f3n Local y Relaciones Institucionales de la Junta de Andaluc\u00eda, Diego Valderas; el rector de la Universidad Pablo de Olavide, Vicente Guzm\u00e1n; el presidente de la Diputaci\u00f3n de Sevilla, Fernando Rodr\u00edguez; el director general de Administraci\u00f3n Local, Francisco Javier Camacho; y la coordinadora de la plataforma \u201cCompromiso Social\u201d, Nuria L\u00f3pez.<\/p>\n<p style=\"text-align: justify;\">\u00a0 El\u00a0\u201cProyecto de Ley de Racionalizaci\u00f3n y Sostenibilidad de la Administraci\u00f3n Local\u201d,\u00a0que se encuentra en un periodo muy avanzado de su tramitaci\u00f3n parlamentaria, supone un profundo cambio en el modelo de autonom\u00eda local y en los derechos de la ciudadan\u00eda de las entidades locales.<\/p>\n<p style=\"text-align: justify;\">La situaci\u00f3n actual hace que no pueda demorarse m\u00e1s la convocatoria de un Encuentro de Alcaldes y Alcaldesas de Andaluc\u00eda en el que catedr\u00e1ticos universitarios de acreditado prestigio acad\u00e9mico, informen y valoren el modelo local propuesto en la reforma planteada por el Gobierno de la Naci\u00f3n. Este encuentro, en el que han participado 200 alcaldes, ha sido concebido como una jornada de trabajo, en la que se ha facilitado que los asistentes expongan sus puntos de vista, sus inquietudes y sus propuestas de modelo local.<\/p>\n","protected":false},"excerpt":{"rendered":"<p>Esta ma\u00f1ana se ha celebrado en la Universidad Pablo de Olavide el \u201cEncuentro de Alcald\u00edas y Presidencias de Entidades Locales de Andaluc\u00eda: Democracia Local y Derechos Ciudadanos\u201d organizado por la Consejer\u00eda de Administraci\u00f3n Local y Relaciones Institucionales. El acto ha sido inaugurado por el vicepresidente y consejero de Administraci\u00f3n Local y Relaciones Institucionales de la Junta de Andaluc\u00eda, Diego Valderas; el rector de la Universidad Pablo de Olavide, Vicente Guzm\u00e1n; el presidente de la Diputaci\u00f3n de Sevilla, Fernando Rodr\u00edguez; el director general de Administraci\u00f3n Local, Francisco Javier Camacho; y la coordinadora de la plataforma \u201cCompromiso Social\u201d, Nuria L\u00f3pez.<\/p>\n","protected":false},"author":4,"featured_media":0,"comment_status":"closed","ping_status":"open","sticky":false,"template":"","format":"standard","meta":{"_monsterinsights_skip_tracking":false,"_monsterinsights_sitenote_active":false,"_monsterinsights_sitenote_note":"","_monsterinsights_sitenote_category":0,"footnotes":""},"categories":[6],"tags":[1022,821,38,1021],"class_list":["post-2138414","post","type-post","status-publish","format-standard","hentry","category-institucional","tag-democracia-local","tag-encuentro","tag-rector","tag-vicepresidencia"],"_links":{"self":[{"href":"https:\/\/www.upo.es\/diario\/wp-json\/wp\/v2\/posts\/2138414","targetHints":{"allow":["GET"]}}],"collection":[{"href":"https:\/\/www.upo.es\/diario\/wp-json\/wp\/v2\/posts"}],"about":[{"href":"https:\/\/www.upo.es\/diario\/wp-json\/wp\/v2\/types\/post"}],"author":[{"embeddable":true,"href":"https:\/\/www.upo.es\/diario\/wp-json\/wp\/v2\/users\/4"}],"replies":[{"embeddable":true,"href":"https:\/\/www.upo.es\/diario\/wp-json\/wp\/v2\/comments?post=2138414"}],"version-history":[{"count":3,"href":"https:\/\/www.upo.es\/diario\/wp-json\/wp\/v2\/posts\/2138414\/revisions"}],"predecessor-version":[{"id":2138775,"href":"https:\/\/www.upo.es\/diario\/wp-json\/wp\/v2\/posts\/2138414\/revisions\/2138775"}],"wp:attachment":[{"href":"https:\/\/www.upo.es\/diario\/wp-json\/wp\/v2\/media?parent=2138414"}],"wp:term":[{"taxonomy":"category","embeddable":true,"href":"https:\/\/www.upo.es\/diario\/wp-json\/wp\/v2\/categories?post=2138414"},{"taxonomy":"post_tag","embeddable":true,"href":"https:\/\/www.upo.es\/diario\/wp-json\/wp\/v2\/tags?post=2138414"}],"curies":[{"name":"wp","href":"https:\/\/api.w.org\/{rel}","templated":true}]}}