{"id":21402092,"date":"2017-06-26T00:46:39","date_gmt":"2017-06-26T00:46:39","guid":{"rendered":"https:\/\/www.upo.es\/diario\/?p=21402092"},"modified":"2017-06-27T07:15:03","modified_gmt":"2017-06-27T07:15:03","slug":"el-proximo-lunes-decima-y-ultima-sesion-del-ciclo-de-conferencias-nodo-atlantico-coredexpolycentricstates","status":"publish","type":"post","link":"https:\/\/www.upo.es\/diario\/institucional\/2017\/06\/el-proximo-lunes-decima-y-ultima-sesion-del-ciclo-de-conferencias-nodo-atlantico-coredexpolycentricstates\/","title":{"rendered":"D\u00e9cima y \u00faltima sesi\u00f3n del ciclo de conferencias \u2018Nodo Atl\u00e1ntico-Coredex\/Polycentricstates\u2019"},"content":{"rendered":"<p><a href=\"https:\/\/www.upo.es\/diario\/wp-content\/uploads\/2017\/02\/cicloHistoriaModerna.jpg\"><img loading=\"lazy\" decoding=\"async\" class=\"alignright size-medium wp-image-18528706\" alt=\"cicloHistoriaModerna\" src=\"https:\/\/www.upo.es\/diario\/wp-content\/uploads\/2017\/02\/cicloHistoriaModerna-320x195.jpg\" width=\"320\" height=\"195\" srcset=\"https:\/\/www.upo.es\/diario\/wp-content\/uploads\/2017\/02\/cicloHistoriaModerna-320x195.jpg 320w, https:\/\/www.upo.es\/diario\/wp-content\/uploads\/2017\/02\/cicloHistoriaModerna-600x366.jpg 600w\" sizes=\"auto, (max-width: 320px) 100vw, 320px\" \/><\/a>Hoy lunes 26 de junio, a las 16.00 horas en el seminario 2 del edificio 2 de la Universidad Pablo de Olavide, tendr\u00e1 lugar la d\u00e9cima y \u00faltima sesi\u00f3n del <b>ciclo de conferencias \u201cNodo Atl\u00e1ntico-Coredex\/Polycentricstates\u201d <\/b>organizado por el \u00c1rea de Historia Moderna de la UPO con la colaboraci\u00f3n de Universidad de Murcia y la Escuela de Estudios Hispano-Americanos. La entrada es libre hasta completar el aforo.<\/p>\n<p>En esta sesi\u00f3n participar\u00e1n <b>Ver\u00f3nica Salazar Baena<\/b>, de la Universidad de Santo Tom\u00e1s (Bogot\u00e1), con la conferencia \u201cLas pretensiones imperiales y los intereses locales en el Nuevo Reino de Granada. La pol\u00edtica vista a trav\u00e9s de las celebraciones mon\u00e1rquicas\u201d; \u00a0y <b>Karen Ivett Mej\u00eda Torres, <\/b>del Colegio de M\u00e9xico, con la ponencia \u201cJusticia y orden social: un r\u00e9gimen corporativo eclesi\u00e1stico en la villa de Toluca, 1698-1808\u201d.<\/p>\n<p>El objetivo de este ciclo de conferencias, que comenz\u00f3 en noviembre del a\u00f1o pasado y que finaliza con esta sesi\u00f3n, es discutir sobre m\u00e9todos y nuevas l\u00edneas de investigaci\u00f3n en el \u00e1mbito de la Historia Moderna desde una perspectiva interdisciplinar.<\/p>\n<p>El ciclo de conferencias \u201cNodo Atl\u00e1ntico-Coredex\/Polycentricstates\u201d est\u00e1 vinculado al <a href=\"https:\/\/www.upo.es\/postgrado\/Doctorado-Historia-y-Estudios-Humanisticos-Europa-America-Arte-y-Lenguas\">doctorado en Historia y Estudios Human\u00edsticos: Europa, Arte y Lenguas<\/a> de la UPO y al Nodo Atl\u00e1ntico de la red de Excelencia Columnaria-Coredex, as\u00ed como al proyecto Polycentricstates. Asimismo, cuenta con la financiaci\u00f3n del <a href=\"http:\/\/www.upo.es\/postgrado\/\">Centros de Estudios de Postgrado<\/a> de la UPO (CEDEP) y la colaboraci\u00f3n de la <a href=\"http:\/\/revistadehistoriaeufrates.blogspot.com.es\/\">revista \u00c9ufrates<\/a>, puesta en marcha por un grupo de egresados del grado de Geograf\u00eda e Historia de la UPO.<\/p>\n","protected":false},"excerpt":{"rendered":"<p>Hoy lunes 26 de junio, a las 16.00 horas en el seminario 2 del edificio 2 de la Universidad Pablo de Olavide, tendr\u00e1 lugar la d\u00e9cima y \u00faltima sesi\u00f3n del ciclo de conferencias \u201cNodo Atl\u00e1ntico-Coredex\/Polycentricstates\u201d organizado por el \u00c1rea de Historia Moderna de la UPO con la colaboraci\u00f3n de Universidad de Murcia y la Escuela de Estudios Hispano-Americanos. La entrada es libre hasta completar el aforo.<\/p>\n","protected":false},"author":2,"featured_media":0,"comment_status":"closed","ping_status":"open","sticky":false,"template":"","format":"standard","meta":{"_monsterinsights_skip_tracking":false,"_monsterinsights_sitenote_active":false,"_monsterinsights_sitenote_note":"","_monsterinsights_sitenote_category":0,"footnotes":""},"categories":[6],"tags":[1516,3203,1110,2577,1113,2672,2970,4023],"class_list":["post-21402092","post","type-post","status-publish","format-standard","hentry","category-institucional","tag-area-de-historia-moderna","tag-centro-de-estudios-de-postgrado","tag-ciclo-de-conferencias","tag-doctorado-en-historia-y-estudios-humanisticos","tag-eeha","tag-investigacion-historica","tag-nodo-atlantico","tag-revista-eufrates"],"_links":{"self":[{"href":"https:\/\/www.upo.es\/diario\/wp-json\/wp\/v2\/posts\/21402092","targetHints":{"allow":["GET"]}}],"collection":[{"href":"https:\/\/www.upo.es\/diario\/wp-json\/wp\/v2\/posts"}],"about":[{"href":"https:\/\/www.upo.es\/diario\/wp-json\/wp\/v2\/types\/post"}],"author":[{"embeddable":true,"href":"https:\/\/www.upo.es\/diario\/wp-json\/wp\/v2\/users\/2"}],"replies":[{"embeddable":true,"href":"https:\/\/www.upo.es\/diario\/wp-json\/wp\/v2\/comments?post=21402092"}],"version-history":[{"count":2,"href":"https:\/\/www.upo.es\/diario\/wp-json\/wp\/v2\/posts\/21402092\/revisions"}],"predecessor-version":[{"id":21404227,"href":"https:\/\/www.upo.es\/diario\/wp-json\/wp\/v2\/posts\/21402092\/revisions\/21404227"}],"wp:attachment":[{"href":"https:\/\/www.upo.es\/diario\/wp-json\/wp\/v2\/media?parent=21402092"}],"wp:term":[{"taxonomy":"category","embeddable":true,"href":"https:\/\/www.upo.es\/diario\/wp-json\/wp\/v2\/categories?post=21402092"},{"taxonomy":"post_tag","embeddable":true,"href":"https:\/\/www.upo.es\/diario\/wp-json\/wp\/v2\/tags?post=21402092"}],"curies":[{"name":"wp","href":"https:\/\/api.w.org\/{rel}","templated":true}]}}