{"id":21474166,"date":"2017-06-26T07:35:13","date_gmt":"2017-06-26T07:35:13","guid":{"rendered":"https:\/\/www.upo.es\/diario\/?p=21474166"},"modified":"2017-06-27T07:14:42","modified_gmt":"2017-06-27T07:14:42","slug":"mas-de-100-ninos-participan-desde-hoy-en-la-escuela-y-la-pequescuela-deportivas-de-verano-de-la-upo","status":"publish","type":"post","link":"https:\/\/www.upo.es\/diario\/institucional\/2017\/06\/mas-de-100-ninos-participan-desde-hoy-en-la-escuela-y-la-pequescuela-deportivas-de-verano-de-la-upo\/","title":{"rendered":"M\u00e1s de 100 ni\u00f1os participan en la Escuela y la Pequescuela Deportivas de Verano de la UPO"},"content":{"rendered":"<figure id=\"attachment_21483719\" aria-describedby=\"caption-attachment-21483719\" style=\"width: 320px\" class=\"wp-caption alignright\"><a href=\"https:\/\/www.upo.es\/diario\/wp-content\/uploads\/2017\/06\/Escuela-Verano-2017.jpg\"><img loading=\"lazy\" decoding=\"async\" class=\"size-medium wp-image-21483719\" alt=\"Este a\u00f1o la Escuela de Verano pretende as\u00ed fomentar entre los m\u00e1s peque\u00f1os la conciencia sobre el reciclaje a trav\u00e9s del deporte y de actividades culturales\" src=\"https:\/\/www.upo.es\/diario\/wp-content\/uploads\/2017\/06\/Escuela-Verano-2017-320x213.jpg\" width=\"320\" height=\"213\" srcset=\"https:\/\/www.upo.es\/diario\/wp-content\/uploads\/2017\/06\/Escuela-Verano-2017-320x213.jpg 320w, https:\/\/www.upo.es\/diario\/wp-content\/uploads\/2017\/06\/Escuela-Verano-2017-600x400.jpg 600w\" sizes=\"auto, (max-width: 320px) 100vw, 320px\" \/><\/a><figcaption id=\"caption-attachment-21483719\" class=\"wp-caption-text\">Este a\u00f1o la Escuela de Verano pretende fomentar entre los m\u00e1s peque\u00f1os la conciencia sobre el reciclaje a trav\u00e9s del deporte y de actividades culturales<\/figcaption><\/figure>\n<p>Esta ma\u00f1ana ha dado comienzo la XIII edici\u00f3n de la <b>Escuela Deportiva de Verano<\/b> y la V edici\u00f3n de la <b>Pequescuela <\/b>de la Universidad Pablo de Olavide, una actividad que cuenta con la participaci\u00f3n de un total de 112 ni\u00f1os de entre 3 y 12 a\u00f1os que, a lo largo de cinco semanas, participar\u00e1n en un completo programa de actividades deportivas y culturales dise\u00f1adas por el Servicio de Deportes de la UPO a trav\u00e9s de la Fundaci\u00f3n.<\/p>\n<p>La Universidad Pablo de Olavide pretende as\u00ed fomentar entre los m\u00e1s peque\u00f1os la conciencia sobre el reciclaje a trav\u00e9s del deporte y de actividades culturales, l\u00fadicas y creativas basadas en los juegos populares, al mismo tiempo que se contribuye a la conciliaci\u00f3n de la vida laboral y familiar de sus padres. La Escuela Deportiva de Verano, destinada a ni\u00f1os de entre 6 y 12 a\u00f1os, contar\u00e1 con la participaci\u00f3n de 80 ni\u00f1os, mientras que en la PequescuelaDeportiva de Verano participar\u00e1n un total de 32 ni\u00f1os con edades comprendidas entre los 3 y 6 a\u00f1os, siempre que no hayan comenzado a cursar Primaria. A su vez, los ni\u00f1os de la Pequescuela se dividen en dos grupos para adaptar mejor las actividades a su edad, mientras que la Escuela Deportiva contar\u00e1 con tres grupos: ni\u00f1os de primero y segundo de Primaria, de tercero y cuarto y por \u00faltimo, de quinto y sexto .<\/p>\n<p>Este a\u00f1o, la Escuela y la Pequescuela se presentan con la tem\u00e1tica de los juegos populares y el reciclaje y el objetivo es que los ni\u00f1os se diviertan y aprendan jugando con diferentes talleres en los que ellos mismo fabricar\u00e1n juguetes d\u00e1ndole as\u00ed una segunda vida a art\u00edculos que ya no tienen utilidad, todo ello en un marco ludomotriz y de potenciaci\u00f3n de valores educativos. Se tratar\u00e1 de favorecer un clima de afecto y confianza, fomentar actitudes socializadoras, de igualdad de oportunidades, promover el desarrollo de actitudes b\u00e1sicas de convivencia y transmitir el placer por el juego motor.<\/p>\n<p>Cada jornada se organizar\u00e1 para que los participantes puedan realizar\u00a0al menos una actividad deportiva y una o dos actividades a modo de taller, cine o complementar\u00eda, adaptadas a las edades e intereses de los ni\u00f1os y ni\u00f1as y en un contexto ludomotriz. Tambi\u00e9n dispondr\u00e1n de dos periodos de tiempo separados donde alternar\u00e1n\u00a0juegos libres\u00a0(elegido voluntariamente de entre una variedad de posibilidades) y\u00a0juegos dirigidos\u00a0por el t\u00e9cnico, focalizando en ellos los objetivos de la Escuela y Pequescuela.<\/p>\n<p>Tanto en la Escuela Deportiva de Verano como la Pequescuela participan los hijos de miembros de la Universidad Pablo de Olavide \u2013casi un 90 por ciento- y tambi\u00e9n hijos de vecinos del entorno, pues esta iniciativa del Servicio de Deportes (SDUPO) nace con la intenci\u00f3n de facilitar la conciliaci\u00f3n de vida laboral y familiar del personal de la Universidad y del entorno en este mes de vacaciones para los ni\u00f1os, y con el fin de que \u00e9stos se diviertan, se relacionen y adquieran h\u00e1bitos saludables de vida.<\/p>\n<p>Las actividades de la Escuela Deportiva y de la Pequescuela de Verano de la Universidad Pablo de Olavide se celebran de 9.00 a 14.00 de lunes a viernes, desde el 26 de junio al 28 de julio, dentro del campus universitario. Tambi\u00e9n hay un servicio de ludoteca de 8.00 a 9.00 horas y de 14.00 a 15.00 horas.<\/p>\n<p>En el desarrollo de las actividades participa el personal del Servicio de Deportes (T\u00e9cnicos Deportivos, Maestros y Licenciados en Educaci\u00f3n F\u00edsica y Deportes), as\u00ed como monitores espec\u00edficos con experiencia en actividades de tiempo libre, recreaci\u00f3n, animaci\u00f3n y ocio. Asimismo, se contar\u00e1 con un Diplomado universitario en Enfermer\u00eda que prestar\u00e1 la asistencia necesaria durante el periodo de celebraci\u00f3n de la XIII Escuela Deportiva y la V Pequescuela de Verano de la UPO.<\/p>\n<p>&nbsp;<\/p>\n","protected":false},"excerpt":{"rendered":"<p>Esta ma\u00f1ana ha dado comienzo la XIII edici\u00f3n de la Escuela Deportiva de Verano y la V edici\u00f3n de la Pequescuela de la Universidad Pablo de Olavide, una actividad que cuenta con la participaci\u00f3n de un total de 112 ni\u00f1os de entre 3 y 12 a\u00f1os que, a lo largo de cinco semanas, participar\u00e1n en un completo programa de actividades deportivas y culturales dise\u00f1adas por el Servicio de Deportes de la UPO a trav\u00e9s de la Fundaci\u00f3n. <\/p>\n","protected":false},"author":6,"featured_media":0,"comment_status":"closed","ping_status":"open","sticky":false,"template":"","format":"standard","meta":{"_monsterinsights_skip_tracking":false,"_monsterinsights_sitenote_active":false,"_monsterinsights_sitenote_note":"","_monsterinsights_sitenote_category":0,"footnotes":""},"categories":[6],"tags":[2178,721,503,2474,451,722,232],"class_list":["post-21474166","post","type-post","status-publish","format-standard","hentry","category-institucional","tag-conciliacion-familiar","tag-escuela-deportiva","tag-fundacion","tag-fundacion-universidad-pablo-de-olavide","tag-infancia","tag-pequescuela","tag-sdupo"],"_links":{"self":[{"href":"https:\/\/www.upo.es\/diario\/wp-json\/wp\/v2\/posts\/21474166","targetHints":{"allow":["GET"]}}],"collection":[{"href":"https:\/\/www.upo.es\/diario\/wp-json\/wp\/v2\/posts"}],"about":[{"href":"https:\/\/www.upo.es\/diario\/wp-json\/wp\/v2\/types\/post"}],"author":[{"embeddable":true,"href":"https:\/\/www.upo.es\/diario\/wp-json\/wp\/v2\/users\/6"}],"replies":[{"embeddable":true,"href":"https:\/\/www.upo.es\/diario\/wp-json\/wp\/v2\/comments?post=21474166"}],"version-history":[{"count":3,"href":"https:\/\/www.upo.es\/diario\/wp-json\/wp\/v2\/posts\/21474166\/revisions"}],"predecessor-version":[{"id":21483718,"href":"https:\/\/www.upo.es\/diario\/wp-json\/wp\/v2\/posts\/21474166\/revisions\/21483718"}],"wp:attachment":[{"href":"https:\/\/www.upo.es\/diario\/wp-json\/wp\/v2\/media?parent=21474166"}],"wp:term":[{"taxonomy":"category","embeddable":true,"href":"https:\/\/www.upo.es\/diario\/wp-json\/wp\/v2\/categories?post=21474166"},{"taxonomy":"post_tag","embeddable":true,"href":"https:\/\/www.upo.es\/diario\/wp-json\/wp\/v2\/tags?post=21474166"}],"curies":[{"name":"wp","href":"https:\/\/api.w.org\/{rel}","templated":true}]}}