{"id":21474449,"date":"2017-06-26T07:50:12","date_gmt":"2017-06-26T07:50:12","guid":{"rendered":"https:\/\/www.upo.es\/diario\/?p=21474449"},"modified":"2017-06-27T07:13:53","modified_gmt":"2017-06-27T07:13:53","slug":"la-sede-olavide-en-carmona-acoge-desde-hoy-la-celebracion-de-un-encuentro-sobre-pertenencia-religiosa","status":"publish","type":"post","link":"https:\/\/www.upo.es\/diario\/institucional\/2017\/06\/la-sede-olavide-en-carmona-acoge-desde-hoy-la-celebracion-de-un-encuentro-sobre-pertenencia-religiosa\/","title":{"rendered":"La sede Olavide en Carmona acoge la celebraci\u00f3n de un encuentro sobre pertenencia religiosa"},"content":{"rendered":"<p><a href=\"https:\/\/www.upo.es\/diario\/wp-content\/uploads\/2017\/06\/historia_pertenencia-religionsa-cartel.jpg\"><img loading=\"lazy\" decoding=\"async\" class=\"alignright size-medium wp-image-21475231\" alt=\"historia_pertenencia-religionsa-cartel\" src=\"https:\/\/www.upo.es\/diario\/wp-content\/uploads\/2017\/06\/historia_pertenencia-religionsa-cartel-227x320.jpg\" width=\"227\" height=\"320\" srcset=\"https:\/\/www.upo.es\/diario\/wp-content\/uploads\/2017\/06\/historia_pertenencia-religionsa-cartel-227x320.jpg 227w, https:\/\/www.upo.es\/diario\/wp-content\/uploads\/2017\/06\/historia_pertenencia-religionsa-cartel-427x600.jpg 427w, https:\/\/www.upo.es\/diario\/wp-content\/uploads\/2017\/06\/historia_pertenencia-religionsa-cartel-600x843.jpg 600w, https:\/\/www.upo.es\/diario\/wp-content\/uploads\/2017\/06\/historia_pertenencia-religionsa-cartel.jpg 854w\" sizes=\"auto, (max-width: 227px) 100vw, 227px\" \/><\/a>La sede de la Universidad Pablo de Olavide en Carmona \u2013Rectora Rosario Valpuesta, sita en la Casa palacio de los Briones (C\/ Ram\u00f3n y Cajal, 15) acoge desde hoy lunes y hasta el jueves 29 de junio la celebraci\u00f3n del taller <b>\u201c\u00bfC\u00f3mo trata la historia social la pertenencia religiosa? Un cuestionamiento interdisciplinar del Mediterr\u00e1neo al Oc\u00e9ano \u00cdndico (siglos XV-XX)\u201d<\/b>, cuyo tema clave es la importancia de la pertenencia religiosa para entender la historia social y pol\u00edtica, tanto de las sociedades pasadas como presentes.<\/p>\n<p>El encuentro, que ser\u00e1 inaugurado a las 15,30 horas por Michel Bertrand, director de la Casa de Vel\u00e1zquez en Madrid, acoger\u00e1 a estudiantes europeos de postgrado procedentes de universidades como las de Perpignan Via Domitia, la de Toulousse \u2013 Jean Jaur\u00e8s, la Scuola Normale Superiore di Pisa, la Clermont Auvergne, la Ecole pratique des hautes \u00e9tudes de Par\u00eds, la Universidad Pablo de Olavide, la de Granada o la de Barcelona, entre otras.<\/p>\n<p>El seminario est\u00e1 dirigido por Natividad Planas, de la Universit\u00e9 Clermont Auvergne; Thomas Glesener, de la Aix-Marseille Universit\u00e9, Claire Judde de Larivi\u00e8re e Igor P\u00e9rez Tostado, de la Universidad Pablo de Olavide, y permitir\u00e1 formar a j\u00f3venes investigadores en historia social que, en su trabajo, deben afrontar el problema de la pertenencia religiosa, para lo cual han de aprender a analizar y comprender este fen\u00f3meno.<\/p>\n<p>Seg\u00fan explica el profesor de la UPO Igor P\u00e9rez, \u201cesta es la cuarta edici\u00f3n de esta escuela de doctorado y la primera vez que se organiza en Espa\u00f1a. La casa de Vel\u00e1zquez en Madrid, socio habitual de la UPO en muchas \u00e1reas y eventos cient\u00edficos, viene potenciando activamente que sus actividades puedan desarrollarse fuera. Por patrimonio, instalaciones, acceso, oferta cultural y art\u00edstica, Carmona no tiene rival.<br \/>\nDesde el punto de vista cient\u00edfico, Olavide en Carmona es ideal para este tipo de escuela\u00a0 de doctorado donde lo que se pretende es un contacto muy intenso entre profesores y alumnos\u201d.<\/p>\n<p>Durante mucho tiempo, la historia religiosa ha constituido un cap\u00edtulo aparte en la historiograf\u00eda de las sociedades modernas y contempor\u00e1neas. Sin embargo, la cuesti\u00f3n de las pertenencias religiosas sigue siendo un elemento determinante en la historia social y pol\u00edtica, que conviene reconsiderar a la luz de los movimientos historiogr\u00e1ficos m\u00e1s recientes.<\/p>\n<p>En esta l\u00ednea, Igor P\u00e9rez se\u00f1ala que el objetivo de este taller ser\u00e1 reflexionar sobre el modo en que las Ciencias Sociales permiten plantear el estudio de las pertenencias religiosas, desde finales de la Edad Media hasta nuestros d\u00edas, comparando unos espacios geogr\u00e1ficos en ocasiones muy alejados y en contextos donde estas son h\u00edbridas y cambiantes. \u201cEste taller invita a investigadores de muy diversa procedencia a reflexionar juntos sobre qu\u00e9 hacen los actores cuando hablan de su pertenencia religiosa, de qu\u00e9 modo dichas acciones modelan las pertenencias sociales y c\u00f3mo podemos abordar su estudio. \u00c9ste es uno de los grandes retos de la historia social\u201d, concluye el profesor de la UPO.<\/p>\n","protected":false},"excerpt":{"rendered":"<p>La sede de la Universidad Pablo de Olavide en Carmona \u2013Rectora Rosario Valpuesta, sita en la Casa palacio de los Briones (C\/ Ram\u00f3n y Cajal, 15) acoge hasta el jueves 29 de junio la celebraci\u00f3n del taller \u201c\u00bfC\u00f3mo trata la historia social la pertenencia religiosa? Un cuestionamiento interdisciplinar del Mediterr\u00e1neo al Oc\u00e9ano \u00cdndico (siglos XV-XX)\u201d, cuyo tema clave es la importancia de la pertenencia religiosa para entender la historia social y pol\u00edtica, tanto de las sociedades pasadas como presentes.<\/p>\n","protected":false},"author":6,"featured_media":0,"comment_status":"closed","ping_status":"open","sticky":false,"template":"","format":"standard","meta":{"_monsterinsights_skip_tracking":false,"_monsterinsights_sitenote_active":false,"_monsterinsights_sitenote_note":"","_monsterinsights_sitenote_category":0,"footnotes":""},"categories":[6],"tags":[23,973,821,150,519,82,896,146,279],"class_list":["post-21474449","post","type-post","status-publish","format-standard","hentry","category-institucional","tag-carmona","tag-doctorado","tag-encuentro","tag-historia","tag-olavide-en-carmona","tag-postgrado","tag-religion","tag-sociedad","tag-taller"],"_links":{"self":[{"href":"https:\/\/www.upo.es\/diario\/wp-json\/wp\/v2\/posts\/21474449","targetHints":{"allow":["GET"]}}],"collection":[{"href":"https:\/\/www.upo.es\/diario\/wp-json\/wp\/v2\/posts"}],"about":[{"href":"https:\/\/www.upo.es\/diario\/wp-json\/wp\/v2\/types\/post"}],"author":[{"embeddable":true,"href":"https:\/\/www.upo.es\/diario\/wp-json\/wp\/v2\/users\/6"}],"replies":[{"embeddable":true,"href":"https:\/\/www.upo.es\/diario\/wp-json\/wp\/v2\/comments?post=21474449"}],"version-history":[{"count":2,"href":"https:\/\/www.upo.es\/diario\/wp-json\/wp\/v2\/posts\/21474449\/revisions"}],"predecessor-version":[{"id":21475232,"href":"https:\/\/www.upo.es\/diario\/wp-json\/wp\/v2\/posts\/21474449\/revisions\/21475232"}],"wp:attachment":[{"href":"https:\/\/www.upo.es\/diario\/wp-json\/wp\/v2\/media?parent=21474449"}],"wp:term":[{"taxonomy":"category","embeddable":true,"href":"https:\/\/www.upo.es\/diario\/wp-json\/wp\/v2\/categories?post=21474449"},{"taxonomy":"post_tag","embeddable":true,"href":"https:\/\/www.upo.es\/diario\/wp-json\/wp\/v2\/tags?post=21474449"}],"curies":[{"name":"wp","href":"https:\/\/api.w.org\/{rel}","templated":true}]}}