{"id":21476299,"date":"2017-06-26T00:12:58","date_gmt":"2017-06-25T22:12:58","guid":{"rendered":"https:\/\/www.upo.es\/diario\/?p=21476299"},"modified":"2020-10-27T16:39:42","modified_gmt":"2020-10-27T15:39:42","slug":"ceremonia-de-egresados-del-grado-en-nutricion-humana-y-dietetica","status":"publish","type":"post","link":"https:\/\/www.upo.es\/diario\/institucional\/2017\/06\/ceremonia-de-egresados-del-grado-en-nutricion-humana-y-dietetica\/","title":{"rendered":"Ceremonia de Egresados del Grado en Nutrici\u00f3n Humana y Diet\u00e9tica"},"content":{"rendered":"<figure id=\"attachment_21476300\" aria-describedby=\"caption-attachment-21476300\" style=\"width: 600px\" class=\"wp-caption aligncenter\"><a href=\"https:\/\/www.upo.es\/diario\/wp-content\/uploads\/2017\/06\/170623-UPO_359.jpg\"><img loading=\"lazy\" decoding=\"async\" class=\"size-large wp-image-21476300\" alt=\"Promoci\u00f3n 2013-2017 del Grado en Nutrici\u00f3n Humana y Diet\u00e9tica\" src=\"https:\/\/www.upo.es\/diario\/wp-content\/uploads\/2017\/06\/170623-UPO_359-600x400.jpg\" width=\"600\" height=\"400\" \/><\/a><figcaption id=\"caption-attachment-21476300\" class=\"wp-caption-text\">Promoci\u00f3n 2013-2017 del Grado en Nutrici\u00f3n Humana y Diet\u00e9tica<\/figcaption><\/figure>\n<p>La ceremonia de egresados de la promoci\u00f3n 2013-2017 del Grado en Nutrici\u00f3n Humana y Diet\u00e9tica se celebr\u00f3 el viernes 23 de junio en el Paraninfo de la Universidad Pablo de Olavide, presidida por el decano de la Facultad de Ciencias Experimentales, <b>Antonio Gallardo Correa<\/b>.<\/p>\n<p>El padrino de la promoci\u00f3n fue el nutricionista-dietista por la Universidad de Alicante <b>Aitor S\u00e1nchez Garc\u00eda<\/b>. A la ceremonia tambi\u00e9n asistieron <b>Javier Garc\u00eda Pereda <\/b>como invitado de honor, profesor del \u00c1rea de Nutrici\u00f3n y Bromatolog\u00eda de la Facultad de Ciencias Experimentales de la Universidad Pablo de Olavide; <b>Isabel Cerillo Garc\u00eda<\/b>, directora acad\u00e9mica del Grado en Nutrici\u00f3n Humana y Diet\u00e9tica; y <b>Soledad Fern\u00e1ndez Pach\u00f3n<\/b>, responsable del \u00c1rea del Nutrici\u00f3n y Bromatolog\u00eda.<\/p>\n<figure id=\"attachment_21476301\" aria-describedby=\"caption-attachment-21476301\" style=\"width: 320px\" class=\"wp-caption alignright\"><a href=\"https:\/\/www.upo.es\/diario\/wp-content\/uploads\/2017\/06\/170623-UPO_326.jpg\"><img loading=\"lazy\" decoding=\"async\" class=\"size-medium wp-image-21476301\" alt=\"Alejandro Torres y Fabiola Rodr\u00edguez fueron los alumnos que pronunciaron los discursos\" src=\"https:\/\/www.upo.es\/diario\/wp-content\/uploads\/2017\/06\/170623-UPO_326-320x213.jpg\" width=\"320\" height=\"213\" \/><\/a><figcaption id=\"caption-attachment-21476301\" class=\"wp-caption-text\">Alejandro Torres y Fabiola Rodr\u00edguez fueron los alumnos que pronunciaron los discursos<\/figcaption><\/figure>\n<p>Un total de 57 egresados y egresadas asistieron, junto a sus familiares, a este acto con el que la Universidad Pablo de Olavide recupera una antigua tradici\u00f3n de las universidades europeas.<\/p>\n","protected":false},"excerpt":{"rendered":"<p>La ceremonia de egresados de la promoci\u00f3n 2013-2017 del Grado en Nutrici\u00f3n Humana y Diet\u00e9tica se celebr\u00f3 el viernes 23 de junio en el Paraninfo de la Universidad Pablo de Olavide, presidida por el decano de la Facultad de Ciencias Experimentales, Antonio Gallardo Correa.<\/p>\n","protected":false},"author":14,"featured_media":0,"comment_status":"closed","ping_status":"open","sticky":false,"template":"","format":"standard","meta":{"_monsterinsights_skip_tracking":false,"_monsterinsights_sitenote_active":false,"_monsterinsights_sitenote_note":"","_monsterinsights_sitenote_category":0,"footnotes":""},"categories":[6],"tags":[1635,581,122,4176,1456],"class_list":["post-21476299","post","type-post","status-publish","format-standard","hentry","category-institucional","tag-antonio-gallardo-correa","tag-ceremonia-de-egresados","tag-facultad-ciencias-experimentales","tag-fin-de-grado","tag-grado-en-nutricion-humana-y-dietetica"],"_links":{"self":[{"href":"https:\/\/www.upo.es\/diario\/wp-json\/wp\/v2\/posts\/21476299","targetHints":{"allow":["GET"]}}],"collection":[{"href":"https:\/\/www.upo.es\/diario\/wp-json\/wp\/v2\/posts"}],"about":[{"href":"https:\/\/www.upo.es\/diario\/wp-json\/wp\/v2\/types\/post"}],"author":[{"embeddable":true,"href":"https:\/\/www.upo.es\/diario\/wp-json\/wp\/v2\/users\/14"}],"replies":[{"embeddable":true,"href":"https:\/\/www.upo.es\/diario\/wp-json\/wp\/v2\/comments?post=21476299"}],"version-history":[{"count":1,"href":"https:\/\/www.upo.es\/diario\/wp-json\/wp\/v2\/posts\/21476299\/revisions"}],"predecessor-version":[{"id":21479498,"href":"https:\/\/www.upo.es\/diario\/wp-json\/wp\/v2\/posts\/21476299\/revisions\/21479498"}],"wp:attachment":[{"href":"https:\/\/www.upo.es\/diario\/wp-json\/wp\/v2\/media?parent=21476299"}],"wp:term":[{"taxonomy":"category","embeddable":true,"href":"https:\/\/www.upo.es\/diario\/wp-json\/wp\/v2\/categories?post=21476299"},{"taxonomy":"post_tag","embeddable":true,"href":"https:\/\/www.upo.es\/diario\/wp-json\/wp\/v2\/tags?post=21476299"}],"curies":[{"name":"wp","href":"https:\/\/api.w.org\/{rel}","templated":true}]}}