{"id":21503796,"date":"2017-06-28T00:39:03","date_gmt":"2017-06-28T00:39:03","guid":{"rendered":"https:\/\/www.upo.es\/diario\/?p=21503796"},"modified":"2017-06-29T07:14:02","modified_gmt":"2017-06-29T07:14:02","slug":"expertos-abordan-desde-manana-la-relacion-entre-migracion-y-patrimonio-cultural-en-un-seminario","status":"publish","type":"post","link":"https:\/\/www.upo.es\/diario\/cultura\/2017\/06\/expertos-abordan-desde-manana-la-relacion-entre-migracion-y-patrimonio-cultural-en-un-seminario\/","title":{"rendered":"Expertos abordan la relaci\u00f3n entre migraci\u00f3n y patrimonio cultural en un seminario"},"content":{"rendered":"<p><a href=\"https:\/\/www.upo.es\/diario\/wp-content\/uploads\/2017\/06\/smigracionypatrimonio.jpg\"><img loading=\"lazy\" decoding=\"async\" class=\"alignright size-medium wp-image-21503797\" alt=\"Microsoft Word - Migraci\u00f3n_Cultura_Autores.docx\" src=\"https:\/\/www.upo.es\/diario\/wp-content\/uploads\/2017\/06\/smigracionypatrimonio-320x245.jpg\" width=\"320\" height=\"245\" srcset=\"https:\/\/www.upo.es\/diario\/wp-content\/uploads\/2017\/06\/smigracionypatrimonio-320x245.jpg 320w, https:\/\/www.upo.es\/diario\/wp-content\/uploads\/2017\/06\/smigracionypatrimonio-600x460.jpg 600w\" sizes=\"auto, (max-width: 320px) 100vw, 320px\" \/><\/a>Sevilla acoge desde hoy mi\u00e9rcoles d\u00eda 28 hasta el viernes 30 de junio el <b><a href=\"https:\/\/www.upo.es\/historia_arte\/export\/sites\/historia_arte\/Actividades\/Seminarios\/Seminario_Migracion_Patrimonio_Cultural_2017\/Seminario_Migracion_y_Patrimonio_Cultural_2017.pdf\">seminario internacional \u201cCon la casa a cuestas, adonde los pies me lleven\u201d<\/a><\/b>, en el que expertos abordar\u00e1n la relaci\u00f3n entre migraci\u00f3n y patrimonio cultural.<\/p>\n<p>Este encuentro se enmarca en el <b>Proyecto Caracol<\/b>, promovido por el \u00c1rea de Historia del Arte de la Facultad de Humanidades de la Universidad Pablo de Olavide y el Colegio de Historia, de la Facultad de Filosof\u00eda y Letras de la Benem\u00e9rita Universidad Aut\u00f3noma de Puebla (M\u00e9xico), con el apoyo de la Universidad Nacional Aut\u00f3noma de M\u00e9xico, sede Los \u00c1ngeles. El objetivo de este proyecto es reconocer y reivindicar el aporte de la migraci\u00f3n como enriquecedora de la cultura. Como explica Fernando Quiles, profesor de la UPO y coordinador del proyecto, \u201cla migraci\u00f3n es un fen\u00f3meno social con notables efectos econ\u00f3micos y pol\u00edticos, y tambi\u00e9n con un extraordinario impacto cultural\u201d.<\/p>\n<p>As\u00ed, el seminario se articula en torno a una serie de ponencias en las que se abordar\u00e1n temas como el mestizaje o fusi\u00f3n cultural, las culturas viajeras, migraci\u00f3n y expresiones art\u00edsticas, migraci\u00f3n y educaci\u00f3n, entre otros. Adem\u00e1s, los migrantes tendr\u00e1n voz propia y se les dedicar\u00e1 un espacio en actividades paralelas. Se ha dise\u00f1ado una fiesta migrante en la que representantes de las comunidades latinas arraigadas en la ciudad de Sevilla compartir\u00e1n experiencias y testimonios de vida con los asistentes.<\/p>\n<p>El encuentro tambi\u00e9n contar\u00e1 con una exposici\u00f3n fotogr\u00e1fica que mostrar\u00e1 el aporte cultural de los migrantes al lugar de acogida, principalmente en relaci\u00f3n con ciudades de Estados Unidos. Los artistas visuales mostrar\u00e1n en sus instant\u00e1neas las formas de apropiaci\u00f3n de esos espacios receptores.<\/p>\n<p>El seminario internacional \u201cCon la casa a cuestas, adonde los pies me lleven\u201d comenzar\u00e1 hoy mi\u00e9rcoles 28 de junio, a las 9:30 horas, en la Fundaci\u00f3n Valent\u00edn de Madariaga, con la conferencia \u201cEl tercer espacio. Las culturas de los inmigrantes latinoamericanos y sus lugares en la ciudad de Sevilla\u201d, a cargo de \u00a0Francisco Jos\u00e9 Cuberos Gallardo investigador del Centro de Investiga\u00e7\u00e3o e Estudos de Sociologia &#8211; Instituto Universit\u00e1rio de Lisboa. El jueves 29 y el viernes 30 de junio el seminario se trasladar\u00e1 a la Casa de la Provincia.<\/p>\n<p>El Proyecto Caracol continuar\u00e1 en Puebla, M\u00e9xico, con la celebraci\u00f3n de otro seminario del 8 al 10 de noviembre. Entre otras actividades, se celebrar\u00e1 una muestra de artesan\u00edas de Puebla y de Andaluc\u00eda as\u00ed como un encuentro para compartir saberes culinarios de Espa\u00f1a y M\u00e9xico.<\/p>\n<p><b><span style=\"text-decoration: underline;\"><a href=\"https:\/\/www.upo.es\/historia_arte\/export\/sites\/historia_arte\/Actividades\/Seminarios\/Seminario_Migracion_Patrimonio_Cultural_2017\/Seminario_Migracion_y_Patrimonio_Cultural_2017.pdf\">Programa seminario internacional \u201cCon la casa a cuestas, adonde los pies me lleven\u201d<\/a><\/span><\/b><\/p>\n<p>&nbsp;<\/p>\n","protected":false},"excerpt":{"rendered":"<p>Sevilla acoge hasta el viernes 30 de junio el seminario internacional \u201cCon la casa a cuestas, adonde los pies me lleven\u201d, en el que expertos abordan la relaci\u00f3n entre migraci\u00f3n y patrimonio cultural. Este encuentro se enmarca en el Proyecto Caracol, promovido con el objetivo de reconocer y reivindicar el aporte de la migraci\u00f3n como enriquecedora de la cultura. Como explica Fernando Quiles, profesor de la UPO y coordinador del proyecto, \u201cla migraci\u00f3n es un fen\u00f3meno social con notables efectos econ\u00f3micos y pol\u00edticos, y tambi\u00e9n con un extraordinario impacto cultural\u201d.<\/p>\n","protected":false},"author":2,"featured_media":0,"comment_status":"closed","ping_status":"open","sticky":false,"template":"","format":"standard","meta":{"_monsterinsights_skip_tracking":false,"_monsterinsights_sitenote_active":false,"_monsterinsights_sitenote_note":"","_monsterinsights_sitenote_category":0,"footnotes":""},"categories":[7],"tags":[2555,1284,1161,78,161],"class_list":["post-21503796","post","type-post","status-publish","format-standard","hentry","category-cultura","tag-latinoamerica","tag-migracion","tag-patrimonio-cultural","tag-seminario","tag-sevilla"],"_links":{"self":[{"href":"https:\/\/www.upo.es\/diario\/wp-json\/wp\/v2\/posts\/21503796","targetHints":{"allow":["GET"]}}],"collection":[{"href":"https:\/\/www.upo.es\/diario\/wp-json\/wp\/v2\/posts"}],"about":[{"href":"https:\/\/www.upo.es\/diario\/wp-json\/wp\/v2\/types\/post"}],"author":[{"embeddable":true,"href":"https:\/\/www.upo.es\/diario\/wp-json\/wp\/v2\/users\/2"}],"replies":[{"embeddable":true,"href":"https:\/\/www.upo.es\/diario\/wp-json\/wp\/v2\/comments?post=21503796"}],"version-history":[{"count":4,"href":"https:\/\/www.upo.es\/diario\/wp-json\/wp\/v2\/posts\/21503796\/revisions"}],"predecessor-version":[{"id":21532423,"href":"https:\/\/www.upo.es\/diario\/wp-json\/wp\/v2\/posts\/21503796\/revisions\/21532423"}],"wp:attachment":[{"href":"https:\/\/www.upo.es\/diario\/wp-json\/wp\/v2\/media?parent=21503796"}],"wp:term":[{"taxonomy":"category","embeddable":true,"href":"https:\/\/www.upo.es\/diario\/wp-json\/wp\/v2\/categories?post=21503796"},{"taxonomy":"post_tag","embeddable":true,"href":"https:\/\/www.upo.es\/diario\/wp-json\/wp\/v2\/tags?post=21503796"}],"curies":[{"name":"wp","href":"https:\/\/api.w.org\/{rel}","templated":true}]}}