{"id":21582168,"date":"2017-06-30T11:09:25","date_gmt":"2017-06-30T09:09:25","guid":{"rendered":"https:\/\/www.upo.es\/diario\/?p=21582168"},"modified":"2020-10-27T16:40:15","modified_gmt":"2020-10-27T15:40:15","slug":"ceremonia-de-egresados-del-grado-en-sociologia-y-del-doble-grado-con-ciencias-politicas-y-de-la-administracion","status":"publish","type":"post","link":"https:\/\/www.upo.es\/diario\/institucional\/2017\/06\/ceremonia-de-egresados-del-grado-en-sociologia-y-del-doble-grado-con-ciencias-politicas-y-de-la-administracion\/","title":{"rendered":"Ceremonia de Egresados del Grado en Sociolog\u00eda y del Doble Grado con Ciencias Pol\u00edticas y de la Administraci\u00f3n"},"content":{"rendered":"<figure id=\"attachment_21582169\" aria-describedby=\"caption-attachment-21582169\" style=\"width: 600px\" class=\"wp-caption aligncenter\"><a href=\"https:\/\/www.upo.es\/diario\/wp-content\/uploads\/2017\/06\/170629-UPO_285-7.jpg\"><img loading=\"lazy\" decoding=\"async\" class=\"size-large wp-image-21582169\" alt=\"Promociones 2013-2017 en Sociolog\u00eda y 2012-2017 con Ciencias Pol\u00edticas\" src=\"https:\/\/www.upo.es\/diario\/wp-content\/uploads\/2017\/06\/170629-UPO_285-7-600x400.jpg\" width=\"600\" height=\"400\" \/><\/a><figcaption id=\"caption-attachment-21582169\" class=\"wp-caption-text\">Promociones 2013-2017 en Sociolog\u00eda y 2012-2017 con Ciencias Pol\u00edticas<\/figcaption><\/figure>\n<p>Las ceremonias de egresados de la promoci\u00f3n 2013-2017 del Grado en Sociolog\u00eda y de la promoci\u00f3n 2012-2017 del Doble Grado en Sociolog\u00eda y Ciencias Pol\u00edticas y de la Administraci\u00f3n se celebraron ayer jueves en el Paraninfo de la Universidad Pablo de Olavide, presididas por la decana de la Facultad de Derecho, <b>Mar\u00eda Serrano Fern\u00e1ndez<\/b>, y la decana de la Facultad de Ciencias Sociales, <b>Rosa Mar\u00eda D\u00edaz Jim\u00e9nez<\/b>.<\/p>\n<p>El padrino de las promociones fue <b>Isidoro Moreno Navarro<\/b>, catedr\u00e1tico de Antropolog\u00eda y profesor em\u00e9rito de la Universidad de Sevilla. A las ceremonias tambi\u00e9n asistieron como invitados de honor el profesor del \u00c1rea de Sociolog\u00eda de la Universidad Pablo de Olavide, <b>Manuel Jim\u00e9nez S\u00e1nchez<\/b>,y el profesor del \u00c1rea de Ciencias Pol\u00edticas y de la Administraci\u00f3n, <b>Juan Alfonso Yerga Cobos<\/b>; y la vicedecana de Ordenaci\u00f3n Acad\u00e9mica de la Facultad de Ciencias Sociales, <b>Mar\u00eda \u00c1ngeles Huete Garc\u00eda<\/b>.<\/p>\n<figure id=\"attachment_21582170\" aria-describedby=\"caption-attachment-21582170\" style=\"width: 320px\" class=\"wp-caption alignright\"><a href=\"https:\/\/www.upo.es\/diario\/wp-content\/uploads\/2017\/06\/170629-UPO_100-2.jpg\"><img loading=\"lazy\" decoding=\"async\" class=\"size-medium wp-image-21582170\" alt=\"Mesa presidencial de la ceremonia de egresados\" src=\"https:\/\/www.upo.es\/diario\/wp-content\/uploads\/2017\/06\/170629-UPO_100-2-320x213.jpg\" width=\"320\" height=\"213\" \/><\/a><figcaption id=\"caption-attachment-21582170\" class=\"wp-caption-text\">Mesa presidencial de la ceremonia de egresados<\/figcaption><\/figure>\n<p>Un total de 45 egresados y egresadas -33 del Grado en Sociolog\u00eda y 12 del Doble Grado en Sociolog\u00eda y Ciencias Pol\u00edticas y de la Administraci\u00f3n- asistieron, junto a sus familiares, a este acto con el que la Universidad Pablo de Olavide recupera una antigua tradici\u00f3n de las universidades europeas.<\/p>\n","protected":false},"excerpt":{"rendered":"<p>Las ceremonias de egresados de la promoci\u00f3n 2013-2017 del Grado en Sociolog\u00eda y de la promoci\u00f3n 2012-2017 del Doble Grado en Sociolog\u00eda y Ciencias Pol\u00edticas y de la Administraci\u00f3n se celebraron ayer jueves en el Paraninfo de la Universidad Pablo de Olavide, presididas por la decana de la Facultad de Derecho, Mar\u00eda Serrano Fern\u00e1ndez, y la decana de la Facultad de Ciencias Sociales, Rosa Mar\u00eda D\u00edaz Jim\u00e9nez.<\/p>\n","protected":false},"author":14,"featured_media":0,"comment_status":"closed","ping_status":"open","sticky":false,"template":"","format":"standard","meta":{"_monsterinsights_skip_tracking":false,"_monsterinsights_sitenote_active":false,"_monsterinsights_sitenote_note":"","_monsterinsights_sitenote_category":0,"footnotes":""},"categories":[6],"tags":[581,2462,487,81,2461,4194],"class_list":["post-21582168","post","type-post","status-publish","format-standard","hentry","category-institucional","tag-ceremonia-de-egresados","tag-doble-grado-en-sociologia-y-ciencias-politicas","tag-facultad-ciencias-sociales","tag-facultad-de-derecho","tag-grado-en-sociologia","tag-isidoro-moreno-navarro"],"_links":{"self":[{"href":"https:\/\/www.upo.es\/diario\/wp-json\/wp\/v2\/posts\/21582168","targetHints":{"allow":["GET"]}}],"collection":[{"href":"https:\/\/www.upo.es\/diario\/wp-json\/wp\/v2\/posts"}],"about":[{"href":"https:\/\/www.upo.es\/diario\/wp-json\/wp\/v2\/types\/post"}],"author":[{"embeddable":true,"href":"https:\/\/www.upo.es\/diario\/wp-json\/wp\/v2\/users\/14"}],"replies":[{"embeddable":true,"href":"https:\/\/www.upo.es\/diario\/wp-json\/wp\/v2\/comments?post=21582168"}],"version-history":[{"count":1,"href":"https:\/\/www.upo.es\/diario\/wp-json\/wp\/v2\/posts\/21582168\/revisions"}],"predecessor-version":[{"id":30862912,"href":"https:\/\/www.upo.es\/diario\/wp-json\/wp\/v2\/posts\/21582168\/revisions\/30862912"}],"wp:attachment":[{"href":"https:\/\/www.upo.es\/diario\/wp-json\/wp\/v2\/media?parent=21582168"}],"wp:term":[{"taxonomy":"category","embeddable":true,"href":"https:\/\/www.upo.es\/diario\/wp-json\/wp\/v2\/categories?post=21582168"},{"taxonomy":"post_tag","embeddable":true,"href":"https:\/\/www.upo.es\/diario\/wp-json\/wp\/v2\/tags?post=21582168"}],"curies":[{"name":"wp","href":"https:\/\/api.w.org\/{rel}","templated":true}]}}