{"id":21705737,"date":"2017-07-05T07:56:04","date_gmt":"2017-07-05T05:56:04","guid":{"rendered":"https:\/\/www.upo.es\/diario\/?p=21705737"},"modified":"2020-10-27T16:40:28","modified_gmt":"2020-10-27T15:40:28","slug":"ceremonia-de-egresados-del-grado-en-ingenieria-informatica-en-sistemas-de-informacion","status":"publish","type":"post","link":"https:\/\/www.upo.es\/diario\/institucional\/2017\/07\/ceremonia-de-egresados-del-grado-en-ingenieria-informatica-en-sistemas-de-informacion\/","title":{"rendered":"Ceremonia de Egresados del Grado en Ingenier\u00eda Inform\u00e1tica en Sistemas de Informaci\u00f3n"},"content":{"rendered":"<figure id=\"attachment_21705738\" aria-describedby=\"caption-attachment-21705738\" style=\"width: 600px\" class=\"wp-caption aligncenter\"><a href=\"https:\/\/www.upo.es\/diario\/wp-content\/uploads\/2017\/07\/DSC7841.jpg\"><img loading=\"lazy\" decoding=\"async\" class=\"size-large wp-image-21705738\" alt=\"Promoci\u00f3n 2013-2017 del Grado en Ingenier\u00eda Inform\u00e1tica en Sistemas de Informaci\u00f3n\" src=\"https:\/\/www.upo.es\/diario\/wp-content\/uploads\/2017\/07\/DSC7841-600x391.jpg\" width=\"600\" height=\"391\" \/><\/a><figcaption id=\"caption-attachment-21705738\" class=\"wp-caption-text\">Promoci\u00f3n 2013-2017 del Grado en Ingenier\u00eda Inform\u00e1tica en Sistemas de Informaci\u00f3n<\/figcaption><\/figure>\n<p>La ceremonia de egresados de la promoci\u00f3n 2013-2017 del Grado en Ingenier\u00eda Inform\u00e1tica en Sistemas de Informaci\u00f3n se celebr\u00f3 el viernes 30 de junio en el Paraninfo de la Universidad Pablo de Olavide, presidida por el director de la Escuela Polit\u00e9cnica Superior, <b>Norberto D\u00edaz D\u00edaz<\/b>.<\/p>\n<p>El padrino de la promoci\u00f3n fue <b>Jonathan Chac\u00f3n Barbero<\/b>, profesor de la Universidad de La Rioja, comisionado para la accesibilidad y usabilidad de las tecnolog\u00edas en el Colegio Oficial de Ingenier\u00eda Inform\u00e1tica de Catalu\u00f1a y actualmente responsable de accesibilidad y experiencia de usuario en la startup <i>Tech4Freedomy<\/i>. A la ceremonia tambi\u00e9n asistieron <b>Pedro Espina Mart\u00ednez<\/b>, decano del Colegio Profesional de Ingenier\u00eda Inform\u00e1tica de Andaluc\u00eda;<b> \u00c1ngel Francisco Tenorio Villal\u00f3n<\/b>, secretario de la Escuela Polit\u00e9cnica Superior de la Universidad Pablo de Olavide; y <b>Domingo Savio Rodr\u00edguez Baena<\/b>, director acad\u00e9mico del Grado en Ingenier\u00eda Inform\u00e1tica en Sistemas de Informaci\u00f3n.<\/p>\n<figure id=\"attachment_21705739\" aria-describedby=\"caption-attachment-21705739\" style=\"width: 320px\" class=\"wp-caption alignright\"><a href=\"https:\/\/www.upo.es\/diario\/wp-content\/uploads\/2017\/07\/DSC7810.jpg\"><img loading=\"lazy\" decoding=\"async\" class=\"size-medium wp-image-21705739\" alt=\"Ceremonia de egresados en el Paraninfo de la UPO\" src=\"https:\/\/www.upo.es\/diario\/wp-content\/uploads\/2017\/07\/DSC7810-320x208.jpg\" width=\"320\" height=\"208\" \/><\/a><figcaption id=\"caption-attachment-21705739\" class=\"wp-caption-text\">Ceremonia de egresados en el Paraninfo de la UPO<\/figcaption><\/figure>\n<p>Un total de 20 egresados y egresadas asistieron, junto a sus familiares, a este acto con el que la Universidad Pablo de Olavide recupera una antigua tradici\u00f3n de las universidades europeas.<\/p>\n","protected":false},"excerpt":{"rendered":"<p>La ceremonia de egresados de la promoci\u00f3n 2013-2017 del Grado en Ingenier\u00eda Inform\u00e1tica en Sistemas de Informaci\u00f3n se celebr\u00f3 el viernes 30 de junio en el Paraninfo de la Universidad Pablo de Olavide, presidida por el director de la Escuela Polit\u00e9cnica Superior, Norberto D\u00edaz D\u00edaz.<\/p>\n","protected":false},"author":14,"featured_media":0,"comment_status":"closed","ping_status":"open","sticky":false,"template":"","format":"standard","meta":{"_monsterinsights_skip_tracking":false,"_monsterinsights_sitenote_active":false,"_monsterinsights_sitenote_note":"","_monsterinsights_sitenote_category":0,"footnotes":""},"categories":[6],"tags":[581,152,2479,4216],"class_list":["post-21705737","post","type-post","status-publish","format-standard","hentry","category-institucional","tag-ceremonia-de-egresados","tag-escuela-politecnica-superior","tag-grado-en-ingenieria-informatica-en-sistemas-de-informacion","tag-jonathan-chacon"],"_links":{"self":[{"href":"https:\/\/www.upo.es\/diario\/wp-json\/wp\/v2\/posts\/21705737","targetHints":{"allow":["GET"]}}],"collection":[{"href":"https:\/\/www.upo.es\/diario\/wp-json\/wp\/v2\/posts"}],"about":[{"href":"https:\/\/www.upo.es\/diario\/wp-json\/wp\/v2\/types\/post"}],"author":[{"embeddable":true,"href":"https:\/\/www.upo.es\/diario\/wp-json\/wp\/v2\/users\/14"}],"replies":[{"embeddable":true,"href":"https:\/\/www.upo.es\/diario\/wp-json\/wp\/v2\/comments?post=21705737"}],"version-history":[{"count":1,"href":"https:\/\/www.upo.es\/diario\/wp-json\/wp\/v2\/posts\/21705737\/revisions"}],"predecessor-version":[{"id":30862911,"href":"https:\/\/www.upo.es\/diario\/wp-json\/wp\/v2\/posts\/21705737\/revisions\/30862911"}],"wp:attachment":[{"href":"https:\/\/www.upo.es\/diario\/wp-json\/wp\/v2\/media?parent=21705737"}],"wp:term":[{"taxonomy":"category","embeddable":true,"href":"https:\/\/www.upo.es\/diario\/wp-json\/wp\/v2\/categories?post=21705737"},{"taxonomy":"post_tag","embeddable":true,"href":"https:\/\/www.upo.es\/diario\/wp-json\/wp\/v2\/tags?post=21705737"}],"curies":[{"name":"wp","href":"https:\/\/api.w.org\/{rel}","templated":true}]}}