{"id":21708963,"date":"2017-07-05T11:40:24","date_gmt":"2017-07-05T09:40:24","guid":{"rendered":"https:\/\/www.upo.es\/diario\/?p=21708963"},"modified":"2020-10-27T16:40:38","modified_gmt":"2020-10-27T15:40:38","slug":"fernandez-vara-el-futuro-del-psoe-depende-de-nuestra-capacidad-de-hacer-las-cosas-bien-y-ser-coherentes","status":"publish","type":"post","link":"https:\/\/www.upo.es\/diario\/cursos-verano\/2017\/07\/fernandez-vara-el-futuro-del-psoe-depende-de-nuestra-capacidad-de-hacer-las-cosas-bien-y-ser-coherentes\/","title":{"rendered":"Fern\u00e1ndez Vara: \u201cEl futuro del PSOE depende de nuestra capacidad de hacer las cosas bien y ser coherentes\u201d"},"content":{"rendered":"<figure id=\"attachment_21708964\" aria-describedby=\"caption-attachment-21708964\" style=\"width: 320px\" class=\"wp-caption alignright\"><a href=\"https:\/\/www.upo.es\/diario\/wp-content\/uploads\/2017\/07\/FernandezVara.jpg\"><img loading=\"lazy\" decoding=\"async\" class=\"size-medium wp-image-21708964\" alt=\"Guillermo Fern\u00e1ndez Vara\" src=\"https:\/\/www.upo.es\/diario\/wp-content\/uploads\/2017\/07\/FernandezVara-320x236.jpg\" width=\"320\" height=\"236\" \/><\/a><figcaption id=\"caption-attachment-21708964\" class=\"wp-caption-text\">Guillermo Fern\u00e1ndez Vara<\/figcaption><\/figure>\n<p>El presidente de la Junta de Extremadura, Guillermo Fern\u00e1ndez Vara, ha declarado que existe un mapa pol\u00edtico nuevo a nivel nacional que todav\u00eda se est\u00e1 reajustando \u201cy tenemos por delante seguir siendo un partido que de verdad pueda llegar al coraz\u00f3n de mucha gente y ser de mayor\u00edas. Pero estamos en pleno posicionamiento y reposicionamiento. El futuro del PSOE va a depender de muchos factores, entre otras cosas de nuestra capacidad de hacer las cosas bien y ser coherentes\u201d.<\/p>\n<p>Asimismo, ha manifestado que el papel que el PSOE tiene que jugar en la sociedad actual va a depender mucho de las redes sociales, \u201csabiendo usarlas para hacer llegar los mensajes de la nueva definici\u00f3n del PSOE a ra\u00edz de la victoria de Pedro S\u00e1nchez, que se coloca en una posici\u00f3n n\u00edtida de izquierda, y que tenemos que hacerlos llegar a la ciudadan\u00eda\u201d.<\/p>\n<p>El presidente extreme\u00f1o ha participado en una mesa redonda sobre \u201cPol\u00edticos y pol\u00edtica 2.0. \u00bfMedios convencionales o redes sociales?\u201d, dentro del programa de la XV edici\u00f3n de los cursos de verano de la Universidad Pablo de Olavide en Carmona. En dicha mesa, moderada por el presidente de la Asociaci\u00f3n de la Prensa de Sevilla, Rafael Rodr\u00edguez, han estado presentes tambi\u00e9n Antonio Ma\u00edllo, coordinador general de Izquierda Unida en Andaluc\u00eda; Pablo Casado, vicesecretario general de Comunicaci\u00f3n del Partido Popular; y Fernando de P\u00e1ramo, secretario de Comunicaci\u00f3n de Ciudadanos.<\/p>\n<p>En relaci\u00f3n al peso que las redes sociales tienen en el PSOE a la hora de transmitir sus iniciativas e ideario pol\u00edtico, Fern\u00e1ndez Vara cree que es parecido al del resto de partidos pol\u00edticos: \u201cNosotros hemos explotado las redes en el proceso de primarias internas, donde ha sido una manera de vernos y relacionarnos entre nosotros\u201d. Asimismo, reconoce que todos los partidos las utilizan \u201cporque la sociedad ya est\u00e1 ah\u00ed y la pol\u00edtica no es m\u00e1s que la consecuencia de lo que es la propia sociedad\u201d.<\/p>\n<p>Con respecto a si las elecciones se ganan en las redes sociales o contin\u00faa siendo muy importante el contacto con el electorado, Fern\u00e1ndez Vara ha asegurado que \u201csigue siendo muy importante el contacto, incorporando las redes sociales a ese contacto. Es decir, utilizando las redes sociales para llegar a la gente a la que nunca te encontrar\u00e1s por la calle y te la vas a encontrar en la plaza de la aldea digital, sobre todo a la gente joven. Las redes sociales son el instrumento para llegar al mundo de los j\u00f3venes de menos de 40 a\u00f1os\u201d.<\/p>\n<p>Lo cierto es que el uso de Twitter por parte de los pol\u00edticos, ha asegurado, \u201cpuede ser un arma de doble filo; como casi todo tiene sus riesgos, o te pasas o no llegas. Hay que intentar hacer un uso adecuado y equilibrado de las redes y adem\u00e1s de decir lo que uno piensa, hay que saber transmitirlo. La insinuaci\u00f3n es muy importante en las redes, eso que parece que dices, pero que no dices, y que ayuda a pensar. Sobre todo, hay que trasladar la verdad\u201d.<\/p>\n<p>Por \u00faltimo, ha manifestado que la comunicaci\u00f3n pol\u00edtica ha cambiado 180 grados desde sus inicios puesto que, seg\u00fan ha explicado, \u201cse ha pasado de un mundo donde todo se limitaba a una relaci\u00f3n muy unidireccional entre pol\u00edticos y medios tradicionales, a otro absolutamente multidireccional, donde todo va y viene por distintos conductos absolutamente nuevos y dif\u00edciles de predecir. En los \u00faltimos 15 a\u00f1os en Espa\u00f1a, la comunicaci\u00f3n ha sido muy importante en todos los niveles\u201d.<\/p>\n","protected":false},"excerpt":{"rendered":"<p>El presidente de la Junta de Extremadura, Guillermo Fern\u00e1ndez Vara, ha declarado que existe un mapa pol\u00edtico nuevo a nivel nacional que todav\u00eda se est\u00e1 reajustando \u201cy tenemos por delante seguir siendo un partido que de verdad pueda llegar al coraz\u00f3n de mucha gente y ser de mayor\u00edas. Pero estamos en pleno posicionamiento y reposicionamiento. El futuro del PSOE va a depender de muchos factores, entre otras cosas de nuestra capacidad de hacer las cosas bien y ser coherentes\u201d.<\/p>\n","protected":false},"author":14,"featured_media":0,"comment_status":"closed","ping_status":"open","sticky":false,"template":"","format":"standard","meta":{"_monsterinsights_skip_tracking":false,"_monsterinsights_sitenote_active":false,"_monsterinsights_sitenote_note":"","_monsterinsights_sitenote_category":0,"footnotes":""},"categories":[729],"tags":[4227,984,519,76,2292,20],"class_list":["post-21708963","post","type-post","status-publish","format-standard","hentry","category-cursos-verano","tag-guillermo-fernandez-vara","tag-medios-de-comunicacion","tag-olavide-en-carmona","tag-politica","tag-psoe","tag-redes-sociales"],"_links":{"self":[{"href":"https:\/\/www.upo.es\/diario\/wp-json\/wp\/v2\/posts\/21708963","targetHints":{"allow":["GET"]}}],"collection":[{"href":"https:\/\/www.upo.es\/diario\/wp-json\/wp\/v2\/posts"}],"about":[{"href":"https:\/\/www.upo.es\/diario\/wp-json\/wp\/v2\/types\/post"}],"author":[{"embeddable":true,"href":"https:\/\/www.upo.es\/diario\/wp-json\/wp\/v2\/users\/14"}],"replies":[{"embeddable":true,"href":"https:\/\/www.upo.es\/diario\/wp-json\/wp\/v2\/comments?post=21708963"}],"version-history":[{"count":1,"href":"https:\/\/www.upo.es\/diario\/wp-json\/wp\/v2\/posts\/21708963\/revisions"}],"predecessor-version":[{"id":30862909,"href":"https:\/\/www.upo.es\/diario\/wp-json\/wp\/v2\/posts\/21708963\/revisions\/30862909"}],"wp:attachment":[{"href":"https:\/\/www.upo.es\/diario\/wp-json\/wp\/v2\/media?parent=21708963"}],"wp:term":[{"taxonomy":"category","embeddable":true,"href":"https:\/\/www.upo.es\/diario\/wp-json\/wp\/v2\/categories?post=21708963"},{"taxonomy":"post_tag","embeddable":true,"href":"https:\/\/www.upo.es\/diario\/wp-json\/wp\/v2\/tags?post=21708963"}],"curies":[{"name":"wp","href":"https:\/\/api.w.org\/{rel}","templated":true}]}}