{"id":2172925,"date":"2013-12-04T06:45:25","date_gmt":"2013-12-04T06:45:25","guid":{"rendered":"https:\/\/www.upo.es\/diario\/?p=2172925"},"modified":"2013-12-05T08:03:33","modified_gmt":"2013-12-05T08:03:33","slug":"antonio-villar-aborda-manana-los-resultados-del-estudio-pisa-en-una-conferencia-en-la-upo","status":"publish","type":"post","link":"https:\/\/www.upo.es\/diario\/institucional\/2013\/12\/antonio-villar-aborda-manana-los-resultados-del-estudio-pisa-en-una-conferencia-en-la-upo\/","title":{"rendered":"Antonio Villar aborda hoy los resultados del estudio PISA en una conferencia en la UPO"},"content":{"rendered":"<figure id=\"attachment_2172926\" aria-describedby=\"caption-attachment-2172926\" style=\"width: 320px\" class=\"wp-caption alignright\"><a href=\"https:\/\/www.upo.es\/diario\/wp-content\/uploads\/2013\/12\/avillar1.jpg\"><img loading=\"lazy\" decoding=\"async\" class=\"size-medium wp-image-2172926\" alt=\"Antonio Villar es catedr\u00e1tico de An\u00e1lisis Econ\u00f3mico de la Universidad Pablo de Olavide .\" src=\"https:\/\/www.upo.es\/diario\/wp-content\/uploads\/2013\/12\/avillar1-320x213.jpg\" width=\"320\" height=\"213\" srcset=\"https:\/\/www.upo.es\/diario\/wp-content\/uploads\/2013\/12\/avillar1-320x213.jpg 320w, https:\/\/www.upo.es\/diario\/wp-content\/uploads\/2013\/12\/avillar1-1024x682.jpg 1024w, https:\/\/www.upo.es\/diario\/wp-content\/uploads\/2013\/12\/avillar1-600x400.jpg 600w\" sizes=\"auto, (max-width: 320px) 100vw, 320px\" \/><\/a><figcaption id=\"caption-attachment-2172926\" class=\"wp-caption-text\">Antonio Villar es catedr\u00e1tico de An\u00e1lisis Econ\u00f3mico de la Universidad Pablo de Olavide .<\/figcaption><\/figure>\n<p style=\"text-align: justify;\" align=\"center\">Hoy mi\u00e9rcoles 4 de diciembre, a las 16.30 horas en el aula B.04 del edificio 45 de la Universidad Pablo de Olavide, tendr\u00e1 lugar la conferencia \u201cLa educaci\u00f3n en tiempos de crisis: algo est\u00e1 cambiando\u201d a cargo de Antonio Villar, catedr\u00e1tico de de Fundamentos de An\u00e1lisis Econ\u00f3mico de la Universidad Pablo de Olavide, quien abordar\u00e1 los resultados del estudio PISA publicados ayer martes 3 de diciembre. Esta ponencia abrir\u00e1 el ciclo de conferencias \u00c1gora del presente curso, organizado por el M\u00e1ster Universitario Sociedad, Administraci\u00f3n y Pol\u00edtica.<\/p>\n<p><b>Antonio Villar<\/b> es doctor por la Universidad de Oxford y catedr\u00e1tico de Fundamentos de An\u00e1lisis Econ\u00f3mico de la Universidad Pablo de Olavide. Ha sido catedr\u00e1tico de la Universidad de Alicante desde 1989, donde ha desarrollado su trabajo hasta 2005, a\u00f1o en el que se incorpor\u00f3 a la UPO como \u201cinvestigador de reconocida val\u00eda\u201d. Ha sido profesor visitante en las universidades de Stanford, Oxford, York y en el Instituto Universitario Europeo de Florencia. En el a\u00f1o 2010, recibi\u00f3 el Premio Andaluc\u00eda de Investigaci\u00f3n en Ciencias Sociales y Humanidades. Una parte sustancial de su actividad ha estado relacionada con labores de evaluaci\u00f3n de la investigaci\u00f3n, entre las que destacan su participaci\u00f3n en la Agencia Nacional de Evaluaci\u00f3n y Prospectiva, la Comisi\u00f3n Nacional de Evaluaci\u00f3n de la Actividad Investigadora y la puesta en marcha del Programa Consolider-Ingenio 2010. A principios Ha sido nombrado miembro del Comit\u00e9 Asesor de Infraestructuras Singulares del Ministerio de Econom\u00eda. Sus temas de investigaci\u00f3n son el an\u00e1lisis input-output, la econom\u00eda del bienestar y la econom\u00eda aplicada. Ha participado y dirigido numerosos proyectos de investigaci\u00f3n competitivos de \u00e1mbito europeo, nacional y auton\u00f3mico, colaborando tambi\u00e9n en la organizaci\u00f3n de congresos internacionales y reuniones cient\u00edficas.<\/p>\n<p>La conferencia de Antonio Villar se organiza en el marco del m\u00f3dulo \u00c1gora del <a href=\"http:\/\/www.upo.es\/postgrado\/Master-Oficial-Sociedad-Administracion-y-Politica\">M\u00e1ster Universitario Sociedad, Administraci\u00f3n y Pol\u00edtica<\/a> de la Universidad Pablo de Olavide, que tiene como objetivo analizar los problemas sociopol\u00edticos actuales derivados de las relaciones cambiantes entre la pol\u00edtica, la administraci\u00f3n y una sociedad en transformaci\u00f3n continua.<\/p>\n","protected":false},"excerpt":{"rendered":"<p>Hoy mi\u00e9rcoles 4 de diciembre, a las 16.30 horas en el aula B.04 del edificio 45 de la Universidad Pablo de Olavide, tendr\u00e1 lugar la conferencia \u201cLa educaci\u00f3n en tiempos de crisis: algo est\u00e1 cambiando\u201d a cargo de Antonio Villar, catedr\u00e1tico de de Fundamentos de An\u00e1lisis Econ\u00f3mico de la Universidad Pablo de Olavide, quien abordar\u00e1 los resultados del estudio PISA publicados hoy martes 3 de diciembre. Esta ponencia abrir\u00e1 el ciclo de conferencias \u00c1gora del presente curso, organizado por el M\u00e1ster Universitario Sociedad, Administraci\u00f3n y Pol\u00edtica. <\/p>\n","protected":false},"author":2,"featured_media":0,"comment_status":"closed","ping_status":"open","sticky":false,"template":"","format":"standard","meta":{"_monsterinsights_skip_tracking":false,"_monsterinsights_sitenote_active":false,"_monsterinsights_sitenote_note":"","_monsterinsights_sitenote_category":0,"footnotes":""},"categories":[6],"tags":[227,144,465,859,118,1027],"class_list":["post-2172925","post","type-post","status-publish","format-standard","hentry","category-institucional","tag-conferencia","tag-crisis","tag-educacion","tag-estudio","tag-master","tag-pisa"],"_links":{"self":[{"href":"https:\/\/www.upo.es\/diario\/wp-json\/wp\/v2\/posts\/2172925","targetHints":{"allow":["GET"]}}],"collection":[{"href":"https:\/\/www.upo.es\/diario\/wp-json\/wp\/v2\/posts"}],"about":[{"href":"https:\/\/www.upo.es\/diario\/wp-json\/wp\/v2\/types\/post"}],"author":[{"embeddable":true,"href":"https:\/\/www.upo.es\/diario\/wp-json\/wp\/v2\/users\/2"}],"replies":[{"embeddable":true,"href":"https:\/\/www.upo.es\/diario\/wp-json\/wp\/v2\/comments?post=2172925"}],"version-history":[{"count":6,"href":"https:\/\/www.upo.es\/diario\/wp-json\/wp\/v2\/posts\/2172925\/revisions"}],"predecessor-version":[{"id":2172928,"href":"https:\/\/www.upo.es\/diario\/wp-json\/wp\/v2\/posts\/2172925\/revisions\/2172928"}],"wp:attachment":[{"href":"https:\/\/www.upo.es\/diario\/wp-json\/wp\/v2\/media?parent=2172925"}],"wp:term":[{"taxonomy":"category","embeddable":true,"href":"https:\/\/www.upo.es\/diario\/wp-json\/wp\/v2\/categories?post=2172925"},{"taxonomy":"post_tag","embeddable":true,"href":"https:\/\/www.upo.es\/diario\/wp-json\/wp\/v2\/tags?post=2172925"}],"curies":[{"name":"wp","href":"https:\/\/api.w.org\/{rel}","templated":true}]}}