{"id":21733400,"date":"2017-07-05T20:31:36","date_gmt":"2017-07-05T18:31:36","guid":{"rendered":"https:\/\/www.upo.es\/diario\/?p=21733400"},"modified":"2020-10-27T16:40:52","modified_gmt":"2020-10-27T15:40:52","slug":"joaquim-bosch-se-ha-producido-el-mayor-retroceso-de-derechos-y-libertades-de-la-historia-de-la-democracia","status":"publish","type":"post","link":"https:\/\/www.upo.es\/diario\/cursos-verano\/2017\/07\/joaquim-bosch-se-ha-producido-el-mayor-retroceso-de-derechos-y-libertades-de-la-historia-de-la-democracia\/","title":{"rendered":"Joaquim Bosch: \u201cSe ha producido el mayor retroceso de derechos y libertades de la historia de la democracia\u201d"},"content":{"rendered":"<figure id=\"attachment_21733401\" aria-describedby=\"caption-attachment-21733401\" style=\"width: 600px\" class=\"wp-caption aligncenter\"><a href=\"https:\/\/www.upo.es\/diario\/wp-content\/uploads\/2017\/07\/JoaquimBoschpatio.jpg\"><img loading=\"lazy\" decoding=\"async\" class=\"size-large wp-image-21733401\" alt=\"Joaquim Bosch en la sede de la UPO en Carmona\" src=\"https:\/\/www.upo.es\/diario\/wp-content\/uploads\/2017\/07\/JoaquimBoschpatio-600x426.jpg\" width=\"600\" height=\"426\" \/><\/a><figcaption id=\"caption-attachment-21733401\" class=\"wp-caption-text\">Joaquim Bosch en la sede de la UPO en Carmona<\/figcaption><\/figure>\n<p>Desde el inicio de la crisis, los espa\u00f1oles han soportado el deterioro econ\u00f3mico del sistema; sin embargo, seg\u00fan se\u00f1ala Joaquim Bosch, adem\u00e1s \u201cha ido acompa\u00f1ado de un impacto negativo en el \u00e1mbito de los derechos, como el derecho a la vivienda o buena parte de los derechos sociales\u201d. En el \u00e1mbito laboral, la esfera de protecci\u00f3n jur\u00eddica de los trabajadores \u201cse ha reducido a su m\u00ednima expresi\u00f3n\u201d. Asimismo, \u201cse han aprobado diversas reformas que han recortado las libertades de manera muy intensa. En conjunto en los \u00faltimos a\u00f1os, se ha producido el mayor retroceso de derechos y\u00a0 libertades de la historia de nuestra democracia\u201d, ha sostenido Bosch.<\/p>\n<p>Joaquim Bosch es jurista y magistrado espa\u00f1ol que desde 2012 a 2016 ocup\u00f3 el cargo de portavoz nacional de \u2018Jueces para la Democracia\u2019. Esta organizaci\u00f3n de juristas \u2013la tercera en n\u00famero de integrantes\u2013 se fund\u00f3 en 1982 y desde entonces se ha caracterizado por su l\u00ednea progresista, as\u00ed como la defensa de la independencia del poder judicial. El jurista ha realizado estas declaraciones en el marco del curso \u2018Periodismo y redes sociales\u2019 que se desarrolla en la Sede Olavide en Carmona-Rectora Rosario Valpuesta, dentro de la XV Edici\u00f3n de los Cursos de Verano de la Universidad Pablo de Olavide.<\/p>\n<p>Seg\u00fan el magistrado, el Estado de Derecho tiene que ser capaz de \u201cgarantizar\u201d la separaci\u00f3n de poderes en un momento en el que \u201cexisten importantes injerencias desde el \u00e1mbito pol\u00edtico\u201d a causa de los crecientes casos de corrupci\u00f3n. \u201cLas maniobras para intentar controlar el poder judicial est\u00e1n generando un enorme malestar en amplios sectores de la judicatura\u201d, ha a\u00f1adido, que se\u00f1ala como \u201casignatura pendiente\u201d de la democracia espa\u00f1ola \u201cla falta de medios para que los juzgados puedan resolver los asuntos en plazos razonables\u201d.<\/p>\n<p>En las \u00faltimas semanas, los medios de comunicaci\u00f3n se hac\u00edan eco de que m\u00e1s de 1.200 personas eran multadas al mes por \u201cfaltas de respeto\u201d a la autoridad. Estas multas se amparaban en la \u2018Ley Org\u00e1nica 4\/2015, de 30 de marzo, de protecci\u00f3n de la seguridad ciudadana\u2019, la llamada \u2018Ley Mordaza\u2019 que fue aprobada en 2015 con los votos del Partido Popular y la oposici\u00f3n del resto de grupos parlamentarios. Seg\u00fan Bosch, la promulgaci\u00f3n de esta ley se relaciona con los problemas econ\u00f3micos del pa\u00eds.<\/p>\n<p>\u201cEn un contexto de numerosas protestas ciudadanas, en lugar de propiciarse desde el poder pol\u00edtico un amplio debate sobre el origen, naturaleza y tratamiento de la crisis, se opt\u00f3 por criminalizar la disconformidad. Como si el ciudadano que discrepa fuera el enemigo\u201d, ha afirmado. Bosch, adem\u00e1s, a\u00f1ade que el poder judicial, anteriormente \u201chab\u00eda amparado en l\u00edneas generales las muestras de discrepancias sociales al ser ejercidas desde los derechos constitucionales vinculados a la cr\u00edtica\u201d. Por ese motivo, \u201cse impuls\u00f3 una norma con numerosos castigos administrativos, basados en multas desorbitadas, que permite al Gobierno eludir inicialmente el control judicial en materia de derechos fundamentales. As\u00ed, el poder pol\u00edtico se ha convertido en juez y parte sobre las cr\u00edticas que les afectan\u201d.<\/p>\n<p>Los avances tecnol\u00f3gicos y las nuevas formas de comunicaci\u00f3n est\u00e1n generando nuevos espacios de asamblea ajenos al control del Ejecutivo y al filtro que los medios de comunicaci\u00f3n realizan sobre las protestas ciudadanas. \u201cSe trata de un espacio que no permite el mismo control que se puede ejercer en buena parte de los medios tradicionales; fen\u00f3menos como el de la indignaci\u00f3n social no podr\u00edan explicarse sin las nuevas tecnolog\u00edas, los espacios virtuales y las redes sociales\u201d, ha aseverado Bosch.<\/p>\n<p>\u201cSi se aprueban normas para castigar la protesta ciudadana, no nos puede sorprender que una parte sustancial de su impacto se produzca en las redes\u201d, ha se\u00f1alado Bosch, que ha resaltado que desde el Ministerio del Interior se \u201chan practicado actuaciones selectivas, con un visible oportunismo, con la finalidad de escenificar un determinado discurso de orden p\u00fablico que satisface bastante a algunos sectores de la sociedad que han apoyado al gobierno actual\u201d.<\/p>\n<figure id=\"attachment_21733402\" aria-describedby=\"caption-attachment-21733402\" style=\"width: 320px\" class=\"wp-caption alignright\"><a href=\"https:\/\/www.upo.es\/diario\/wp-content\/uploads\/2017\/07\/JoaquimBoschmesa.jpg\"><img loading=\"lazy\" decoding=\"async\" class=\"size-medium wp-image-21733402\" alt=\"Joaquim Bosch (i) y Rafael Rodr\u00edguez (d)\" src=\"https:\/\/www.upo.es\/diario\/wp-content\/uploads\/2017\/07\/JoaquimBoschmesa-320x195.jpg\" width=\"320\" height=\"195\" \/><\/a><figcaption id=\"caption-attachment-21733402\" class=\"wp-caption-text\">Joaquim Bosch (i) y Rafael Rodr\u00edguez (d)<\/figcaption><\/figure>\n<p>Joaquim Bosch ha se\u00f1alado tambi\u00e9n que cree \u201cfirmemente\u201d en la independencia del poder judicial en los \u00f3rganos judiciales de base, a los que los jueces acceden a trav\u00e9s de oposici\u00f3n y concursos reglados, \u201csin deber el cargo a nadie\u201d. Sin embargo, \u201cla cuesti\u00f3n se complica en la composici\u00f3n de los altos tribunales y de los organismos de gobierno judicial en los que el poder pol\u00edtico ha podido intervenir de forma directa o indirecta. En algunos casos, ya ni se disimula el reparto de las cuotas entre los principales partidos, a pesar de las cr\u00edticas de las instituciones europeas o del descontento de la mayor parte de la judicatura\u201d.<\/p>\n<p>Por \u00faltimo, el magistrado y ex portavoz nacional de \u2018Jueces para la Democracia\u2019, ha concluido advirtiendo que: \u201cNo debemos consentir la erosi\u00f3n de la separaci\u00f3n de poderes porque es la base de cualquier Estado de Derecho con credibilidad institucional\u201d.<\/p>\n","protected":false},"excerpt":{"rendered":"<p>Desde el inicio de la crisis, los espa\u00f1oles han soportado el deterioro econ\u00f3mico del sistema; sin embargo, seg\u00fan se\u00f1ala Joaquim Bosch, adem\u00e1s \u201cha ido acompa\u00f1ado de un impacto negativo en el \u00e1mbito de los derechos, como el derecho a la vivienda o buena parte de los derechos sociales\u201d. En el \u00e1mbito laboral, la esfera de protecci\u00f3n jur\u00eddica de los trabajadores \u201cse ha reducido a su m\u00ednima expresi\u00f3n\u201d.<\/p>\n","protected":false},"author":14,"featured_media":0,"comment_status":"closed","ping_status":"open","sticky":false,"template":"","format":"standard","meta":{"_monsterinsights_skip_tracking":false,"_monsterinsights_sitenote_active":false,"_monsterinsights_sitenote_note":"","_monsterinsights_sitenote_category":0,"footnotes":""},"categories":[729],"tags":[22,4235,4236,4233,4234,519,637],"class_list":["post-21733400","post","type-post","status-publish","format-standard","hentry","category-cursos-verano","tag-cursos-de-verano","tag-derechos-y-libertades","tag-estado-de-derecho","tag-joaquim-bosch","tag-jueces-para-la-democracia","tag-olavide-en-carmona","tag-poder-judicial"],"_links":{"self":[{"href":"https:\/\/www.upo.es\/diario\/wp-json\/wp\/v2\/posts\/21733400","targetHints":{"allow":["GET"]}}],"collection":[{"href":"https:\/\/www.upo.es\/diario\/wp-json\/wp\/v2\/posts"}],"about":[{"href":"https:\/\/www.upo.es\/diario\/wp-json\/wp\/v2\/types\/post"}],"author":[{"embeddable":true,"href":"https:\/\/www.upo.es\/diario\/wp-json\/wp\/v2\/users\/14"}],"replies":[{"embeddable":true,"href":"https:\/\/www.upo.es\/diario\/wp-json\/wp\/v2\/comments?post=21733400"}],"version-history":[{"count":1,"href":"https:\/\/www.upo.es\/diario\/wp-json\/wp\/v2\/posts\/21733400\/revisions"}],"predecessor-version":[{"id":30862908,"href":"https:\/\/www.upo.es\/diario\/wp-json\/wp\/v2\/posts\/21733400\/revisions\/30862908"}],"wp:attachment":[{"href":"https:\/\/www.upo.es\/diario\/wp-json\/wp\/v2\/media?parent=21733400"}],"wp:term":[{"taxonomy":"category","embeddable":true,"href":"https:\/\/www.upo.es\/diario\/wp-json\/wp\/v2\/categories?post=21733400"},{"taxonomy":"post_tag","embeddable":true,"href":"https:\/\/www.upo.es\/diario\/wp-json\/wp\/v2\/tags?post=21733400"}],"curies":[{"name":"wp","href":"https:\/\/api.w.org\/{rel}","templated":true}]}}