{"id":2181122,"date":"2013-12-05T08:10:38","date_gmt":"2013-12-05T08:10:38","guid":{"rendered":"https:\/\/www.upo.es\/diario\/?p=2181122"},"modified":"2013-12-05T12:22:15","modified_gmt":"2013-12-05T12:22:15","slug":"manana-en-la-upo-taller-practico-sobre-como-realizar-una-reanimacion-caridiopulmonar","status":"publish","type":"post","link":"https:\/\/www.upo.es\/diario\/institucional\/2013\/12\/manana-en-la-upo-taller-practico-sobre-como-realizar-una-reanimacion-caridiopulmonar\/","title":{"rendered":"Hoy en la UPO, taller pr\u00e1ctico sobre c\u00f3mo realizar una reanimaci\u00f3n caridiopulmonar"},"content":{"rendered":"<figure id=\"attachment_2189856\" aria-describedby=\"caption-attachment-2189856\" style=\"width: 320px\" class=\"wp-caption alignright\"><a href=\"https:\/\/www.upo.es\/diario\/wp-content\/uploads\/2013\/12\/jreanimacion051213.jpg\"><img loading=\"lazy\" decoding=\"async\" class=\"size-medium wp-image-2189856\" alt=\"Sesi\u00f3n pr\u00e1ctica de reanimaci\u00f3n caridiopulmonar\" src=\"https:\/\/www.upo.es\/diario\/wp-content\/uploads\/2013\/12\/jreanimacion051213-320x215.jpg\" width=\"320\" height=\"215\" srcset=\"https:\/\/www.upo.es\/diario\/wp-content\/uploads\/2013\/12\/jreanimacion051213-320x215.jpg 320w, https:\/\/www.upo.es\/diario\/wp-content\/uploads\/2013\/12\/jreanimacion051213-1024x688.jpg 1024w, https:\/\/www.upo.es\/diario\/wp-content\/uploads\/2013\/12\/jreanimacion051213-600x403.jpg 600w\" sizes=\"auto, (max-width: 320px) 100vw, 320px\" \/><\/a><figcaption id=\"caption-attachment-2189856\" class=\"wp-caption-text\">Sesi\u00f3n pr\u00e1ctica de reanimaci\u00f3n cardiopulmonar<\/figcaption><\/figure>\n<p>Hoy jueves,\u00a0<b>en cuatro sesiones sucesivas de una hora de duraci\u00f3n, la primera a las 9 horas<\/b>, ha tenido lugar en la Universidad Pablo de Olavide la\u00a0<b>I Jornada masiva de Reanimaci\u00f3n Cardiopulmonar B\u00e1sica (RCP)<\/b>. Con la colaboraci\u00f3n de los Servicios de Emergencias Sanitarias 061, el Servicio de Prevenci\u00f3n de Riesgos Laborales de la UPO ha organizado unas sesiones formativas, eminentemente pr\u00e1cticas, con el objetivo de dar a conocer los principios que pueden salvar una vida realizando una reanimaci\u00f3n cardiopulmonar.<\/p>\n<p>La Jornada, de asistencia gratuita, ha tenido una alta tasa de participaci\u00f3n, con una\u00a0afluencia media \u00a0de \u00a0300 participantes, entre\u00a0profesorado, estudiantes y personal de administraci\u00f3n. La primera sesi\u00f3n de las cuatro previstas comenz\u00f3 a las 9 horas en el pabell\u00f3n deportivo n\u00famero 38, concluyendo la Jornada a las 13 horas con el cuarto y \u00faltimo grupo.<\/p>\n<p>M\u00e1s informaci\u00f3n:\u00a0<a href=\"http:\/\/www.upo.es\/sprl\/comunidad\/formacion\/rcp\/\">www.upo.es\/sprl\/comunidad\/formacion\/rcp\/<\/a><\/p>\n","protected":false},"excerpt":{"rendered":"<p>Hoy jueves, en cuatro sesiones sucesivas de una hora de duraci\u00f3n, la primera a las 9 horas, han tenido lugar en la Universidad Pablo de Olavide la I Jornada masiva de Reanimaci\u00f3n Cardiopulmonar B\u00e1sica (RCP). <\/p>\n","protected":false},"author":6,"featured_media":0,"comment_status":"closed","ping_status":"open","sticky":false,"template":"","format":"standard","meta":{"_monsterinsights_skip_tracking":false,"_monsterinsights_sitenote_active":false,"_monsterinsights_sitenote_note":"","_monsterinsights_sitenote_category":0,"footnotes":""},"categories":[6],"tags":[514,347,218,279],"class_list":["post-2181122","post","type-post","status-publish","format-standard","hentry","category-institucional","tag-jornada","tag-prevencion","tag-salud","tag-taller"],"_links":{"self":[{"href":"https:\/\/www.upo.es\/diario\/wp-json\/wp\/v2\/posts\/2181122","targetHints":{"allow":["GET"]}}],"collection":[{"href":"https:\/\/www.upo.es\/diario\/wp-json\/wp\/v2\/posts"}],"about":[{"href":"https:\/\/www.upo.es\/diario\/wp-json\/wp\/v2\/types\/post"}],"author":[{"embeddable":true,"href":"https:\/\/www.upo.es\/diario\/wp-json\/wp\/v2\/users\/6"}],"replies":[{"embeddable":true,"href":"https:\/\/www.upo.es\/diario\/wp-json\/wp\/v2\/comments?post=2181122"}],"version-history":[{"count":6,"href":"https:\/\/www.upo.es\/diario\/wp-json\/wp\/v2\/posts\/2181122\/revisions"}],"predecessor-version":[{"id":2181126,"href":"https:\/\/www.upo.es\/diario\/wp-json\/wp\/v2\/posts\/2181122\/revisions\/2181126"}],"wp:attachment":[{"href":"https:\/\/www.upo.es\/diario\/wp-json\/wp\/v2\/media?parent=2181122"}],"wp:term":[{"taxonomy":"category","embeddable":true,"href":"https:\/\/www.upo.es\/diario\/wp-json\/wp\/v2\/categories?post=2181122"},{"taxonomy":"post_tag","embeddable":true,"href":"https:\/\/www.upo.es\/diario\/wp-json\/wp\/v2\/tags?post=2181122"}],"curies":[{"name":"wp","href":"https:\/\/api.w.org\/{rel}","templated":true}]}}