{"id":21834667,"date":"2017-07-10T08:50:40","date_gmt":"2017-07-10T06:50:40","guid":{"rendered":"https:\/\/www.upo.es\/diario\/?p=21834667"},"modified":"2020-10-27T16:41:31","modified_gmt":"2020-10-27T15:41:31","slug":"ceremonia-de-egresados-de-las-lineas-2-y-3-del-grado-en-trabajo-social","status":"publish","type":"post","link":"https:\/\/www.upo.es\/diario\/institucional\/2017\/07\/ceremonia-de-egresados-de-las-lineas-2-y-3-del-grado-en-trabajo-social\/","title":{"rendered":"Ceremonia de Egresados de las L\u00edneas 2 y 3 del Grado en Trabajo Social"},"content":{"rendered":"<figure id=\"attachment_21834668\" aria-describedby=\"caption-attachment-21834668\" style=\"width: 600px\" class=\"wp-caption aligncenter\"><a href=\"https:\/\/www.upo.es\/diario\/wp-content\/uploads\/2017\/07\/170707-UPO_056.jpg\"><img loading=\"lazy\" decoding=\"async\" class=\"size-large wp-image-21834668\" alt=\"Ceremonia de egresados en el Paraninfo\" src=\"https:\/\/www.upo.es\/diario\/wp-content\/uploads\/2017\/07\/170707-UPO_056-600x400.jpg\" width=\"600\" height=\"400\" \/><\/a><figcaption id=\"caption-attachment-21834668\" class=\"wp-caption-text\">Ceremonia de egresados en el Paraninfo<\/figcaption><\/figure>\n<p>Las ceremonias de egresados de las L\u00edneas 2 y 3 de la promoci\u00f3n 2013-2017 del Grado en Trabajo Social se celebr\u00f3 el viernes 7 de julio en el Paraninfo de la Universidad Pablo de Olavide, presidida por la decana de la Facultad de Ciencias Sociales, <b>Rosa Mar\u00eda D\u00edaz Jim\u00e9nez<\/b>.<\/p>\n<p>El padrino de la promoci\u00f3n de la L\u00ednea 2 fue <b>Valent\u00edn Gonz\u00e1lez Calvo<\/b>, profesor del \u00c1rea de Trabajo Social y Servicios Sociales de la Universidad Pablo de Olavide; y la madrina de la promoci\u00f3n de la L\u00ednea 3 fue <b>Rosa Mar\u00eda Varela Garay<\/b>, profesora de la misma \u00c1rea. A la ceremonia tambi\u00e9n asistieron <b>Beatriz Mac\u00edas G\u00f3mez-Estern<\/b>, vicedecana de Relaciones Internacionales, Movilidad y Empleabilidad de la Facultad de Ciencias Sociales de la Universidad Pablo de Olavide;y <b>Estrella Abolafio Moreno<\/b>, directora acad\u00e9mica del Grado en Trabajo Social.<\/p>\n<figure id=\"attachment_21834669\" aria-describedby=\"caption-attachment-21834669\" style=\"width: 320px\" class=\"wp-caption alignright\"><a href=\"https:\/\/www.upo.es\/diario\/wp-content\/uploads\/2017\/07\/170707-UPO_006.jpg\"><img loading=\"lazy\" decoding=\"async\" class=\"size-medium wp-image-21834669\" alt=\"Mesa presidencial de la ceremonia de egresados\" src=\"https:\/\/www.upo.es\/diario\/wp-content\/uploads\/2017\/07\/170707-UPO_006-320x213.jpg\" width=\"320\" height=\"213\" \/><\/a><figcaption id=\"caption-attachment-21834669\" class=\"wp-caption-text\">Mesa presidencial de la ceremonia de egresados<\/figcaption><\/figure>\n<p>Un total de 67 egresados y egresadas asistieron, junto a sus familiares, a este acto con el que la Universidad Pablo de Olavide recupera una antigua tradici\u00f3n de las universidades europeas.<\/p>\n","protected":false},"excerpt":{"rendered":"<p>Las ceremonias de egresados de las L\u00edneas 2 y 3 de la promoci\u00f3n 2013-2017 del Grado en Trabajo Social se celebr\u00f3 el viernes 7 de julio en el Paraninfo de la Universidad Pablo de Olavide, presidida por la decana de la Facultad de Ciencias Sociales, Rosa Mar\u00eda D\u00edaz Jim\u00e9nez.<\/p>\n","protected":false},"author":14,"featured_media":0,"comment_status":"closed","ping_status":"open","sticky":false,"template":"","format":"standard","meta":{"_monsterinsights_skip_tracking":false,"_monsterinsights_sitenote_active":false,"_monsterinsights_sitenote_note":"","_monsterinsights_sitenote_category":0,"footnotes":""},"categories":[6],"tags":[4242,581,487,1457],"class_list":["post-21834667","post","type-post","status-publish","format-standard","hentry","category-institucional","tag-area-de-trabajo-social-y-servicios-sociales","tag-ceremonia-de-egresados","tag-facultad-ciencias-sociales","tag-grado-en-trabajo-social"],"_links":{"self":[{"href":"https:\/\/www.upo.es\/diario\/wp-json\/wp\/v2\/posts\/21834667","targetHints":{"allow":["GET"]}}],"collection":[{"href":"https:\/\/www.upo.es\/diario\/wp-json\/wp\/v2\/posts"}],"about":[{"href":"https:\/\/www.upo.es\/diario\/wp-json\/wp\/v2\/types\/post"}],"author":[{"embeddable":true,"href":"https:\/\/www.upo.es\/diario\/wp-json\/wp\/v2\/users\/14"}],"replies":[{"embeddable":true,"href":"https:\/\/www.upo.es\/diario\/wp-json\/wp\/v2\/comments?post=21834667"}],"version-history":[{"count":1,"href":"https:\/\/www.upo.es\/diario\/wp-json\/wp\/v2\/posts\/21834667\/revisions"}],"predecessor-version":[{"id":30862907,"href":"https:\/\/www.upo.es\/diario\/wp-json\/wp\/v2\/posts\/21834667\/revisions\/30862907"}],"wp:attachment":[{"href":"https:\/\/www.upo.es\/diario\/wp-json\/wp\/v2\/media?parent=21834667"}],"wp:term":[{"taxonomy":"category","embeddable":true,"href":"https:\/\/www.upo.es\/diario\/wp-json\/wp\/v2\/categories?post=21834667"},{"taxonomy":"post_tag","embeddable":true,"href":"https:\/\/www.upo.es\/diario\/wp-json\/wp\/v2\/tags?post=21834667"}],"curies":[{"name":"wp","href":"https:\/\/api.w.org\/{rel}","templated":true}]}}